{"id":946,"date":"2009-08-10T14:38:43","date_gmt":"2009-08-10T14:38:43","guid":{"rendered":"http:\/\/claudiobr.wordpress.com\/?p=946"},"modified":"2009-08-10T14:38:43","modified_gmt":"2009-08-10T14:38:43","slug":"limite-vertical-c-e-l-v","status":"publish","type":"post","link":"https:\/\/yuri.com.br\/claudio\/2009\/08\/10\/limite-vertical-c-e-l-v\/","title":{"rendered":"Limite Vertical (C.E.L.V.)"},"content":{"rendered":"<p>A <a href=\"http:\/\/www.celimitevertical.com\/\" target=\"_blank\">Limite Vertical (C.E.L.V.)<\/a> \u00e9 um tradicional reduto underground de escaladores aqui no RJ\/capital, onde vc pode treinar, arrumar parcerias ou simplesmente bater aquele bom papo &#8220;et\u00edlico&#8221; entre amigos.<\/p>\n<p>Uns dias atr\u00e1s o <a href=\"http:\/\/naokiarima.com\" target=\"_blank\">Naoki<\/a> me pilhou pra fazer umas fotos por l\u00e1, ent\u00e3o na \u00faltima quinta-feira levei meus flashes e difusores e improvisamos uma session &#8220;fotogr\u00e1fica&#8221; em uma das caves de boulder. Conforme ele <a href=\"http:\/\/naokiarima.com\/blogwp\/?p=957\" target=\"_blank\">relatou<\/a>, &#8216;embelezar&#8217; uma imagem de escalada em um ambiente bastante pequeno \u00e9 dif\u00edcil, mas foi um bom exerc\u00edcio&#8230;<\/p>\n<p>Confesso que fiquei com vontade de voltar l\u00e1 pra registrar melhor a atmosfera local, talvez os outros ambientes da casa e o pessoal que por ali passa.<\/p>\n<p><a href=\"http:\/\/www.flickr.com\/photos\/cbrisighello\/3808027430\/\"><img loading=\"lazy\" decoding=\"async\" class=\"aligncenter\" title=\"Naoki\" src=\"http:\/\/farm3.static.flickr.com\/2576\/3808027430_07475e2319.jpg\" alt=\"\" width=\"500\" height=\"333\" \/><\/a><\/p>\n<p><a href=\"http:\/\/www.flickr.com\/photos\/cbrisighello\/3808026652\/\"><img loading=\"lazy\" decoding=\"async\" class=\"aligncenter\" title=\"Yuri\" src=\"http:\/\/farm4.static.flickr.com\/3446\/3808026652_1e804dd76a.jpg\" alt=\"\" width=\"500\" height=\"333\" \/><\/a><br \/>\nA t\u00edtulo de refer\u00eancia: nesta imagem abaixo, utilizei uma sombrinha prateada refletora, no canto superior esquerdo (valeu Alexis por segur\u00e1-la). A foto foi tirada de cima para baixo (sobre uma cadeira). No flash temos um gel CTO (Color Temperature Orange) para corre\u00e7\u00e3o da luz branca.<\/p>\n<p style=\"text-align:center;\"><a href=\"http:\/\/www.flickr.com\/photos\/cbrisighello\/3807213381\/\"><img loading=\"lazy\" decoding=\"async\" class=\"aligncenter\" title=\"Limite\/UBT promo\" src=\"http:\/\/farm3.static.flickr.com\/2615\/3807213381_ec3a46967d_o.jpg\" alt=\"\" width=\"480\" height=\"720\" \/><\/a><\/p>\n<p>Boa semana a todos!<\/p>\n","protected":false},"excerpt":{"rendered":"<p>A Limite Vertical (C.E.L.V.) \u00e9 um tradicional reduto underground de escaladores aqui no RJ\/capital, onde vc pode treinar, arrumar parcerias ou simplesmente bater aquele bom papo &#8220;et\u00edlico&#8221; entre amigos. Uns dias atr\u00e1s o Naoki me pilhou pra fazer umas fotos por l\u00e1, ent\u00e3o na \u00faltima quinta-feira levei meus flashes e difusores e improvisamos uma session&hellip;&nbsp;<a href=\"https:\/\/yuri.com.br\/claudio\/2009\/08\/10\/limite-vertical-c-e-l-v\/\" rel=\"bookmark\">Continue a ler &raquo;<span class=\"screen-reader-text\">Limite Vertical (C.E.L.V.)<\/span><\/a><\/p>\n","protected":false},"author":2,"featured_media":0,"comment_status":"open","ping_status":"open","sticky":false,"template":"","format":"standard","meta":{"neve_meta_sidebar":"","neve_meta_container":"","neve_meta_enable_content_width":"","neve_meta_content_width":0,"neve_meta_title_alignment":"","neve_meta_author_avatar":"","neve_post_elements_order":"","neve_meta_disable_header":"","neve_meta_disable_footer":"","neve_meta_disable_title":"","jetpack_post_was_ever_published":false,"_jetpack_newsletter_access":"","_jetpack_dont_email_post_to_subs":false,"_jetpack_newsletter_tier_id":0,"_jetpack_memberships_contains_paywalled_content":false,"_jetpack_memberships_contains_paid_content":false,"footnotes":"","jetpack_publicize_message":"","jetpack_publicize_feature_enabled":true,"jetpack_social_post_already_shared":false,"jetpack_social_options":{"image_generator_settings":{"template":"highway","default_image_id":0,"font":"","enabled":false},"version":2}},"categories":[3],"tags":[],"class_list":["post-946","post","type-post","status-publish","format-standard","hentry","category-escalada"],"jetpack_publicize_connections":[],"jetpack_featured_media_url":"","jetpack_shortlink":"https:\/\/wp.me\/p4i7cB-fg","jetpack_sharing_enabled":true,"jetpack-related-posts":[{"id":313,"url":"https:\/\/yuri.com.br\/claudio\/2008\/12\/03\/bazar-de-natal-da-limite-vertical-2008\/","url_meta":{"origin":946,"position":0},"title":"Bazar de Natal da Limite Vertical 2008","author":"claudio","date":"3\/dez\/2008","format":false,"excerpt":"Divulgando: ps: o v\u00eddeo, os boulders e a discotecagem do dia ser\u00e3o por minha conta! (gde m**rda, mas COMPARE\u00c7AM!!! :-)) A Limite Vertical tem o prazer de apresentar o seu 1o. Bazar de Natal! Se voc\u00ea precisa comprar presentes para os amigos escaladores (e n\u00e3o escaladores tamb\u00e9m!), esta \u00e9 a\u2026","rel":"","context":"Em &quot;Escalada&quot;","block_context":{"text":"Escalada","link":"https:\/\/yuri.com.br\/claudio\/category\/escalada\/"},"img":{"alt_text":"","src":"https:\/\/i0.wp.com\/yuri.com.br\/claudio\/wp-content\/uploads\/2008\/12\/bazar_internet.jpg?resize=350%2C200&ssl=1","width":350,"height":200,"srcset":"https:\/\/i0.wp.com\/yuri.com.br\/claudio\/wp-content\/uploads\/2008\/12\/bazar_internet.jpg?resize=350%2C200&ssl=1 1x, https:\/\/i0.wp.com\/yuri.com.br\/claudio\/wp-content\/uploads\/2008\/12\/bazar_internet.jpg?resize=525%2C300&ssl=1 1.5x, https:\/\/i0.wp.com\/yuri.com.br\/claudio\/wp-content\/uploads\/2008\/12\/bazar_internet.jpg?resize=700%2C400&ssl=1 2x"},"classes":[]},{"id":327,"url":"https:\/\/yuri.com.br\/claudio\/2008\/12\/15\/bazar-de-natal-da-limite-vertical-2008-sucesso\/","url_meta":{"origin":946,"position":1},"title":"Bazar de Natal da Limite Vertical 2008 &#8211; SUCESSO","author":"claudio","date":"15\/dez\/2008","format":false,"excerpt":"A 1a. edi\u00e7\u00e3o do \"bazar de natal + mercado de equipos usados + desafio de boulder\", realizado no \u00faltimo s\u00e1bado na Limite Vertical, superou as expectativas. Houve uma enorme circula\u00e7\u00e3o de pessoas (muitas jamais vistas) durante v\u00e1rias horas, expositores vendendo e se divulgando, muita m\u00fasica, o bar bombando e a\u2026","rel":"","context":"Em &quot;Escalada&quot;","block_context":{"text":"Escalada","link":"https:\/\/yuri.com.br\/claudio\/category\/escalada\/"},"img":{"alt_text":"","src":"","width":0,"height":0},"classes":[]},{"id":254,"url":"https:\/\/yuri.com.br\/claudio\/2008\/10\/31\/sobre-o-campeonato-estadual-de-boulder-rj-2008\/","url_meta":{"origin":946,"position":2},"title":"Sobre o Campeonato Estadual de Boulder RJ 2008","author":"claudio","date":"31\/out\/2008","format":false,"excerpt":"Neste m\u00eas de outubro\u00a0terminou o Campeonato Estadual de Escalada (Boulder) do RJ 2008. Sobre os resultados oficiais eu indico 2 artigos: Blog da Lojinha de Escalada Blog do Caio Gomes E clicando neste link pode-se conferir algumas fotos que fiz desta \u00faltima etapa na Limite Vertical. Aproveito este espa\u00e7o para\u2026","rel":"","context":"Em &quot;Escalada&quot;","block_context":{"text":"Escalada","link":"https:\/\/yuri.com.br\/claudio\/category\/escalada\/"},"img":{"alt_text":"","src":"https:\/\/i0.wp.com\/yuri.com.br\/claudio\/wp-content\/uploads\/2008\/10\/jornaldossports_estadualrj2008.jpg?resize=350%2C200&ssl=1","width":350,"height":200,"srcset":"https:\/\/i0.wp.com\/yuri.com.br\/claudio\/wp-content\/uploads\/2008\/10\/jornaldossports_estadualrj2008.jpg?resize=350%2C200&ssl=1 1x, https:\/\/i0.wp.com\/yuri.com.br\/claudio\/wp-content\/uploads\/2008\/10\/jornaldossports_estadualrj2008.jpg?resize=525%2C300&ssl=1 1.5x, https:\/\/i0.wp.com\/yuri.com.br\/claudio\/wp-content\/uploads\/2008\/10\/jornaldossports_estadualrj2008.jpg?resize=700%2C400&ssl=1 2x"},"classes":[]},{"id":201,"url":"https:\/\/yuri.com.br\/claudio\/2008\/09\/09\/iii-etapa-do-campeonato-estadualrj-de-boulder-2008-nova-friburgo\/","url_meta":{"origin":946,"position":3},"title":"III Etapa do Campeonato Estadual\/RJ de Boulder 2008 &#8211; Nova Friburgo","author":"claudio","date":"9\/set\/2008","format":false,"excerpt":"\"Bom Pessoal, como todos estavam esperando a\u00ed est\u00e1 o convite para a etapa de boulder aqui da Planeta Vertical. Contamos com a vinda dos atletas participantes do ranking e aqueles que queiram tamb\u00e9m prestigiar essa etapa\" - Leandro S. Nogueira \/ Planeta Vertical 13 de Setembro a partir das 9:30\u2026","rel":"","context":"Em &quot;Escalada&quot;","block_context":{"text":"Escalada","link":"https:\/\/yuri.com.br\/claudio\/category\/escalada\/"},"img":{"alt_text":"","src":"","width":0,"height":0},"classes":[]},{"id":244,"url":"https:\/\/yuri.com.br\/claudio\/2008\/09\/27\/mixtape-9\/","url_meta":{"origin":946,"position":4},"title":"mixtape #9","author":"claudio","date":"27\/set\/2008","format":false,"excerpt":"Mais uma fitinha, ainda n\u00e3o sei direito por que publico isso aqui... mas eu curto fazer esses sets, pra dar uma pilhada no povo. Quem quiser conferir \"ao vivo\", estas s\u00e3o as sonzeiras que animam muitas sessions l\u00e1 na Limite Vertical, no RJ. Stay tuned! mixtape #9 VNV Nation -\u2026","rel":"","context":"Em &quot;M\u00fasica&quot;","block_context":{"text":"M\u00fasica","link":"https:\/\/yuri.com.br\/claudio\/category\/musica\/"},"img":{"alt_text":"","src":"","width":0,"height":0},"classes":[]},{"id":7249,"url":"https:\/\/yuri.com.br\/claudio\/2014\/02\/10\/derretidos\/","url_meta":{"origin":946,"position":5},"title":"Derretidos","author":"Cl\u00e1udio Brisighello","date":"10\/fev\/2014","format":false,"excerpt":"Em meus registros faltava uma homenagem a este que \u00e9 um dos blocos mais lindos que eu j\u00e1 vi, o Derretidos no Aranha. Dif\u00edcil \u00e9 transmitir tamanha beleza pela fotografia, um combust\u00edvel que move os fot\u00f3grafos mundo afora. Confesso que n\u00e3o curto muito esta orienta\u00e7\u00e3o vertical da imagem, mas tenho\u2026","rel":"","context":"Em &quot;Escalada&quot;","block_context":{"text":"Escalada","link":"https:\/\/yuri.com.br\/claudio\/category\/escalada\/"},"img":{"alt_text":"","src":"https:\/\/i0.wp.com\/yuri.com.br\/claudio\/wp-content\/uploads\/2014\/02\/Aranha_Derretidos.jpg?resize=350%2C200&ssl=1","width":350,"height":200},"classes":[]}],"_links":{"self":[{"href":"https:\/\/yuri.com.br\/claudio\/wp-json\/wp\/v2\/posts\/946","targetHints":{"allow":["GET"]}}],"collection":[{"href":"https:\/\/yuri.com.br\/claudio\/wp-json\/wp\/v2\/posts"}],"about":[{"href":"https:\/\/yuri.com.br\/claudio\/wp-json\/wp\/v2\/types\/post"}],"author":[{"embeddable":true,"href":"https:\/\/yuri.com.br\/claudio\/wp-json\/wp\/v2\/users\/2"}],"replies":[{"embeddable":true,"href":"https:\/\/yuri.com.br\/claudio\/wp-json\/wp\/v2\/comments?post=946"}],"version-history":[{"count":0,"href":"https:\/\/yuri.com.br\/claudio\/wp-json\/wp\/v2\/posts\/946\/revisions"}],"wp:attachment":[{"href":"https:\/\/yuri.com.br\/claudio\/wp-json\/wp\/v2\/media?parent=946"}],"wp:term":[{"taxonomy":"category","embeddable":true,"href":"https:\/\/yuri.com.br\/claudio\/wp-json\/wp\/v2\/categories?post=946"},{"taxonomy":"post_tag","embeddable":true,"href":"https:\/\/yuri.com.br\/claudio\/wp-json\/wp\/v2\/tags?post=946"}],"curies":[{"name":"wp","href":"https:\/\/api.w.org\/{rel}","templated":true}]}}