{"id":939,"date":"2009-08-18T13:05:13","date_gmt":"2009-08-18T13:05:13","guid":{"rendered":"http:\/\/claudiobr.wordpress.com\/?p=939"},"modified":"2009-08-18T13:05:13","modified_gmt":"2009-08-18T13:05:13","slug":"flickr","status":"publish","type":"post","link":"https:\/\/yuri.com.br\/claudio\/2009\/08\/18\/flickr\/","title":{"rendered":"Flickr"},"content":{"rendered":"<p>Separei algumas fotos &#8216;favoritadas&#8217; no <a href=\"http:\/\/www.flickr.com\" target=\"_blank\">Flickr<\/a>, este site que vai bem al\u00e9m do conceito de simples &#8220;\u00e1lbum pessoal de fotografias&#8221;&#8230; quando faltar inspira\u00e7\u00e3o, d\u00e1 uma fu\u00e7ada por l\u00e1 :-)<\/p>\n<p style=\"text-align:center;\"><a href=\"http:\/\/www.flickr.com\/photos\/babykailan\/375532425\"><img loading=\"lazy\" decoding=\"async\" class=\"aligncenter\" title=\"Flickr\" src=\"http:\/\/farm1.static.flickr.com\/173\/375532425_c555c60969_m.jpg\" alt=\"\" width=\"240\" height=\"240\" \/><\/a><\/p>\n<p style=\"text-align:center;\"><a href=\"http:\/\/www.flickr.com\/photos\/jandiro\/2195269157\/\"><img loading=\"lazy\" decoding=\"async\" class=\"aligncenter\" title=\"Flickr\" src=\"http:\/\/farm3.static.flickr.com\/2189\/2195269157_58edf98505.jpg\" alt=\"\" width=\"500\" height=\"333\" \/><\/a><\/p>\n<p style=\"text-align:center;\"><a href=\"http:\/\/www.flickr.com\/photos\/ladzinski\/2945132476\/\"><img loading=\"lazy\" decoding=\"async\" class=\"aligncenter\" title=\"Flickr\" src=\"http:\/\/farm4.static.flickr.com\/3293\/2945132476_1a69dfd9e5.jpg\" alt=\"Flickr\" width=\"500\" height=\"332\" \/><\/a><\/p>\n<p><a href=\"http:\/\/www.flickr.com\/photos\/pats0n\/2659473770\/\"><img loading=\"lazy\" decoding=\"async\" class=\"aligncenter\" title=\"Flickr\" src=\"http:\/\/farm4.static.flickr.com\/3114\/2659473770_4c20511eb2.jpg\" alt=\"\" width=\"500\" height=\"328\" \/><\/a><\/p>\n<p><a href=\"http:\/\/www.flickr.com\/photos\/vogelium\/3522310843\/\"><img loading=\"lazy\" decoding=\"async\" class=\"aligncenter\" title=\"Flickr\" src=\"http:\/\/farm4.static.flickr.com\/3646\/3522310843_d259114297.jpg\" alt=\"\" width=\"500\" height=\"342\" \/><\/a><\/p>\n<p><a href=\"http:\/\/www.flickr.com\/photos\/arwan\/2623432639\/\"><img loading=\"lazy\" decoding=\"async\" class=\"aligncenter\" title=\"Flickr\" src=\"http:\/\/farm4.static.flickr.com\/3044\/2623432639_5303a9e230.jpg\" alt=\"\" width=\"333\" height=\"500\" \/><\/a><\/p>\n<p>Slideshow <a href=\"http:\/\/www.flickr.com\/photos\/cbrisighello\/favorites\/show\/\" target=\"_blank\">aqui<\/a>.<\/p>\n","protected":false},"excerpt":{"rendered":"<p>Separei algumas fotos &#8216;favoritadas&#8217; no Flickr, este site que vai bem al\u00e9m do conceito de simples &#8220;\u00e1lbum pessoal de fotografias&#8221;&#8230; quando faltar inspira\u00e7\u00e3o, d\u00e1 uma fu\u00e7ada por l\u00e1 :-) Slideshow aqui.<\/p>\n","protected":false},"author":2,"featured_media":0,"comment_status":"open","ping_status":"open","sticky":false,"template":"","format":"standard","meta":{"neve_meta_sidebar":"","neve_meta_container":"","neve_meta_enable_content_width":"","neve_meta_content_width":0,"neve_meta_title_alignment":"","neve_meta_author_avatar":"","neve_post_elements_order":"","neve_meta_disable_header":"","neve_meta_disable_footer":"","neve_meta_disable_title":"","jetpack_post_was_ever_published":false,"_jetpack_newsletter_access":"","_jetpack_dont_email_post_to_subs":false,"_jetpack_newsletter_tier_id":0,"_jetpack_memberships_contains_paywalled_content":false,"_jetpack_memberships_contains_paid_content":false,"footnotes":"","jetpack_publicize_message":"","jetpack_publicize_feature_enabled":true,"jetpack_social_post_already_shared":false,"jetpack_social_options":{"image_generator_settings":{"template":"highway","default_image_id":0,"font":"","enabled":false},"version":2}},"categories":[3],"tags":[54],"class_list":["post-939","post","type-post","status-publish","format-standard","hentry","category-escalada","tag-fotografia"],"jetpack_publicize_connections":[],"jetpack_featured_media_url":"","jetpack_shortlink":"https:\/\/wp.me\/s4i7cB-flickr","jetpack_sharing_enabled":true,"jetpack-related-posts":[{"id":1511,"url":"https:\/\/yuri.com.br\/claudio\/2010\/02\/09\/project-365\/","url_meta":{"origin":939,"position":0},"title":"Project 365","author":"claudio","date":"9\/fev\/2010","format":false,"excerpt":"Desde o ano passado, notei alguns malucos se comprometendo num projeto fotogr\u00e1fico que consiste em tirar uma foto por dia, durante os 365 dias do ano. O destaque foi Dustin Diaz, que chegou a ser eleito o Best Flickr Photographer de 2009 em vota\u00e7\u00e3o popular. Ele ainda publicava os setups\u2026","rel":"","context":"Em &quot;Outros&quot;","block_context":{"text":"Outros","link":"https:\/\/yuri.com.br\/claudio\/category\/outros\/"},"img":{"alt_text":"","src":"https:\/\/i0.wp.com\/l.yimg.com\/g\/images\/spaceball.gif?resize=350%2C200","width":350,"height":200},"classes":[]},{"id":367,"url":"https:\/\/yuri.com.br\/claudio\/2009\/01\/13\/fotografia-keith-ladzinski\/","url_meta":{"origin":939,"position":1},"title":"Fotografia &#8211; Keith Ladzinski","author":"claudio","date":"13\/jan\/2009","format":false,"excerpt":"Dizem que a fotografia nos ajuda a ver as coisas de maneira diferente, n\u00e3o somente pela simples utilidade de enxergar. Assim como sentimos prazer ao comer um bom prato, os olhos podem \"degustar\" uma bela luz e diger\u00ed-la\u00a0na forma de uma foto, que n\u00e3o \u00e9 uma pintura nem um mero\u2026","rel":"","context":"Em &quot;Escalada&quot;","block_context":{"text":"Escalada","link":"https:\/\/yuri.com.br\/claudio\/category\/escalada\/"},"img":{"alt_text":"","src":"https:\/\/i0.wp.com\/farm3.static.flickr.com\/2403\/2066036572_478c33a888.jpg?resize=350%2C200","width":350,"height":200},"classes":[]},{"id":17,"url":"https:\/\/yuri.com.br\/claudio\/2008\/07\/23\/expo\/","url_meta":{"origin":939,"position":2},"title":"EXPO!","author":"claudio","date":"23\/jul\/2008","format":false,"excerpt":"Estou montando uma galeria fotogr\u00e1fica, a princ\u00edpio focada no assunto da escalada, com o intuito de divulg\u00e1-la por a\u00ed afora (por isso as descri\u00e7\u00f5es est\u00e3o em ingl\u00eas). Tamb\u00e9m, foi uma maneira que encontrei de expressar melhor esse meu tes\u00e3o intraduz\u00edvel pela pedra. Como n\u00e3o curto uma xenofobia, boto f\u00e9 que\u2026","rel":"","context":"Em &quot;Escalada&quot;","block_context":{"text":"Escalada","link":"https:\/\/yuri.com.br\/claudio\/category\/escalada\/"},"img":{"alt_text":"","src":"https:\/\/i0.wp.com\/yuri.com.br\/claudio\/wp-content\/uploads\/2008\/07\/cb_logo.jpg?resize=350%2C200","width":350,"height":200},"classes":[]},{"id":5094,"url":"https:\/\/yuri.com.br\/claudio\/2013\/05\/08\/galeria-de-fotos-no-blog\/","url_meta":{"origin":939,"position":3},"title":"Galeria de fotos no blog","author":"claudio","date":"8\/maio\/2013","format":false,"excerpt":"Faz tempo que n\u00e3o assino mais o Flickr \"Pro\". Com a limita\u00e7\u00e3o de storage por l\u00e1, as minhas fotos v\u00e3o se perdendo... Resolvi ent\u00e3o fazer uma sele\u00e7\u00e3o e hospedar por aqui mesmo, no blog. Na coluna ao lado tem os links... enjoy!","rel":"","context":"Em &quot;Outros&quot;","block_context":{"text":"Outros","link":"https:\/\/yuri.com.br\/claudio\/category\/outros\/"},"img":{"alt_text":"","src":"","width":0,"height":0},"classes":[]},{"id":262,"url":"https:\/\/yuri.com.br\/claudio\/2008\/11\/02\/footage\/","url_meta":{"origin":939,"position":4},"title":"Footage","author":"claudio","date":"2\/nov\/2008","format":false,"excerpt":"Links para os recentes registros na California. - Fotos (Yosemite e Bishop): http:\/\/www.yuri.com.br\/claudio\/EXPO - ou pelo Flickr\/TripperMap: http:\/\/www.yuri.com.br\/claudio\/map - V\u00eddeos (Yosemite\/Ahwahnee & Bishop\/Happies) no Vimeo: http:\/\/www.vimeo.com\/user717408\/videos - Ou download direto: http:\/\/www.escaladabrasil.com","rel":"","context":"Em &quot;Escalada&quot;","block_context":{"text":"Escalada","link":"https:\/\/yuri.com.br\/claudio\/category\/escalada\/"},"img":{"alt_text":"","src":"","width":0,"height":0},"classes":[]},{"id":1167,"url":"https:\/\/yuri.com.br\/claudio\/2009\/11\/03\/finados\/","url_meta":{"origin":939,"position":5},"title":"Finados","author":"claudio","date":"3\/nov\/2009","format":false,"excerpt":"O feriad\u00e3o por aqui foi tranquilo. Tijolado de rodar pelas estradas nas f\u00e9rias, ficamos no RJ onde eu pude reencontrar o granito e lembrar como \u00e9 bom escalar neste tipo de pedra, principalmente se for na Barrinha! :-) Fiz algumas fotos, mesmo que sem muita inspira\u00e7\u00e3o... aproveitei 10% do que\u2026","rel":"","context":"Em &quot;'Baixa' Gastronomia&quot;","block_context":{"text":"'Baixa' Gastronomia","link":"https:\/\/yuri.com.br\/claudio\/category\/baixa-gastronomia\/"},"img":{"alt_text":"","src":"https:\/\/i0.wp.com\/farm3.static.flickr.com\/2633\/4068778188_398b6ca944_o.jpg?resize=350%2C200","width":350,"height":200},"classes":[]}],"_links":{"self":[{"href":"https:\/\/yuri.com.br\/claudio\/wp-json\/wp\/v2\/posts\/939","targetHints":{"allow":["GET"]}}],"collection":[{"href":"https:\/\/yuri.com.br\/claudio\/wp-json\/wp\/v2\/posts"}],"about":[{"href":"https:\/\/yuri.com.br\/claudio\/wp-json\/wp\/v2\/types\/post"}],"author":[{"embeddable":true,"href":"https:\/\/yuri.com.br\/claudio\/wp-json\/wp\/v2\/users\/2"}],"replies":[{"embeddable":true,"href":"https:\/\/yuri.com.br\/claudio\/wp-json\/wp\/v2\/comments?post=939"}],"version-history":[{"count":0,"href":"https:\/\/yuri.com.br\/claudio\/wp-json\/wp\/v2\/posts\/939\/revisions"}],"wp:attachment":[{"href":"https:\/\/yuri.com.br\/claudio\/wp-json\/wp\/v2\/media?parent=939"}],"wp:term":[{"taxonomy":"category","embeddable":true,"href":"https:\/\/yuri.com.br\/claudio\/wp-json\/wp\/v2\/categories?post=939"},{"taxonomy":"post_tag","embeddable":true,"href":"https:\/\/yuri.com.br\/claudio\/wp-json\/wp\/v2\/tags?post=939"}],"curies":[{"name":"wp","href":"https:\/\/api.w.org\/{rel}","templated":true}]}}