{"id":930,"date":"2009-08-06T20:50:51","date_gmt":"2009-08-06T20:50:51","guid":{"rendered":"http:\/\/claudiobr.wordpress.com\/?p=930"},"modified":"2009-08-06T20:50:51","modified_gmt":"2009-08-06T20:50:51","slug":"escalada-cafe-coming-soon","status":"publish","type":"post","link":"https:\/\/yuri.com.br\/claudio\/2009\/08\/06\/escalada-cafe-coming-soon\/","title":{"rendered":"Escalada Caf\u00e9 &#8211; coming soon&#8230;"},"content":{"rendered":"<p>Em breve, mais novidades no site&#8230;<\/p>\n<p style=\"text-align:left;\">Por hora, gostaria de aproveitar e compartilhar um depoimento gratuito e muito bacana por parte do Neudson:<\/p>\n<p><a href=\"http:\/\/www.descedaidoido.com.br\/2009\/08\/05\/participe-do-escalada-cafe\" target=\"_blank\">http:\/\/www.descedaidoido.com.br\/2009\/08\/05\/participe-do-escalada-cafe<\/a><\/p>\n<p>E se eu n\u00e3o postar at\u00e9 amanh\u00e3&#8230; feliz dia dos pais a todos!<\/p>\n<p style=\"text-align:left;\"><img loading=\"lazy\" decoding=\"async\" data-attachment-id=\"931\" data-permalink=\"https:\/\/yuri.com.br\/claudio\/2009\/08\/06\/escalada-cafe-coming-soon\/attachment\/147924623\/\" data-orig-file=\"https:\/\/yuri.com.br\/claudio\/wp-content\/uploads\/2009\/08\/147924623.jpg\" data-orig-size=\"156,250\" data-comments-opened=\"1\" data-image-meta=\"{&quot;aperture&quot;:&quot;0&quot;,&quot;credit&quot;:&quot;&quot;,&quot;camera&quot;:&quot;&quot;,&quot;caption&quot;:&quot;&quot;,&quot;created_timestamp&quot;:&quot;0&quot;,&quot;copyright&quot;:&quot;&quot;,&quot;focal_length&quot;:&quot;0&quot;,&quot;iso&quot;:&quot;0&quot;,&quot;shutter_speed&quot;:&quot;0&quot;,&quot;title&quot;:&quot;&quot;}\" data-image-title=\"Meu pai\" data-image-description=\"\" data-image-caption=\"\" data-medium-file=\"https:\/\/yuri.com.br\/claudio\/wp-content\/uploads\/2009\/08\/147924623.jpg\" data-large-file=\"https:\/\/yuri.com.br\/claudio\/wp-content\/uploads\/2009\/08\/147924623.jpg\" class=\"size-full wp-image-931 aligncenter\" title=\"Meu pai\" src=\"http:\/\/yuri.com.br\/claudio\/wp-content\/uploads\/2009\/08\/147924623.jpg\" alt=\"Meu pai\" width=\"156\" height=\"250\" \/><\/p>\n<p style=\"text-align:center;\">papai, uns 70 anos atr\u00e1s, muito antes do dia em que dan\u00e7ou com minha m\u00e3e no baile pra depois me botar no mundo<\/p>\n","protected":false},"excerpt":{"rendered":"<p>Em breve, mais novidades no site&#8230; Por hora, gostaria de aproveitar e compartilhar um depoimento gratuito e muito bacana por parte do Neudson: http:\/\/www.descedaidoido.com.br\/2009\/08\/05\/participe-do-escalada-cafe E se eu n\u00e3o postar at\u00e9 amanh\u00e3&#8230; feliz dia dos pais a todos! papai, uns 70 anos atr\u00e1s, muito antes do dia em que dan\u00e7ou com minha m\u00e3e no baile pra&hellip;&nbsp;<a href=\"https:\/\/yuri.com.br\/claudio\/2009\/08\/06\/escalada-cafe-coming-soon\/\" rel=\"bookmark\">Continue a ler &raquo;<span class=\"screen-reader-text\">Escalada Caf\u00e9 &#8211; coming soon&#8230;<\/span><\/a><\/p>\n","protected":false},"author":2,"featured_media":931,"comment_status":"open","ping_status":"open","sticky":false,"template":"","format":"standard","meta":{"neve_meta_sidebar":"","neve_meta_container":"","neve_meta_enable_content_width":"","neve_meta_content_width":0,"neve_meta_title_alignment":"","neve_meta_author_avatar":"","neve_post_elements_order":"","neve_meta_disable_header":"","neve_meta_disable_footer":"","neve_meta_disable_title":"","jetpack_post_was_ever_published":false,"_jetpack_newsletter_access":"","_jetpack_dont_email_post_to_subs":false,"_jetpack_newsletter_tier_id":0,"_jetpack_memberships_contains_paywalled_content":false,"_jetpack_memberships_contains_paid_content":false,"footnotes":"","jetpack_publicize_message":"","jetpack_publicize_feature_enabled":true,"jetpack_social_post_already_shared":false,"jetpack_social_options":{"image_generator_settings":{"template":"highway","default_image_id":0,"font":"","enabled":false},"version":2}},"categories":[3],"tags":[],"class_list":["post-930","post","type-post","status-publish","format-standard","has-post-thumbnail","hentry","category-escalada"],"jetpack_publicize_connections":[],"jetpack_featured_media_url":"https:\/\/yuri.com.br\/claudio\/wp-content\/uploads\/2009\/08\/147924623.jpg","jetpack_shortlink":"https:\/\/wp.me\/p4i7cB-f0","jetpack_sharing_enabled":true,"jetpack-related-posts":[{"id":918,"url":"https:\/\/yuri.com.br\/claudio\/2009\/07\/27\/video-do-ouroboulder\/","url_meta":{"origin":930,"position":0},"title":"V\u00eddeo do Ouroboulder","author":"claudio","date":"27\/jul\/2009","format":false,"excerpt":"Assista no Escalada Caf\u00e9 ao curta do Ouroboulder 2009: http:\/\/www.escaladacafe.com.br\/noticias\/ouroboulder-2009-video Espero que gostem... ..viva o \u00f3cio! :-)","rel":"","context":"Em &quot;Escalada&quot;","block_context":{"text":"Escalada","link":"https:\/\/yuri.com.br\/claudio\/category\/escalada\/"},"img":{"alt_text":"","src":"","width":0,"height":0},"classes":[]},{"id":1099,"url":"https:\/\/yuri.com.br\/claudio\/2009\/09\/22\/world-carfree-day-2009\/","url_meta":{"origin":930,"position":1},"title":"World Carfree Day 2009","author":"claudio","date":"22\/set\/2009","format":false,"excerpt":"Em tempo, amanh\u00e3 dia 22\/Set \u00e9 o dia mundial \"sem carro\". Pra mim \u00e9 f\u00e1cil pois eu trampo em casa, h\u00e1 uns 3 anos a minha cota di\u00e1ria de mon\u00f3xido de carbono lan\u00e7ado na atmosfera se reduziu a zero, pelo menos de segunda a sexta. Infelizmente, uma grande maioria \u00e9\u2026","rel":"","context":"Em &quot;Escalada&quot;","block_context":{"text":"Escalada","link":"https:\/\/yuri.com.br\/claudio\/category\/escalada\/"},"img":{"alt_text":"","src":"https:\/\/i0.wp.com\/yuri.com.br\/claudio\/wp-content\/uploads\/2009\/09\/carfreeday_splash.jpg?resize=350%2C200&ssl=1","width":350,"height":200,"srcset":"https:\/\/i0.wp.com\/yuri.com.br\/claudio\/wp-content\/uploads\/2009\/09\/carfreeday_splash.jpg?resize=350%2C200&ssl=1 1x, https:\/\/i0.wp.com\/yuri.com.br\/claudio\/wp-content\/uploads\/2009\/09\/carfreeday_splash.jpg?resize=525%2C300&ssl=1 1.5x"},"classes":[]},{"id":1029,"url":"https:\/\/yuri.com.br\/claudio\/2009\/09\/01\/splinter\/","url_meta":{"origin":930,"position":2},"title":"Splinter","author":"claudio","date":"1\/set\/2009","format":false,"excerpt":"Esses dias ao ler um post no B3Bouldering (Jamie Emerson), me lembrei deste curta de 4min. da Slackjaw (produtora do filme \"Hard Grit\") chamado \"Splinter\". \u00c9 antigo, feito em um pequeno quarto, sem falar do ingl\u00eas com sotaque \"eg\u00edpcio\". Ainda assim, gosto muito do filme e por isso compartilho aqui.\u2026","rel":"","context":"Em &quot;Escalada&quot;","block_context":{"text":"Escalada","link":"https:\/\/yuri.com.br\/claudio\/category\/escalada\/"},"img":{"alt_text":"","src":"https:\/\/i0.wp.com\/img.youtube.com\/vi\/vCFLB0lLAl8\/0.jpg?resize=350%2C200","width":350,"height":200},"classes":[]},{"id":1069,"url":"https:\/\/yuri.com.br\/claudio\/2009\/12\/01\/dwspsicobloc-em-muro\/","url_meta":{"origin":930,"position":3},"title":"DWS\/Psicobloc em muro","author":"claudio","date":"1\/dez\/2009","format":false,"excerpt":"Aproveitando a vibe \"psicobloqueira\", compartilho estas imagens de um evento\/competi\u00e7\u00e3o na Su\u00e9cia (imagina o frio) com um muro de 13m e um mega crashpad d'\u00e1gua :-)","rel":"","context":"Em &quot;Escalada&quot;","block_context":{"text":"Escalada","link":"https:\/\/yuri.com.br\/claudio\/category\/escalada\/"},"img":{"alt_text":"","src":"https:\/\/i0.wp.com\/farm4.static.flickr.com\/3509\/3805105787_23fd7e6e30.jpg?resize=350%2C200","width":350,"height":200},"classes":[]},{"id":5548,"url":"https:\/\/yuri.com.br\/claudio\/2013\/08\/07\/croqui-do-rubinho\/","url_meta":{"origin":930,"position":4},"title":"Croqui do Rubinho","author":"claudio","date":"7\/ago\/2013","format":false,"excerpt":"Por fim, est\u00e1 no ar a primeira vers\u00e3o do croqui do Rubinho. Baixem ele no site do SumbaBoulder! Aproveitem este gancho para fazer uma reflex\u00e3o sobre quest\u00f5es de acesso, olimp\u00edadas, dejetos e bitucas no link: ROCKLANDS BOULDERING CRISIS Boas escaladas e muita consci\u00eancia a todos!","rel":"","context":"Em &quot;Escalada&quot;","block_context":{"text":"Escalada","link":"https:\/\/yuri.com.br\/claudio\/category\/escalada\/"},"img":{"alt_text":"","src":"","width":0,"height":0},"classes":[]},{"id":653,"url":"https:\/\/yuri.com.br\/claudio\/2009\/05\/05\/ubatuba-report\/","url_meta":{"origin":930,"position":5},"title":"Ubatuba report","author":"claudio","date":"5\/maio\/2009","format":false,"excerpt":"Algumas imagens e impress\u00f5es anotadas neste \u00faltimo feriado no Pont\u00e3o da Fortaleza. - A metereologia de Ubachuva \u00e9 um pouco sens\u00edvel. Leve seus amuletos da sorte, pois pode estar caindo o mundo em um canto da praia, e na outra ponta estar tudo seco. Se molhar, n\u00e3o desanime pois os\u2026","rel":"","context":"Em &quot;Escalada&quot;","block_context":{"text":"Escalada","link":"https:\/\/yuri.com.br\/claudio\/category\/escalada\/"},"img":{"alt_text":"","src":"https:\/\/i0.wp.com\/farm4.static.flickr.com\/3553\/3498900983_59682bf04a.jpg?resize=350%2C200","width":350,"height":200},"classes":[]}],"_links":{"self":[{"href":"https:\/\/yuri.com.br\/claudio\/wp-json\/wp\/v2\/posts\/930","targetHints":{"allow":["GET"]}}],"collection":[{"href":"https:\/\/yuri.com.br\/claudio\/wp-json\/wp\/v2\/posts"}],"about":[{"href":"https:\/\/yuri.com.br\/claudio\/wp-json\/wp\/v2\/types\/post"}],"author":[{"embeddable":true,"href":"https:\/\/yuri.com.br\/claudio\/wp-json\/wp\/v2\/users\/2"}],"replies":[{"embeddable":true,"href":"https:\/\/yuri.com.br\/claudio\/wp-json\/wp\/v2\/comments?post=930"}],"version-history":[{"count":0,"href":"https:\/\/yuri.com.br\/claudio\/wp-json\/wp\/v2\/posts\/930\/revisions"}],"wp:featuredmedia":[{"embeddable":true,"href":"https:\/\/yuri.com.br\/claudio\/wp-json\/wp\/v2\/media\/931"}],"wp:attachment":[{"href":"https:\/\/yuri.com.br\/claudio\/wp-json\/wp\/v2\/media?parent=930"}],"wp:term":[{"taxonomy":"category","embeddable":true,"href":"https:\/\/yuri.com.br\/claudio\/wp-json\/wp\/v2\/categories?post=930"},{"taxonomy":"post_tag","embeddable":true,"href":"https:\/\/yuri.com.br\/claudio\/wp-json\/wp\/v2\/tags?post=930"}],"curies":[{"name":"wp","href":"https:\/\/api.w.org\/{rel}","templated":true}]}}