{"id":918,"date":"2009-07-27T17:03:02","date_gmt":"2009-07-27T17:03:02","guid":{"rendered":"http:\/\/claudiobr.wordpress.com\/?p=918"},"modified":"2009-07-27T17:03:02","modified_gmt":"2009-07-27T17:03:02","slug":"video-do-ouroboulder","status":"publish","type":"post","link":"https:\/\/yuri.com.br\/claudio\/2009\/07\/27\/video-do-ouroboulder\/","title":{"rendered":"V\u00eddeo do Ouroboulder"},"content":{"rendered":"<p>Assista no Escalada Caf\u00e9 ao curta do Ouroboulder 2009:<\/p>\n<p><a href=\"http:\/\/www.escaladacafe.com.br\/noticias\/ouroboulder-2009-video\" target=\"_blank\">http:\/\/www.escaladacafe.com.br\/noticias\/ouroboulder-2009-video<\/a><\/p>\n<p>Espero que gostem&#8230;<\/p>\n<p>..viva o \u00f3cio! :-)<\/p>\n","protected":false},"excerpt":{"rendered":"<p>Assista no Escalada Caf\u00e9 ao curta do Ouroboulder 2009: http:\/\/www.escaladacafe.com.br\/noticias\/ouroboulder-2009-video Espero que gostem&#8230; ..viva o \u00f3cio! :-)<\/p>\n","protected":false},"author":2,"featured_media":0,"comment_status":"open","ping_status":"open","sticky":false,"template":"","format":"standard","meta":{"neve_meta_sidebar":"","neve_meta_container":"","neve_meta_enable_content_width":"","neve_meta_content_width":0,"neve_meta_title_alignment":"","neve_meta_author_avatar":"","neve_post_elements_order":"","neve_meta_disable_header":"","neve_meta_disable_footer":"","neve_meta_disable_title":"","jetpack_post_was_ever_published":false,"_jetpack_newsletter_access":"","_jetpack_dont_email_post_to_subs":false,"_jetpack_newsletter_tier_id":0,"_jetpack_memberships_contains_paywalled_content":false,"_jetpack_memberships_contains_paid_content":false,"footnotes":"","jetpack_publicize_message":"","jetpack_publicize_feature_enabled":true,"jetpack_social_post_already_shared":false,"jetpack_social_options":{"image_generator_settings":{"template":"highway","default_image_id":0,"font":"","enabled":false},"version":2}},"categories":[3],"tags":[65],"class_list":["post-918","post","type-post","status-publish","format-standard","hentry","category-escalada","tag-ouroboulder"],"jetpack_publicize_connections":[],"jetpack_featured_media_url":"","jetpack_shortlink":"https:\/\/wp.me\/p4i7cB-eO","jetpack_sharing_enabled":true,"jetpack-related-posts":[{"id":887,"url":"https:\/\/yuri.com.br\/claudio\/2009\/07\/16\/ubtboulder-2009-video\/","url_meta":{"origin":918,"position":0},"title":"UBTBoulder 2009 &#8211; v\u00eddeo","author":"claudio","date":"16\/jul\/2009","format":false,"excerpt":"Acessem: http:\/\/www.escaladacafe.com.br\/noticias\/ubtboulder-2009-video (foto por Naoki Arima)","rel":"","context":"Em &quot;Escalada&quot;","block_context":{"text":"Escalada","link":"https:\/\/yuri.com.br\/claudio\/category\/escalada\/"},"img":{"alt_text":"Eu filmando","src":"https:\/\/i0.wp.com\/yuri.com.br\/claudio\/wp-content\/uploads\/2009\/07\/filmando1.jpg?resize=350%2C200","width":350,"height":200,"srcset":"https:\/\/i0.wp.com\/yuri.com.br\/claudio\/wp-content\/uploads\/2009\/07\/filmando1.jpg?resize=350%2C200 1x, https:\/\/i0.wp.com\/yuri.com.br\/claudio\/wp-content\/uploads\/2009\/07\/filmando1.jpg?resize=525%2C300 1.5x"},"classes":[]},{"id":1082,"url":"https:\/\/yuri.com.br\/claudio\/2009\/09\/26\/ferias\/","url_meta":{"origin":918,"position":1},"title":"F\u00e9rias","author":"claudio","date":"26\/set\/2009","format":false,"excerpt":"\u00a0 \u00a0 \u00a0 \"A nossa vida \u00e9 o assassinato pelo trabalho, durante sessenta anos ficamos enforcados e estrebuchando na corda, mas n\u00e3o a cortamos.\" \u00a0 Georg B\u00fcchner, A Morte de Danton (1835) \u00a0 \u00a0 \u00a0\u00a0 Volto daqui algumas semanas... Viva o \u00f3cio! :-)","rel":"","context":"Em &quot;Escalada&quot;","block_context":{"text":"Escalada","link":"https:\/\/yuri.com.br\/claudio\/category\/escalada\/"},"img":{"alt_text":"Trabalho","src":"https:\/\/i0.wp.com\/yuri.com.br\/claudio\/wp-content\/uploads\/2009\/09\/trabalho.gif?resize=350%2C200","width":350,"height":200},"classes":[]},{"id":930,"url":"https:\/\/yuri.com.br\/claudio\/2009\/08\/06\/escalada-cafe-coming-soon\/","url_meta":{"origin":918,"position":2},"title":"Escalada Caf\u00e9 &#8211; coming soon&#8230;","author":"claudio","date":"6\/ago\/2009","format":false,"excerpt":"Em breve, mais novidades no site... Por hora, gostaria de aproveitar e compartilhar um depoimento gratuito e muito bacana por parte do Neudson: http:\/\/www.descedaidoido.com.br\/2009\/08\/05\/participe-do-escalada-cafe E se eu n\u00e3o postar at\u00e9 amanh\u00e3... feliz dia dos pais a todos! papai, uns 70 anos atr\u00e1s, muito antes do dia em que dan\u00e7ou com\u2026","rel":"","context":"Em &quot;Escalada&quot;","block_context":{"text":"Escalada","link":"https:\/\/yuri.com.br\/claudio\/category\/escalada\/"},"img":{"alt_text":"Meu pai","src":"https:\/\/i0.wp.com\/yuri.com.br\/claudio\/wp-content\/uploads\/2009\/08\/147924623.jpg?resize=350%2C200","width":350,"height":200},"classes":[]},{"id":388,"url":"https:\/\/yuri.com.br\/claudio\/2009\/01\/23\/video-do-grajaurj\/","url_meta":{"origin":918,"position":3},"title":"V\u00eddeo do Graja\u00fa\/RJ","author":"claudio","date":"23\/jan\/2009","format":false,"excerpt":"A homage to the friends and the boulders. \u00a0\"Curta-metragem\" sobre uma tarde de escalada em um dos melhores locais de boulder da cidade. Foquei a edi\u00e7\u00e3o\/trilha no aspecto mais social, portanto n\u00e3o espere aquele rock'n'roll de morder a pedra... Bons ventos!","rel":"","context":"Em &quot;Escalada&quot;","block_context":{"text":"Escalada","link":"https:\/\/yuri.com.br\/claudio\/category\/escalada\/"},"img":{"alt_text":"","src":"","width":0,"height":0},"classes":[]},{"id":1029,"url":"https:\/\/yuri.com.br\/claudio\/2009\/09\/01\/splinter\/","url_meta":{"origin":918,"position":4},"title":"Splinter","author":"claudio","date":"1\/set\/2009","format":false,"excerpt":"Esses dias ao ler um post no B3Bouldering (Jamie Emerson), me lembrei deste curta de 4min. da Slackjaw (produtora do filme \"Hard Grit\") chamado \"Splinter\". \u00c9 antigo, feito em um pequeno quarto, sem falar do ingl\u00eas com sotaque \"eg\u00edpcio\". Ainda assim, gosto muito do filme e por isso compartilho aqui.\u2026","rel":"","context":"Em &quot;Escalada&quot;","block_context":{"text":"Escalada","link":"https:\/\/yuri.com.br\/claudio\/category\/escalada\/"},"img":{"alt_text":"","src":"https:\/\/i0.wp.com\/img.youtube.com\/vi\/vCFLB0lLAl8\/0.jpg?resize=350%2C200","width":350,"height":200},"classes":[]},{"id":992,"url":"https:\/\/yuri.com.br\/claudio\/2009\/08\/26\/hatch-cg\/","url_meta":{"origin":918,"position":5},"title":"Hatch \/ CG","author":"claudio","date":"26\/ago\/2009","format":false,"excerpt":"Pra quem curte \"efeitos especiais\" em cen\u00e1rios impratic\u00e1veis sem a computa\u00e7\u00e3o gr\u00e1fica, esse v\u00eddeo da produtora Hatch (3 malucos que trabalharam, por exemplo, com Senhor dos An\u00e9is e Matrix) \u00e9 imperd\u00edvel: http:\/\/www.hatchfx.com\/realistic_demo.php","rel":"","context":"Em &quot;Escalada&quot;","block_context":{"text":"Escalada","link":"https:\/\/yuri.com.br\/claudio\/category\/escalada\/"},"img":{"alt_text":"","src":"https:\/\/i0.wp.com\/yuri.com.br\/claudio\/wp-content\/uploads\/2009\/08\/bprd_concept.jpg?resize=350%2C200&ssl=1","width":350,"height":200,"srcset":"https:\/\/i0.wp.com\/yuri.com.br\/claudio\/wp-content\/uploads\/2009\/08\/bprd_concept.jpg?resize=350%2C200&ssl=1 1x, https:\/\/i0.wp.com\/yuri.com.br\/claudio\/wp-content\/uploads\/2009\/08\/bprd_concept.jpg?resize=525%2C300&ssl=1 1.5x, https:\/\/i0.wp.com\/yuri.com.br\/claudio\/wp-content\/uploads\/2009\/08\/bprd_concept.jpg?resize=700%2C400&ssl=1 2x"},"classes":[]}],"_links":{"self":[{"href":"https:\/\/yuri.com.br\/claudio\/wp-json\/wp\/v2\/posts\/918","targetHints":{"allow":["GET"]}}],"collection":[{"href":"https:\/\/yuri.com.br\/claudio\/wp-json\/wp\/v2\/posts"}],"about":[{"href":"https:\/\/yuri.com.br\/claudio\/wp-json\/wp\/v2\/types\/post"}],"author":[{"embeddable":true,"href":"https:\/\/yuri.com.br\/claudio\/wp-json\/wp\/v2\/users\/2"}],"replies":[{"embeddable":true,"href":"https:\/\/yuri.com.br\/claudio\/wp-json\/wp\/v2\/comments?post=918"}],"version-history":[{"count":0,"href":"https:\/\/yuri.com.br\/claudio\/wp-json\/wp\/v2\/posts\/918\/revisions"}],"wp:attachment":[{"href":"https:\/\/yuri.com.br\/claudio\/wp-json\/wp\/v2\/media?parent=918"}],"wp:term":[{"taxonomy":"category","embeddable":true,"href":"https:\/\/yuri.com.br\/claudio\/wp-json\/wp\/v2\/categories?post=918"},{"taxonomy":"post_tag","embeddable":true,"href":"https:\/\/yuri.com.br\/claudio\/wp-json\/wp\/v2\/tags?post=918"}],"curies":[{"name":"wp","href":"https:\/\/api.w.org\/{rel}","templated":true}]}}