{"id":899,"date":"2009-07-20T19:46:38","date_gmt":"2009-07-20T19:46:38","guid":{"rendered":"http:\/\/claudiobr.wordpress.com\/?p=899"},"modified":"2009-07-20T19:46:38","modified_gmt":"2009-07-20T19:46:38","slug":"ouro-boulder-2009","status":"publish","type":"post","link":"https:\/\/yuri.com.br\/claudio\/2009\/07\/20\/ouro-boulder-2009\/","title":{"rendered":"Ouro Boulder 2009"},"content":{"rendered":"<p>Ainda n\u00e3o conhecia Ouro Preto, ent\u00e3o tinha em m\u00e3os a oportunidade \u00fanica do desconhecido, tipo de experi\u00eancia compar\u00e1vel com a exclusividade da escalada \u00e0 vista, aquela chance \u00fanica de se expor \u00e0s &#8220;vias&#8221; espont\u00e3neas, e botar a vida pra reagir sem ensaio pr\u00e9vio.<\/p>\n<p>Sendo um pouco mais objetivo: Ouro Preto \u00e9 um pico world class! Na inten\u00e7\u00e3o da refer\u00eancia, aqui v\u00e3o algumas de minhas recomenda\u00e7\u00f5es pessoais do pouco que experimentei por l\u00e1:<\/p>\n<p>&gt; Turma do V0 ao V4:<img loading=\"lazy\" decoding=\"async\" data-attachment-id=\"900\" data-permalink=\"https:\/\/yuri.com.br\/claudio\/2009\/07\/20\/ouro-boulder-2009\/ouropreto_docedeleite_yuri\/\" data-orig-file=\"https:\/\/yuri.com.br\/claudio\/wp-content\/uploads\/2009\/07\/ouropreto_docedeleite_yuri.jpg\" data-orig-size=\"800,600\" data-comments-opened=\"1\" data-image-meta=\"{&quot;aperture&quot;:&quot;0&quot;,&quot;credit&quot;:&quot;&quot;,&quot;camera&quot;:&quot;&quot;,&quot;caption&quot;:&quot;&quot;,&quot;created_timestamp&quot;:&quot;0&quot;,&quot;copyright&quot;:&quot;&quot;,&quot;focal_length&quot;:&quot;0&quot;,&quot;iso&quot;:&quot;0&quot;,&quot;shutter_speed&quot;:&quot;0&quot;,&quot;title&quot;:&quot;&quot;}\" data-image-title=\"Doce de Leite V2\" data-image-description=\"\" data-image-caption=\"\" data-medium-file=\"https:\/\/yuri.com.br\/claudio\/wp-content\/uploads\/2009\/07\/ouropreto_docedeleite_yuri-300x225.jpg\" data-large-file=\"https:\/\/yuri.com.br\/claudio\/wp-content\/uploads\/2009\/07\/ouropreto_docedeleite_yuri.jpg\" class=\"size-medium wp-image-900 alignright\" title=\"Yuri experimentando os desplomes, foto do Tadeu\" src=\"http:\/\/yuri.com.br\/claudio\/wp-content\/uploads\/2009\/07\/ouropreto_docedeleite_yuri.jpg?w=300\" alt=\"Inclina\u00e7\u00e3o comum em Ouro Preto\" width=\"300\" height=\"225\" srcset=\"https:\/\/yuri.com.br\/claudio\/wp-content\/uploads\/2009\/07\/ouropreto_docedeleite_yuri.jpg 800w, https:\/\/yuri.com.br\/claudio\/wp-content\/uploads\/2009\/07\/ouropreto_docedeleite_yuri-300x225.jpg 300w, https:\/\/yuri.com.br\/claudio\/wp-content\/uploads\/2009\/07\/ouropreto_docedeleite_yuri-210x157.jpg 210w\" sizes=\"auto, (max-width: 300px) 100vw, 300px\" \/><\/p>\n<p>Setor da Pedreira:<br \/>\n&#8211; Sonar, o &#8220;boulder perfeito&#8221;<br \/>\n&#8211; Doce de Leite, convite aos tetos caracter\u00edsticos do local (foto)<br \/>\n&#8211; Albino, low ball<\/p>\n<p>&gt; Turma do V5 ao V7:<\/p>\n<p>Setor da Pedreira:<br \/>\n&#8211; Carcomeno, teto incr\u00edvel, uns 20 movimentos<br \/>\n&#8211; Babalu (pros &#8220;regleteros&#8221;)<br \/>\n&#8211; Lagartixa (pros &#8220;calcanheros&#8221;)<\/p>\n<p>Setor do Bonsai:<br \/>\n&#8211; Lava P\u00e9 (faltou tempo pra entrar neste, infelizmente)<br \/>\n&#8211; Painel (a 10min do Bonsai, sem d\u00favida o mais cinematogr\u00e1fico de todos)<\/p>\n<p>&gt; Turma do V8 pra cima:<\/p>\n<p>Setor da Pedreira:<br \/>\n&#8211; Mesanino (90 graus, 3 moves)<br \/>\n&#8211; Fiat Lux (linda linha, motiva\u00e7\u00e3o pros treinos&#8230;)<\/p>\n<p>Ah, um passeio na cidade \u00e0 noite \u00e9 altamente recomendado&#8230; sem querer eu encontrei uma <a href=\"http:\/\/beerarchitecture.wordpress.com\/2009\/06\/17\/backer-medieval\/\" target=\"_blank\">Backer Medieval<\/a> perdida em uma\u00a0 loja de chocolates.<br \/>\n&#8212;x&#8212;<\/p>\n<p>Onde encontrar esses problemas? <a href=\"http:\/\/ouroboulder2009.blogspot.com\/\" target=\"_blank\">http:\/\/ouroboulder2009.blogspot.com\/<\/a><\/p>\n<p>ps: v\u00eddeo em breve<\/p>\n","protected":false},"excerpt":{"rendered":"<p>Ainda n\u00e3o conhecia Ouro Preto, ent\u00e3o tinha em m\u00e3os a oportunidade \u00fanica do desconhecido, tipo de experi\u00eancia compar\u00e1vel com a exclusividade da escalada \u00e0 vista, aquela chance \u00fanica de se expor \u00e0s &#8220;vias&#8221; espont\u00e3neas, e botar a vida pra reagir sem ensaio pr\u00e9vio. Sendo um pouco mais objetivo: Ouro Preto \u00e9 um pico world class!&hellip;&nbsp;<a href=\"https:\/\/yuri.com.br\/claudio\/2009\/07\/20\/ouro-boulder-2009\/\" rel=\"bookmark\">Continue a ler &raquo;<span class=\"screen-reader-text\">Ouro Boulder 2009<\/span><\/a><\/p>\n","protected":false},"author":2,"featured_media":900,"comment_status":"open","ping_status":"open","sticky":false,"template":"","format":"standard","meta":{"neve_meta_sidebar":"","neve_meta_container":"","neve_meta_enable_content_width":"","neve_meta_content_width":0,"neve_meta_title_alignment":"","neve_meta_author_avatar":"","neve_post_elements_order":"","neve_meta_disable_header":"","neve_meta_disable_footer":"","neve_meta_disable_title":"","jetpack_post_was_ever_published":false,"_jetpack_newsletter_access":"","_jetpack_dont_email_post_to_subs":false,"_jetpack_newsletter_tier_id":0,"_jetpack_memberships_contains_paywalled_content":false,"_jetpack_memberships_contains_paid_content":false,"footnotes":"","jetpack_publicize_message":"","jetpack_publicize_feature_enabled":true,"jetpack_social_post_already_shared":false,"jetpack_social_options":{"image_generator_settings":{"template":"highway","default_image_id":0,"font":"","enabled":false},"version":2}},"categories":[3],"tags":[],"class_list":["post-899","post","type-post","status-publish","format-standard","has-post-thumbnail","hentry","category-escalada"],"jetpack_publicize_connections":[],"jetpack_featured_media_url":"https:\/\/yuri.com.br\/claudio\/wp-content\/uploads\/2009\/07\/ouropreto_docedeleite_yuri.jpg","jetpack_shortlink":"https:\/\/wp.me\/p4i7cB-ev","jetpack_sharing_enabled":true,"jetpack-related-posts":[{"id":233,"url":"https:\/\/yuri.com.br\/claudio\/2008\/09\/23\/grajau\/","url_meta":{"origin":899,"position":0},"title":"Graja\u00fa","author":"claudio","date":"23\/set\/2008","format":false,"excerpt":"Conversando com um amigo escoc\u00eas que atualmente mora aqui no RJ, ouvi uma opini\u00e3o que pode surpreender os c\u00e9ticos: se pegarmos um setor de boulders l\u00e1 da Reserva Florestal do Graja\u00fa, localizada na zona norte do Rio, \u00e9 compar\u00e1vel a um setor de Fontainebleau como Bas Cuvier. \u00c9 isso a\u00ed\u2026","rel":"","context":"Em &quot;Escalada&quot;","block_context":{"text":"Escalada","link":"https:\/\/yuri.com.br\/claudio\/category\/escalada\/"},"img":{"alt_text":"","src":"https:\/\/i0.wp.com\/farm4.static.flickr.com\/3222\/2873891868_dbb013d1a6_d.jpg?resize=350%2C200","width":350,"height":200},"classes":[]},{"id":3046,"url":"https:\/\/yuri.com.br\/claudio\/2011\/08\/31\/vem-ai-o-sumba-boulder-2011\/","url_meta":{"origin":899,"position":1},"title":"Vem a\u00ed o Sumba Boulder 2011","author":"claudio","date":"31\/ago\/2011","format":false,"excerpt":"J\u00e1 vou avisando que o setor promete... tive a oportunidade de conhecer renomados blocos de granito mundo afora (Su\u00ed\u00e7a, Yosemite) e n\u00e3o vi nada parecido. Aguardem + imagens em breve... por hora, reservem a data!","rel":"","context":"Em &quot;Escalada&quot;","block_context":{"text":"Escalada","link":"https:\/\/yuri.com.br\/claudio\/category\/escalada\/"},"img":{"alt_text":"","src":"https:\/\/i0.wp.com\/www.escaladacafe.com.br\/files\/teaser_small.jpg?resize=350%2C200","width":350,"height":200,"srcset":"https:\/\/i0.wp.com\/www.escaladacafe.com.br\/files\/teaser_small.jpg?resize=350%2C200 1x, https:\/\/i0.wp.com\/www.escaladacafe.com.br\/files\/teaser_small.jpg?resize=525%2C300 1.5x, https:\/\/i0.wp.com\/www.escaladacafe.com.br\/files\/teaser_small.jpg?resize=700%2C400 2x"},"classes":[]},{"id":254,"url":"https:\/\/yuri.com.br\/claudio\/2008\/10\/31\/sobre-o-campeonato-estadual-de-boulder-rj-2008\/","url_meta":{"origin":899,"position":2},"title":"Sobre o Campeonato Estadual de Boulder RJ 2008","author":"claudio","date":"31\/out\/2008","format":false,"excerpt":"Neste m\u00eas de outubro\u00a0terminou o Campeonato Estadual de Escalada (Boulder) do RJ 2008. Sobre os resultados oficiais eu indico 2 artigos: Blog da Lojinha de Escalada Blog do Caio Gomes E clicando neste link pode-se conferir algumas fotos que fiz desta \u00faltima etapa na Limite Vertical. Aproveito este espa\u00e7o para\u2026","rel":"","context":"Em &quot;Escalada&quot;","block_context":{"text":"Escalada","link":"https:\/\/yuri.com.br\/claudio\/category\/escalada\/"},"img":{"alt_text":"","src":"https:\/\/i0.wp.com\/yuri.com.br\/claudio\/wp-content\/uploads\/2008\/10\/jornaldossports_estadualrj2008.jpg?resize=350%2C200&ssl=1","width":350,"height":200,"srcset":"https:\/\/i0.wp.com\/yuri.com.br\/claudio\/wp-content\/uploads\/2008\/10\/jornaldossports_estadualrj2008.jpg?resize=350%2C200&ssl=1 1x, https:\/\/i0.wp.com\/yuri.com.br\/claudio\/wp-content\/uploads\/2008\/10\/jornaldossports_estadualrj2008.jpg?resize=525%2C300&ssl=1 1.5x, https:\/\/i0.wp.com\/yuri.com.br\/claudio\/wp-content\/uploads\/2008\/10\/jornaldossports_estadualrj2008.jpg?resize=700%2C400&ssl=1 2x"},"classes":[]},{"id":3444,"url":"https:\/\/yuri.com.br\/claudio\/2012\/02\/22\/folia-na-montanha\/","url_meta":{"origin":899,"position":3},"title":"&#8220;Folia&#8221; na montanha","author":"claudio","date":"22\/fev\/2012","format":false,"excerpt":"S\u00f3 mesmo uma duplinha 'sangue b\u00e3o' pra me fazer vestir um baudrier novamente. O setor dos tetos da Divisa \u00e9 um tanto escuro mas eu n\u00e3o podia deixar de fazer uma lembrancinha do Vilmar: E mesmo depois de escalarem por 2 dias seguidos, levei-os ao setor Aranha e fiquei feliz\u2026","rel":"","context":"Em &quot;Escalada&quot;","block_context":{"text":"Escalada","link":"https:\/\/yuri.com.br\/claudio\/category\/escalada\/"},"img":{"alt_text":"","src":"https:\/\/i0.wp.com\/yuri.com.br\/claudio\/wp-content\/uploads\/2012\/02\/divisa_chaodegiz_vilmar.jpg?resize=350%2C200&ssl=1","width":350,"height":200,"srcset":"https:\/\/i0.wp.com\/yuri.com.br\/claudio\/wp-content\/uploads\/2012\/02\/divisa_chaodegiz_vilmar.jpg?resize=350%2C200&ssl=1 1x, https:\/\/i0.wp.com\/yuri.com.br\/claudio\/wp-content\/uploads\/2012\/02\/divisa_chaodegiz_vilmar.jpg?resize=525%2C300&ssl=1 1.5x, https:\/\/i0.wp.com\/yuri.com.br\/claudio\/wp-content\/uploads\/2012\/02\/divisa_chaodegiz_vilmar.jpg?resize=700%2C400&ssl=1 2x"},"classes":[]},{"id":8144,"url":"https:\/\/yuri.com.br\/claudio\/2014\/08\/04\/video-cruzeiro-ep-5\/","url_meta":{"origin":899,"position":4},"title":"V\u00eddeo: Cruzeiro Ep.5","author":"Cl\u00e1udio Brisighello","date":"4\/ago\/2014","format":false,"excerpt":"Ao contr\u00e1rio do \u00faltimo epis\u00f3dio, estrelado pelo Totoro\/Gato-\u00d4nibus e seus coadjuvantes humanos, desta vez o protagonista \u00e9 o pr\u00f3prio Miguel \"Esteban\" Osorio no Ilha de Pandora V10. \u00c9 dif\u00edcil eu conseguir registrar um processo de verdade assim, que expresse melhor a experi\u00eancia de forma mais realista. Com apenas uma c\u00e2mera\u2026","rel":"","context":"Em &quot;Escalada&quot;","block_context":{"text":"Escalada","link":"https:\/\/yuri.com.br\/claudio\/category\/escalada\/"},"img":{"alt_text":"","src":"https:\/\/i0.wp.com\/yuri.com.br\/claudio\/wp-content\/uploads\/2014\/08\/Vimeo.jpg?resize=350%2C200&ssl=1","width":350,"height":200,"srcset":"https:\/\/i0.wp.com\/yuri.com.br\/claudio\/wp-content\/uploads\/2014\/08\/Vimeo.jpg?resize=350%2C200&ssl=1 1x, https:\/\/i0.wp.com\/yuri.com.br\/claudio\/wp-content\/uploads\/2014\/08\/Vimeo.jpg?resize=525%2C300&ssl=1 1.5x, https:\/\/i0.wp.com\/yuri.com.br\/claudio\/wp-content\/uploads\/2014\/08\/Vimeo.jpg?resize=700%2C400&ssl=1 2x"},"classes":[]},{"id":1056,"url":"https:\/\/yuri.com.br\/claudio\/2009\/09\/21\/shawarma-e-tchibum\/","url_meta":{"origin":899,"position":5},"title":"Shawarma e tchibum!","author":"claudio","date":"21\/set\/2009","format":false,"excerpt":"Neste s\u00e1bado, gra\u00e7as \u00e0 condu\u00e7\u00e3o da Fl\u00e1via, conhecemos um pouco da regi\u00e3o de Jacarepagu\u00e1 na zona oeste do RJ, mais precisamente os arredores da Pedra Hime. O local \u00e9 um pouco mais distante e talvez por isso n\u00e3o t\u00e3o frequentado, mas valeu muito a visita. A \u00e1rea pertence a uma\u2026","rel":"","context":"Em &quot;'Baixa' Gastronomia&quot;","block_context":{"text":"'Baixa' Gastronomia","link":"https:\/\/yuri.com.br\/claudio\/category\/baixa-gastronomia\/"},"img":{"alt_text":"","src":"https:\/\/i0.wp.com\/farm4.static.flickr.com\/3424\/3939296850_813b2cf9d2_b.jpg?resize=350%2C200","width":350,"height":200,"srcset":"https:\/\/i0.wp.com\/farm4.static.flickr.com\/3424\/3939296850_813b2cf9d2_b.jpg?resize=350%2C200 1x, https:\/\/i0.wp.com\/farm4.static.flickr.com\/3424\/3939296850_813b2cf9d2_b.jpg?resize=525%2C300 1.5x"},"classes":[]}],"_links":{"self":[{"href":"https:\/\/yuri.com.br\/claudio\/wp-json\/wp\/v2\/posts\/899","targetHints":{"allow":["GET"]}}],"collection":[{"href":"https:\/\/yuri.com.br\/claudio\/wp-json\/wp\/v2\/posts"}],"about":[{"href":"https:\/\/yuri.com.br\/claudio\/wp-json\/wp\/v2\/types\/post"}],"author":[{"embeddable":true,"href":"https:\/\/yuri.com.br\/claudio\/wp-json\/wp\/v2\/users\/2"}],"replies":[{"embeddable":true,"href":"https:\/\/yuri.com.br\/claudio\/wp-json\/wp\/v2\/comments?post=899"}],"version-history":[{"count":0,"href":"https:\/\/yuri.com.br\/claudio\/wp-json\/wp\/v2\/posts\/899\/revisions"}],"wp:featuredmedia":[{"embeddable":true,"href":"https:\/\/yuri.com.br\/claudio\/wp-json\/wp\/v2\/media\/900"}],"wp:attachment":[{"href":"https:\/\/yuri.com.br\/claudio\/wp-json\/wp\/v2\/media?parent=899"}],"wp:term":[{"taxonomy":"category","embeddable":true,"href":"https:\/\/yuri.com.br\/claudio\/wp-json\/wp\/v2\/categories?post=899"},{"taxonomy":"post_tag","embeddable":true,"href":"https:\/\/yuri.com.br\/claudio\/wp-json\/wp\/v2\/tags?post=899"}],"curies":[{"name":"wp","href":"https:\/\/api.w.org\/{rel}","templated":true}]}}