{"id":887,"date":"2009-07-16T13:33:02","date_gmt":"2009-07-16T13:33:02","guid":{"rendered":"http:\/\/claudiobr.wordpress.com\/?p=887"},"modified":"2009-07-16T13:33:02","modified_gmt":"2009-07-16T13:33:02","slug":"ubtboulder-2009-video","status":"publish","type":"post","link":"https:\/\/yuri.com.br\/claudio\/2009\/07\/16\/ubtboulder-2009-video\/","title":{"rendered":"UBTBoulder 2009 &#8211; v\u00eddeo"},"content":{"rendered":"<p style=\"text-align:center;\">Acessem: <a href=\"http:\/\/www.escaladacafe.com.br\/noticias\/ubtboulder-2009-video\" target=\"_blank\">http:\/\/www.escaladacafe.com.br\/noticias\/ubtboulder-2009-video<\/a><\/p>\n<p style=\"text-align:center;\"><div class=\"nv-iframe-embed\"><div class=\"embed-vimeo\" style=\"text-align: center;\"><iframe loading=\"lazy\" src=\"https:\/\/player.vimeo.com\/video\/5614921\" width=\"1200\" height=\"330\" frameborder=\"0\" webkitallowfullscreen mozallowfullscreen allowfullscreen><\/iframe><\/div><\/div>\n<p style=\"text-align:center;\">\n<p style=\"text-align:center;\">\n<p><img loading=\"lazy\" decoding=\"async\" data-attachment-id=\"896\" data-permalink=\"https:\/\/yuri.com.br\/claudio\/2009\/07\/16\/ubtboulder-2009-video\/filmando-2\/\" data-orig-file=\"https:\/\/yuri.com.br\/claudio\/wp-content\/uploads\/2009\/07\/filmando1.jpg\" data-orig-size=\"600,357\" data-comments-opened=\"1\" data-image-meta=\"{&quot;aperture&quot;:&quot;0&quot;,&quot;credit&quot;:&quot;&quot;,&quot;camera&quot;:&quot;&quot;,&quot;caption&quot;:&quot;&quot;,&quot;created_timestamp&quot;:&quot;0&quot;,&quot;copyright&quot;:&quot;&quot;,&quot;focal_length&quot;:&quot;0&quot;,&quot;iso&quot;:&quot;0&quot;,&quot;shutter_speed&quot;:&quot;0&quot;,&quot;title&quot;:&quot;&quot;}\" data-image-title=\"Eu filmando\" data-image-description=\"\" data-image-caption=\"\" data-medium-file=\"https:\/\/yuri.com.br\/claudio\/wp-content\/uploads\/2009\/07\/filmando1-300x178.jpg\" data-large-file=\"https:\/\/yuri.com.br\/claudio\/wp-content\/uploads\/2009\/07\/filmando1.jpg\" class=\"aligncenter size-full wp-image-896\" title=\"Eu filmando\" src=\"http:\/\/yuri.com.br\/claudio\/wp-content\/uploads\/2009\/07\/filmando1.jpg\" alt=\"Eu filmando\" width=\"600\" height=\"357\" srcset=\"https:\/\/yuri.com.br\/claudio\/wp-content\/uploads\/2009\/07\/filmando1.jpg 600w, https:\/\/yuri.com.br\/claudio\/wp-content\/uploads\/2009\/07\/filmando1-300x178.jpg 300w, https:\/\/yuri.com.br\/claudio\/wp-content\/uploads\/2009\/07\/filmando1-210x124.jpg 210w\" sizes=\"auto, (max-width: 600px) 100vw, 600px\" \/><\/p>\n<p style=\"text-align:center;\">(foto por <a href=\"http:\/\/www.naokiarima.com\/\" target=\"_blank\">Naoki Arima<\/a>)<\/p>\n","protected":false},"excerpt":{"rendered":"<p>Acessem: http:\/\/www.escaladacafe.com.br\/noticias\/ubtboulder-2009-video (foto por Naoki Arima)<\/p>\n","protected":false},"author":2,"featured_media":894,"comment_status":"open","ping_status":"open","sticky":false,"template":"","format":"standard","meta":{"neve_meta_sidebar":"","neve_meta_container":"","neve_meta_enable_content_width":"","neve_meta_content_width":0,"neve_meta_title_alignment":"","neve_meta_author_avatar":"","neve_post_elements_order":"","neve_meta_disable_header":"","neve_meta_disable_footer":"","neve_meta_disable_title":"","jetpack_post_was_ever_published":false,"_jetpack_newsletter_access":"","_jetpack_dont_email_post_to_subs":false,"_jetpack_newsletter_tier_id":0,"_jetpack_memberships_contains_paywalled_content":false,"_jetpack_memberships_contains_paid_content":false,"footnotes":"","jetpack_publicize_message":"","jetpack_publicize_feature_enabled":true,"jetpack_social_post_already_shared":false,"jetpack_social_options":{"image_generator_settings":{"template":"highway","default_image_id":0,"font":"","enabled":false},"version":2}},"categories":[3],"tags":[82],"class_list":["post-887","post","type-post","status-publish","format-standard","has-post-thumbnail","hentry","category-escalada","tag-ubtboulder"],"jetpack_publicize_connections":[],"jetpack_featured_media_url":"https:\/\/yuri.com.br\/claudio\/wp-content\/uploads\/2009\/07\/filmando.jpg","jetpack_shortlink":"https:\/\/wp.me\/p4i7cB-ej","jetpack_sharing_enabled":true,"jetpack-related-posts":[{"id":918,"url":"https:\/\/yuri.com.br\/claudio\/2009\/07\/27\/video-do-ouroboulder\/","url_meta":{"origin":887,"position":0},"title":"V\u00eddeo do Ouroboulder","author":"claudio","date":"27\/jul\/2009","format":false,"excerpt":"Assista no Escalada Caf\u00e9 ao curta do Ouroboulder 2009: http:\/\/www.escaladacafe.com.br\/noticias\/ouroboulder-2009-video Espero que gostem... ..viva o \u00f3cio! :-)","rel":"","context":"Em &quot;Escalada&quot;","block_context":{"text":"Escalada","link":"https:\/\/yuri.com.br\/claudio\/category\/escalada\/"},"img":{"alt_text":"","src":"","width":0,"height":0},"classes":[]},{"id":992,"url":"https:\/\/yuri.com.br\/claudio\/2009\/08\/26\/hatch-cg\/","url_meta":{"origin":887,"position":1},"title":"Hatch \/ CG","author":"claudio","date":"26\/ago\/2009","format":false,"excerpt":"Pra quem curte \"efeitos especiais\" em cen\u00e1rios impratic\u00e1veis sem a computa\u00e7\u00e3o gr\u00e1fica, esse v\u00eddeo da produtora Hatch (3 malucos que trabalharam, por exemplo, com Senhor dos An\u00e9is e Matrix) \u00e9 imperd\u00edvel: http:\/\/www.hatchfx.com\/realistic_demo.php","rel":"","context":"Em &quot;Escalada&quot;","block_context":{"text":"Escalada","link":"https:\/\/yuri.com.br\/claudio\/category\/escalada\/"},"img":{"alt_text":"","src":"https:\/\/i0.wp.com\/yuri.com.br\/claudio\/wp-content\/uploads\/2009\/08\/bprd_concept.jpg?resize=350%2C200&ssl=1","width":350,"height":200,"srcset":"https:\/\/i0.wp.com\/yuri.com.br\/claudio\/wp-content\/uploads\/2009\/08\/bprd_concept.jpg?resize=350%2C200&ssl=1 1x, https:\/\/i0.wp.com\/yuri.com.br\/claudio\/wp-content\/uploads\/2009\/08\/bprd_concept.jpg?resize=525%2C300&ssl=1 1.5x, https:\/\/i0.wp.com\/yuri.com.br\/claudio\/wp-content\/uploads\/2009\/08\/bprd_concept.jpg?resize=700%2C400&ssl=1 2x"},"classes":[]},{"id":713,"url":"https:\/\/yuri.com.br\/claudio\/2009\/05\/24\/video-campeonato-estadual-rj-1a-etapa\/","url_meta":{"origin":887,"position":2},"title":"V\u00eddeo &#8211; Campeonato Estadual RJ (1a. Etapa)","author":"claudio","date":"24\/maio\/2009","format":false,"excerpt":"Segue mais um v\u00eddeo\/curta feito com carinho no formato widescreen mais trilhas escolhidas a dedo :-) Desta vez do campeonato estadual aqui do RJ, categoria dos marmanjos: \u00c9 s\u00f3 uma lembrancinha mesmo, pois percebi que filmar, competir, dar seg, trabalhar 50hs por semana, etc - dificulta um pouco o resultado\u2026","rel":"","context":"Em &quot;Escalada&quot;","block_context":{"text":"Escalada","link":"https:\/\/yuri.com.br\/claudio\/category\/escalada\/"},"img":{"alt_text":"","src":"","width":0,"height":0},"classes":[]},{"id":1200,"url":"https:\/\/yuri.com.br\/claudio\/2009\/11\/19\/video\/","url_meta":{"origin":887,"position":3},"title":"V\u00eddeo","author":"claudio","date":"19\/nov\/2009","format":false,"excerpt":"Edi\u00e7\u00e3o r\u00e1pida do \u00faltimo domingo em Itacoatiara (filmado com a 7D)","rel":"","context":"Em &quot;Escalada&quot;","block_context":{"text":"Escalada","link":"https:\/\/yuri.com.br\/claudio\/category\/escalada\/"},"img":{"alt_text":"","src":"","width":0,"height":0},"classes":[]},{"id":449,"url":"https:\/\/yuri.com.br\/claudio\/2009\/03\/02\/pracinha-de-itacoatiara-video\/","url_meta":{"origin":887,"position":4},"title":"Pracinha de Itacoatiara &#8211; v\u00eddeo","author":"claudio","date":"2\/mar\/2009","format":false,"excerpt":"Editei mais um \"clipezinho\" recente, desta vez da ador\u00e1vel Pracinha de Itacoatiara, em Niter\u00f3i\/RJ. Trata-se de uma pra\u00e7a cheia de blocos de granito, literalmente. Localizada em um bairro\u00a0praiano residencial super tranquilo, a sensa\u00e7\u00e3o \u00e9 de escalada urbana com a maior paz que se pode ter. Praticamente estaciona-se ao lado dos\u2026","rel":"","context":"Em &quot;Escalada&quot;","block_context":{"text":"Escalada","link":"https:\/\/yuri.com.br\/claudio\/category\/escalada\/"},"img":{"alt_text":"","src":"","width":0,"height":0},"classes":[]},{"id":358,"url":"https:\/\/yuri.com.br\/claudio\/2009\/01\/06\/videos\/","url_meta":{"origin":887,"position":5},"title":"V\u00eddeos","author":"claudio","date":"6\/jan\/2009","format":false,"excerpt":"Divulgando alguns v\u00eddeos recentes: Bazar de Natal 2008 - Confraterniza\u00e7\u00e3o! \u00a0 \u00a0\u00daltima Etapa do Campeonato Estadual\/RJ 2008 (Iniciante Feminino)","rel":"","context":"Em &quot;Escalada&quot;","block_context":{"text":"Escalada","link":"https:\/\/yuri.com.br\/claudio\/category\/escalada\/"},"img":{"alt_text":"","src":"","width":0,"height":0},"classes":[]}],"_links":{"self":[{"href":"https:\/\/yuri.com.br\/claudio\/wp-json\/wp\/v2\/posts\/887","targetHints":{"allow":["GET"]}}],"collection":[{"href":"https:\/\/yuri.com.br\/claudio\/wp-json\/wp\/v2\/posts"}],"about":[{"href":"https:\/\/yuri.com.br\/claudio\/wp-json\/wp\/v2\/types\/post"}],"author":[{"embeddable":true,"href":"https:\/\/yuri.com.br\/claudio\/wp-json\/wp\/v2\/users\/2"}],"replies":[{"embeddable":true,"href":"https:\/\/yuri.com.br\/claudio\/wp-json\/wp\/v2\/comments?post=887"}],"version-history":[{"count":0,"href":"https:\/\/yuri.com.br\/claudio\/wp-json\/wp\/v2\/posts\/887\/revisions"}],"wp:featuredmedia":[{"embeddable":true,"href":"https:\/\/yuri.com.br\/claudio\/wp-json\/wp\/v2\/media\/894"}],"wp:attachment":[{"href":"https:\/\/yuri.com.br\/claudio\/wp-json\/wp\/v2\/media?parent=887"}],"wp:term":[{"taxonomy":"category","embeddable":true,"href":"https:\/\/yuri.com.br\/claudio\/wp-json\/wp\/v2\/categories?post=887"},{"taxonomy":"post_tag","embeddable":true,"href":"https:\/\/yuri.com.br\/claudio\/wp-json\/wp\/v2\/tags?post=887"}],"curies":[{"name":"wp","href":"https:\/\/api.w.org\/{rel}","templated":true}]}}