{"id":879,"date":"2009-07-13T14:20:50","date_gmt":"2009-07-13T14:20:50","guid":{"rendered":"http:\/\/claudiobr.wordpress.com\/?p=879"},"modified":"2009-07-13T14:20:50","modified_gmt":"2009-07-13T14:20:50","slug":"dai-me-pele","status":"publish","type":"post","link":"https:\/\/yuri.com.br\/claudio\/2009\/07\/13\/dai-me-pele\/","title":{"rendered":"Dai-me pele"},"content":{"rendered":"<p style=\"text-align:center;\"><img loading=\"lazy\" decoding=\"async\" data-attachment-id=\"880\" data-permalink=\"https:\/\/yuri.com.br\/claudio\/2009\/07\/13\/dai-me-pele\/noskin\/\" data-orig-file=\"https:\/\/yuri.com.br\/claudio\/wp-content\/uploads\/2009\/07\/noskin.jpg\" data-orig-size=\"800,600\" data-comments-opened=\"1\" data-image-meta=\"{&quot;aperture&quot;:&quot;0&quot;,&quot;credit&quot;:&quot;&quot;,&quot;camera&quot;:&quot;&quot;,&quot;caption&quot;:&quot;&quot;,&quot;created_timestamp&quot;:&quot;0&quot;,&quot;copyright&quot;:&quot;&quot;,&quot;focal_length&quot;:&quot;0&quot;,&quot;iso&quot;:&quot;0&quot;,&quot;shutter_speed&quot;:&quot;0&quot;,&quot;title&quot;:&quot;&quot;}\" data-image-title=\"Meus dedinhos\" data-image-description=\"\" data-image-caption=\"\" data-medium-file=\"https:\/\/yuri.com.br\/claudio\/wp-content\/uploads\/2009\/07\/noskin-300x225.jpg\" data-large-file=\"https:\/\/yuri.com.br\/claudio\/wp-content\/uploads\/2009\/07\/noskin.jpg\" class=\"aligncenter size-full wp-image-880\" title=\"Meus dedinhos\" src=\"http:\/\/yuri.com.br\/claudio\/wp-content\/uploads\/2009\/07\/noskin.jpg\" alt=\"Meus dedinhos\" width=\"432\" height=\"324\" srcset=\"https:\/\/yuri.com.br\/claudio\/wp-content\/uploads\/2009\/07\/noskin.jpg 800w, https:\/\/yuri.com.br\/claudio\/wp-content\/uploads\/2009\/07\/noskin-300x225.jpg 300w, https:\/\/yuri.com.br\/claudio\/wp-content\/uploads\/2009\/07\/noskin-210x157.jpg 210w\" sizes=\"auto, (max-width: 432px) 100vw, 432px\" \/><\/p>\n<p><a href=\"http:\/\/escaladacafe.com.br\/content\/ubatuboulder-2009-com-muita-chuva-e-muito-sol\" target=\"_self\">UBT2009<\/a>: foi apenas a 1a. vez que fui (depois de um bom per\u00edodo de molho nos \u00faltimos anos) mas com certeza n\u00e3o ser\u00e1 a \u00faltima. Em cada boulder do Pont\u00e3o havia uma &#8220;mini-session&#8221;, e por um momento batemos o recorde mundial de seg&#8217;s no Van Der Wals: cerca de 90 escaladores embaixo do bloco formando um verdadeiro crashpad humano. Quem mandava era ovacionado em clima de ritual ao Deus Kamon, culminando com um moshe em cima da galera. Como se tratava de uma oferenda religiosa, n\u00e3o filmei esta cena. Mas em breve solto um v\u00eddeo-clipe-souvenir com algumas imagens bacanas deste consagrado evento dos irm\u00e3os Paranhos.<\/p>\n<p>Brincadeiras \u00e0 parte, \u00e9 sempre muito bom escalar entre novos e velhos amigos de v\u00e1rias gera\u00e7\u00f5es, e viver essa vibe de alt\u00edssimo astral!<\/p>\n<p>Aproveito para registrar uma informa\u00e7\u00e3o nova a respeito da vers\u00e3o &#8220;sds&#8221; do Ur\u00e9ia: a pincinha do lance inicial sofreu uma pequena quebra, ficando mais rasa e bastante afiada. Devido a mais absoluta falta de pele, n\u00e3o experimentei a novidade mas acredito que o pessoal mais forte deve passar do lance sem altera\u00e7\u00e3o de grau (a parte superior da pega onde cabe uma falange do indicador permanece intacta).<\/p>\n<p>Boa semana a todos<\/p>\n","protected":false},"excerpt":{"rendered":"<p>UBT2009: foi apenas a 1a. vez que fui (depois de um bom per\u00edodo de molho nos \u00faltimos anos) mas com certeza n\u00e3o ser\u00e1 a \u00faltima. Em cada boulder do Pont\u00e3o havia uma &#8220;mini-session&#8221;, e por um momento batemos o recorde mundial de seg&#8217;s no Van Der Wals: cerca de 90 escaladores embaixo do bloco formando&hellip;&nbsp;<a href=\"https:\/\/yuri.com.br\/claudio\/2009\/07\/13\/dai-me-pele\/\" rel=\"bookmark\">Continue a ler &raquo;<span class=\"screen-reader-text\">Dai-me pele<\/span><\/a><\/p>\n","protected":false},"author":2,"featured_media":880,"comment_status":"open","ping_status":"open","sticky":false,"template":"","format":"standard","meta":{"neve_meta_sidebar":"","neve_meta_container":"","neve_meta_enable_content_width":"","neve_meta_content_width":0,"neve_meta_title_alignment":"","neve_meta_author_avatar":"","neve_post_elements_order":"","neve_meta_disable_header":"","neve_meta_disable_footer":"","neve_meta_disable_title":"","jetpack_post_was_ever_published":false,"_jetpack_newsletter_access":"","_jetpack_dont_email_post_to_subs":false,"_jetpack_newsletter_tier_id":0,"_jetpack_memberships_contains_paywalled_content":false,"_jetpack_memberships_contains_paid_content":false,"footnotes":"","jetpack_publicize_message":"","jetpack_publicize_feature_enabled":true,"jetpack_social_post_already_shared":false,"jetpack_social_options":{"image_generator_settings":{"template":"highway","default_image_id":0,"font":"","enabled":false},"version":2}},"categories":[3],"tags":[],"class_list":["post-879","post","type-post","status-publish","format-standard","has-post-thumbnail","hentry","category-escalada"],"jetpack_publicize_connections":[],"jetpack_featured_media_url":"https:\/\/yuri.com.br\/claudio\/wp-content\/uploads\/2009\/07\/noskin.jpg","jetpack_shortlink":"https:\/\/wp.me\/p4i7cB-eb","jetpack_sharing_enabled":true,"jetpack-related-posts":[{"id":254,"url":"https:\/\/yuri.com.br\/claudio\/2008\/10\/31\/sobre-o-campeonato-estadual-de-boulder-rj-2008\/","url_meta":{"origin":879,"position":0},"title":"Sobre o Campeonato Estadual de Boulder RJ 2008","author":"claudio","date":"31\/out\/2008","format":false,"excerpt":"Neste m\u00eas de outubro\u00a0terminou o Campeonato Estadual de Escalada (Boulder) do RJ 2008. Sobre os resultados oficiais eu indico 2 artigos: Blog da Lojinha de Escalada Blog do Caio Gomes E clicando neste link pode-se conferir algumas fotos que fiz desta \u00faltima etapa na Limite Vertical. Aproveito este espa\u00e7o para\u2026","rel":"","context":"Em &quot;Escalada&quot;","block_context":{"text":"Escalada","link":"https:\/\/yuri.com.br\/claudio\/category\/escalada\/"},"img":{"alt_text":"","src":"https:\/\/i0.wp.com\/yuri.com.br\/claudio\/wp-content\/uploads\/2008\/10\/jornaldossports_estadualrj2008.jpg?resize=350%2C200&ssl=1","width":350,"height":200,"srcset":"https:\/\/i0.wp.com\/yuri.com.br\/claudio\/wp-content\/uploads\/2008\/10\/jornaldossports_estadualrj2008.jpg?resize=350%2C200&ssl=1 1x, https:\/\/i0.wp.com\/yuri.com.br\/claudio\/wp-content\/uploads\/2008\/10\/jornaldossports_estadualrj2008.jpg?resize=525%2C300&ssl=1 1.5x, https:\/\/i0.wp.com\/yuri.com.br\/claudio\/wp-content\/uploads\/2008\/10\/jornaldossports_estadualrj2008.jpg?resize=700%2C400&ssl=1 2x"},"classes":[]},{"id":809,"url":"https:\/\/yuri.com.br\/claudio\/2009\/06\/26\/pipoca\/","url_meta":{"origin":879,"position":1},"title":"Pipoca","author":"claudio","date":"26\/jun\/2009","format":false,"excerpt":"Gra\u00e7as ao \"desapego\" de colegas, pude assistir ao esperado filme Masters of Stone VI, e desta vez compartilho o link e algumas impress\u00f5es: para quem n\u00e3o conhece, a s\u00e9rie Masters of Stone \u00e9 como um \"av\u00f4\" dos Dosage's, com direito a escaladores vestindo lycra e fazendo coisas extremas em diversas\u2026","rel":"","context":"Em &quot;Escalada&quot;","block_context":{"text":"Escalada","link":"https:\/\/yuri.com.br\/claudio\/category\/escalada\/"},"img":{"alt_text":"","src":"","width":0,"height":0},"classes":[]},{"id":170,"url":"https:\/\/yuri.com.br\/claudio\/2008\/08\/28\/ainda-sobre-a-ultima-etapa-do-carioca-de-boulder\/","url_meta":{"origin":879,"position":2},"title":"Ainda sobre a \u00faltima etapa do carioca de boulder","author":"claudio","date":"28\/ago\/2008","format":false,"excerpt":"O escalador niteroiense Caio Gomes, vencedor da \u00faltima etapa do campeonato carioca 2008, \"Etapa Paulo Macaco\", escreveu um artigo mais completo sobre o o evento para o Webventure. Gostaria de citar e destacar um par\u00e1grafo em especial: \"O que chamou muita aten\u00e7\u00e3o nessa etapa, foi o numero bastante reduzido de\u2026","rel":"","context":"Em &quot;Escalada&quot;","block_context":{"text":"Escalada","link":"https:\/\/yuri.com.br\/claudio\/category\/escalada\/"},"img":{"alt_text":"","src":"https:\/\/i0.wp.com\/farm4.static.flickr.com\/3060\/2774639781_89570c6d42.jpg?resize=350%2C200","width":350,"height":200},"classes":[]},{"id":946,"url":"https:\/\/yuri.com.br\/claudio\/2009\/08\/10\/limite-vertical-c-e-l-v\/","url_meta":{"origin":879,"position":3},"title":"Limite Vertical (C.E.L.V.)","author":"claudio","date":"10\/ago\/2009","format":false,"excerpt":"A Limite Vertical (C.E.L.V.) \u00e9 um tradicional reduto underground de escaladores aqui no RJ\/capital, onde vc pode treinar, arrumar parcerias ou simplesmente bater aquele bom papo \"et\u00edlico\" entre amigos. Uns dias atr\u00e1s o Naoki me pilhou pra fazer umas fotos por l\u00e1, ent\u00e3o na \u00faltima quinta-feira levei meus flashes e\u2026","rel":"","context":"Em &quot;Escalada&quot;","block_context":{"text":"Escalada","link":"https:\/\/yuri.com.br\/claudio\/category\/escalada\/"},"img":{"alt_text":"","src":"https:\/\/i0.wp.com\/farm3.static.flickr.com\/2576\/3808027430_07475e2319.jpg?resize=350%2C200","width":350,"height":200},"classes":[]},{"id":4071,"url":"https:\/\/yuri.com.br\/claudio\/2012\/09\/19\/ubt-session\/","url_meta":{"origin":879,"position":4},"title":"UBT session","author":"claudio","date":"19\/set\/2012","format":false,"excerpt":"Depois de muito tempo sem viajar para escalar, por fim uma rock-trip! Apesar do calorz\u00e3o que anda fazendo esses dias, \u00e9 sempre bom estar nesse point t\u00e3o desenvolvido e com uma incr\u00edvel concentra\u00e7\u00e3o de op\u00e7\u00f5es por metro quadrado. Tamb\u00e9m foi bom poder me testar e perceber que S\u00e3o Bento tem\u2026","rel":"","context":"Em &quot;Escalada&quot;","block_context":{"text":"Escalada","link":"https:\/\/yuri.com.br\/claudio\/category\/escalada\/"},"img":{"alt_text":"","src":"https:\/\/i0.wp.com\/yuri.com.br\/claudio\/wp-content\/uploads\/2012\/09\/ubt_paisagem2012set.jpg?resize=350%2C200&ssl=1","width":350,"height":200},"classes":[]},{"id":1573,"url":"https:\/\/yuri.com.br\/claudio\/2010\/02\/25\/centro-de-escalada-jpa\/","url_meta":{"origin":879,"position":5},"title":"Centro de Escalada JPA","author":"claudio","date":"25\/fev\/2010","format":false,"excerpt":"Estive esses dias no novo \"Centro de Escalada JPA\", na zona oeste do Rio. Que eu me lembre, a \u00faltima vez que a regi\u00e3o contou com um muro decente aberto ao p\u00fablico foi em 2005, no extinto muro do Juba, velhos tempos... Eu (rec\u00e9m mudado ao RJ), Caio (pra variar\u2026","rel":"","context":"Em &quot;Escalada&quot;","block_context":{"text":"Escalada","link":"https:\/\/yuri.com.br\/claudio\/category\/escalada\/"},"img":{"alt_text":"","src":"https:\/\/i0.wp.com\/yuri.com.br\/claudio\/wp-content\/uploads\/2010\/02\/escaladabr_2.jpg?resize=350%2C200&ssl=1","width":350,"height":200,"srcset":"https:\/\/i0.wp.com\/yuri.com.br\/claudio\/wp-content\/uploads\/2010\/02\/escaladabr_2.jpg?resize=350%2C200&ssl=1 1x, https:\/\/i0.wp.com\/yuri.com.br\/claudio\/wp-content\/uploads\/2010\/02\/escaladabr_2.jpg?resize=525%2C300&ssl=1 1.5x"},"classes":[]}],"_links":{"self":[{"href":"https:\/\/yuri.com.br\/claudio\/wp-json\/wp\/v2\/posts\/879","targetHints":{"allow":["GET"]}}],"collection":[{"href":"https:\/\/yuri.com.br\/claudio\/wp-json\/wp\/v2\/posts"}],"about":[{"href":"https:\/\/yuri.com.br\/claudio\/wp-json\/wp\/v2\/types\/post"}],"author":[{"embeddable":true,"href":"https:\/\/yuri.com.br\/claudio\/wp-json\/wp\/v2\/users\/2"}],"replies":[{"embeddable":true,"href":"https:\/\/yuri.com.br\/claudio\/wp-json\/wp\/v2\/comments?post=879"}],"version-history":[{"count":0,"href":"https:\/\/yuri.com.br\/claudio\/wp-json\/wp\/v2\/posts\/879\/revisions"}],"wp:featuredmedia":[{"embeddable":true,"href":"https:\/\/yuri.com.br\/claudio\/wp-json\/wp\/v2\/media\/880"}],"wp:attachment":[{"href":"https:\/\/yuri.com.br\/claudio\/wp-json\/wp\/v2\/media?parent=879"}],"wp:term":[{"taxonomy":"category","embeddable":true,"href":"https:\/\/yuri.com.br\/claudio\/wp-json\/wp\/v2\/categories?post=879"},{"taxonomy":"post_tag","embeddable":true,"href":"https:\/\/yuri.com.br\/claudio\/wp-json\/wp\/v2\/tags?post=879"}],"curies":[{"name":"wp","href":"https:\/\/api.w.org\/{rel}","templated":true}]}}