{"id":8436,"date":"2015-02-14T10:59:26","date_gmt":"2015-02-14T10:59:26","guid":{"rendered":"http:\/\/yuri.com.br\/claudio\/?p=8436"},"modified":"2015-02-14T14:47:00","modified_gmt":"2015-02-14T14:47:00","slug":"el-chalten","status":"publish","type":"post","link":"https:\/\/yuri.com.br\/claudio\/2015\/02\/14\/el-chalten\/","title":{"rendered":"El Chalten"},"content":{"rendered":"<p>Depois de tantos anos sem (muita vontade de) viajar pra longe, resolvemos sair da toca<!--more-->, fugir da chuva e do calor para escalar boulder no vento frio da Patagonia Argentina! Na verdade, sabemos que El Chalten \u00e9 muito mais que um destino boulder\u00edstico. O que encontramos n\u00e3o foi somente frio e bons blocos, mas sim uma cultura local fascinante e o principal, os cen\u00e1rios surreais do Parque Nacional Los Glaciares. Ainda sem muito saco pra blogar, vou abreviar o relato e deixar voc\u00eas com algumas fotos de celular (por incr\u00edvel que pare\u00e7a, n\u00e3o levei minha c\u00e2mera fotogr\u00e1fica!) e o resto pode ser visto no <a href=\"http:\/\/instagram.com\/claudiaoclubedos30\/\" target=\"_blank\">Instagram<\/a>, ou no <a href=\"http:\/\/yuri.com.br\/claudio\/instaseries\/\" target=\"_blank\">INSTAseries<\/a> caso queiram conferir uma ou outra escalada que registrei por l\u00e1. Precisando de betas (principalmente de boulder, o que n\u00e3o tem muito na net), \u00e9 s\u00f3 me escrever&#8230;<\/p>\n<div data-carousel-extra='{&quot;blog_id&quot;:1,&quot;permalink&quot;:&quot;https:\/\/yuri.com.br\/claudio\/2015\/02\/14\/el-chalten\/&quot;}' id='gallery-1' class='gallery galleryid-8436 gallery-columns-3 gallery-size-thumbnail'><figure class='gallery-item'>\n\t\t\t<div class='gallery-icon landscape'>\n\t\t\t\t<a href='https:\/\/yuri.com.br\/claudio\/cell-phone-shots\/chalten_fitzroy2\/'><img loading=\"lazy\" decoding=\"async\" width=\"150\" height=\"62\" src=\"https:\/\/yuri.com.br\/claudio\/wp-content\/uploads\/2015\/02\/Chalten_FitzRoy2-150x62.jpg\" class=\"attachment-thumbnail size-thumbnail\" alt=\"\" aria-describedby=\"gallery-1-8420\" srcset=\"https:\/\/yuri.com.br\/claudio\/wp-content\/uploads\/2015\/02\/Chalten_FitzRoy2-150x62.jpg 150w, https:\/\/yuri.com.br\/claudio\/wp-content\/uploads\/2015\/02\/Chalten_FitzRoy2-300x124.jpg 300w, https:\/\/yuri.com.br\/claudio\/wp-content\/uploads\/2015\/02\/Chalten_FitzRoy2-695x289.jpg 695w, https:\/\/yuri.com.br\/claudio\/wp-content\/uploads\/2015\/02\/Chalten_FitzRoy2-930x386.jpg 930w, https:\/\/yuri.com.br\/claudio\/wp-content\/uploads\/2015\/02\/Chalten_FitzRoy2.jpg 1200w\" sizes=\"auto, (max-width: 150px) 100vw, 150px\" data-attachment-id=\"8420\" data-permalink=\"https:\/\/yuri.com.br\/claudio\/cell-phone-shots\/chalten_fitzroy2\/\" data-orig-file=\"https:\/\/yuri.com.br\/claudio\/wp-content\/uploads\/2015\/02\/Chalten_FitzRoy2.jpg\" data-orig-size=\"1200,499\" data-comments-opened=\"1\" data-image-meta=\"{&quot;aperture&quot;:&quot;0&quot;,&quot;credit&quot;:&quot;&quot;,&quot;camera&quot;:&quot;&quot;,&quot;caption&quot;:&quot;&quot;,&quot;created_timestamp&quot;:&quot;0&quot;,&quot;copyright&quot;:&quot;&quot;,&quot;focal_length&quot;:&quot;0&quot;,&quot;iso&quot;:&quot;0&quot;,&quot;shutter_speed&quot;:&quot;0&quot;,&quot;title&quot;:&quot;&quot;}\" data-image-title=\"Cerro Fitz Roy com a cidade de El Chalten logo abaixo\" data-image-description=\"\" data-image-caption=\"&lt;p&gt;Cerro Fitz Roy com a cidade de El Chalten logo abaixo&lt;\/p&gt;\n\" data-medium-file=\"https:\/\/yuri.com.br\/claudio\/wp-content\/uploads\/2015\/02\/Chalten_FitzRoy2-300x124.jpg\" data-large-file=\"https:\/\/yuri.com.br\/claudio\/wp-content\/uploads\/2015\/02\/Chalten_FitzRoy2.jpg\" \/><\/a>\n\t\t\t<\/div>\n\t\t\t\t<figcaption class='wp-caption-text gallery-caption' id='gallery-1-8420'>\n\t\t\t\tCerro Fitz Roy com a cidade de El Chalten logo abaixo\n\t\t\t\t<\/figcaption><\/figure><figure class='gallery-item'>\n\t\t\t<div class='gallery-icon landscape'>\n\t\t\t\t<a href='https:\/\/yuri.com.br\/claudio\/chalten_cerrotorre\/'><img loading=\"lazy\" decoding=\"async\" width=\"150\" height=\"62\" src=\"https:\/\/yuri.com.br\/claudio\/wp-content\/uploads\/2015\/02\/Chalten_CerroTorre-150x62.jpg\" class=\"attachment-thumbnail size-thumbnail\" alt=\"\" aria-describedby=\"gallery-1-8418\" srcset=\"https:\/\/yuri.com.br\/claudio\/wp-content\/uploads\/2015\/02\/Chalten_CerroTorre-150x62.jpg 150w, https:\/\/yuri.com.br\/claudio\/wp-content\/uploads\/2015\/02\/Chalten_CerroTorre-300x124.jpg 300w, https:\/\/yuri.com.br\/claudio\/wp-content\/uploads\/2015\/02\/Chalten_CerroTorre-695x289.jpg 695w, https:\/\/yuri.com.br\/claudio\/wp-content\/uploads\/2015\/02\/Chalten_CerroTorre-930x386.jpg 930w, https:\/\/yuri.com.br\/claudio\/wp-content\/uploads\/2015\/02\/Chalten_CerroTorre.jpg 1200w\" sizes=\"auto, (max-width: 150px) 100vw, 150px\" data-attachment-id=\"8418\" data-permalink=\"https:\/\/yuri.com.br\/claudio\/chalten_cerrotorre\/\" data-orig-file=\"https:\/\/yuri.com.br\/claudio\/wp-content\/uploads\/2015\/02\/Chalten_CerroTorre.jpg\" data-orig-size=\"1200,499\" data-comments-opened=\"1\" data-image-meta=\"{&quot;aperture&quot;:&quot;0&quot;,&quot;credit&quot;:&quot;&quot;,&quot;camera&quot;:&quot;&quot;,&quot;caption&quot;:&quot;&quot;,&quot;created_timestamp&quot;:&quot;0&quot;,&quot;copyright&quot;:&quot;&quot;,&quot;focal_length&quot;:&quot;0&quot;,&quot;iso&quot;:&quot;0&quot;,&quot;shutter_speed&quot;:&quot;0&quot;,&quot;title&quot;:&quot;&quot;}\" data-image-title=\"Cerro Torre @ El Chalten\" data-image-description=\"\" data-image-caption=\"&lt;p&gt;Cerro Torre&lt;\/p&gt;\n\" data-medium-file=\"https:\/\/yuri.com.br\/claudio\/wp-content\/uploads\/2015\/02\/Chalten_CerroTorre-300x124.jpg\" data-large-file=\"https:\/\/yuri.com.br\/claudio\/wp-content\/uploads\/2015\/02\/Chalten_CerroTorre.jpg\" \/><\/a>\n\t\t\t<\/div>\n\t\t\t\t<figcaption class='wp-caption-text gallery-caption' id='gallery-1-8418'>\n\t\t\t\tCerro Torre\n\t\t\t\t<\/figcaption><\/figure><figure class='gallery-item'>\n\t\t\t<div class='gallery-icon landscape'>\n\t\t\t\t<a href='https:\/\/yuri.com.br\/claudio\/cell-phone-shots\/chalten_chorrillodelsalto\/'><img loading=\"lazy\" decoding=\"async\" width=\"150\" height=\"112\" src=\"https:\/\/yuri.com.br\/claudio\/wp-content\/uploads\/2015\/02\/Chalten_ChorrilloDelSalto-150x112.jpg\" class=\"attachment-thumbnail size-thumbnail\" alt=\"\" aria-describedby=\"gallery-1-8422\" srcset=\"https:\/\/yuri.com.br\/claudio\/wp-content\/uploads\/2015\/02\/Chalten_ChorrilloDelSalto-150x112.jpg 150w, https:\/\/yuri.com.br\/claudio\/wp-content\/uploads\/2015\/02\/Chalten_ChorrilloDelSalto-300x225.jpg 300w, https:\/\/yuri.com.br\/claudio\/wp-content\/uploads\/2015\/02\/Chalten_ChorrilloDelSalto-695x521.jpg 695w, https:\/\/yuri.com.br\/claudio\/wp-content\/uploads\/2015\/02\/Chalten_ChorrilloDelSalto-930x697.jpg 930w, https:\/\/yuri.com.br\/claudio\/wp-content\/uploads\/2015\/02\/Chalten_ChorrilloDelSalto.jpg 1200w\" sizes=\"auto, (max-width: 150px) 100vw, 150px\" data-attachment-id=\"8422\" data-permalink=\"https:\/\/yuri.com.br\/claudio\/cell-phone-shots\/chalten_chorrillodelsalto\/\" data-orig-file=\"https:\/\/yuri.com.br\/claudio\/wp-content\/uploads\/2015\/02\/Chalten_ChorrilloDelSalto.jpg\" data-orig-size=\"1200,900\" data-comments-opened=\"1\" data-image-meta=\"{&quot;aperture&quot;:&quot;0&quot;,&quot;credit&quot;:&quot;&quot;,&quot;camera&quot;:&quot;&quot;,&quot;caption&quot;:&quot;&quot;,&quot;created_timestamp&quot;:&quot;0&quot;,&quot;copyright&quot;:&quot;&quot;,&quot;focal_length&quot;:&quot;0&quot;,&quot;iso&quot;:&quot;0&quot;,&quot;shutter_speed&quot;:&quot;0&quot;,&quot;title&quot;:&quot;&quot;}\" data-image-title=\"\u00c1guas geladas e cristalinas do Chorrillo del salto\" data-image-description=\"\" data-image-caption=\"&lt;p&gt;\u00c1guas geladas e cristalinas do Chorrillo del salto&lt;\/p&gt;\n\" data-medium-file=\"https:\/\/yuri.com.br\/claudio\/wp-content\/uploads\/2015\/02\/Chalten_ChorrilloDelSalto-300x225.jpg\" data-large-file=\"https:\/\/yuri.com.br\/claudio\/wp-content\/uploads\/2015\/02\/Chalten_ChorrilloDelSalto.jpg\" \/><\/a>\n\t\t\t<\/div>\n\t\t\t\t<figcaption class='wp-caption-text gallery-caption' id='gallery-1-8422'>\n\t\t\t\t\u00c1guas geladas e cristalinas do Chorrillo del salto\n\t\t\t\t<\/figcaption><\/figure><figure class='gallery-item'>\n\t\t\t<div class='gallery-icon landscape'>\n\t\t\t\t<a href='https:\/\/yuri.com.br\/claudio\/cell-phone-shots\/chalten_calafate\/'><img loading=\"lazy\" decoding=\"async\" width=\"150\" height=\"84\" src=\"https:\/\/yuri.com.br\/claudio\/wp-content\/uploads\/2015\/02\/Chalten_Calafate-150x84.jpg\" class=\"attachment-thumbnail size-thumbnail\" alt=\"\" aria-describedby=\"gallery-1-8424\" srcset=\"https:\/\/yuri.com.br\/claudio\/wp-content\/uploads\/2015\/02\/Chalten_Calafate-150x84.jpg 150w, https:\/\/yuri.com.br\/claudio\/wp-content\/uploads\/2015\/02\/Chalten_Calafate-300x168.jpg 300w, https:\/\/yuri.com.br\/claudio\/wp-content\/uploads\/2015\/02\/Chalten_Calafate-695x390.jpg 695w, https:\/\/yuri.com.br\/claudio\/wp-content\/uploads\/2015\/02\/Chalten_Calafate-930x523.jpg 930w, https:\/\/yuri.com.br\/claudio\/wp-content\/uploads\/2015\/02\/Chalten_Calafate.jpg 1200w\" sizes=\"auto, (max-width: 150px) 100vw, 150px\" data-attachment-id=\"8424\" data-permalink=\"https:\/\/yuri.com.br\/claudio\/cell-phone-shots\/chalten_calafate\/\" data-orig-file=\"https:\/\/yuri.com.br\/claudio\/wp-content\/uploads\/2015\/02\/Chalten_Calafate.jpg\" data-orig-size=\"1200,675\" data-comments-opened=\"1\" data-image-meta=\"{&quot;aperture&quot;:&quot;4.5&quot;,&quot;credit&quot;:&quot;Claudio Brisighello&quot;,&quot;camera&quot;:&quot;Canon EOS 7D&quot;,&quot;caption&quot;:&quot;&quot;,&quot;created_timestamp&quot;:&quot;1404665480&quot;,&quot;copyright&quot;:&quot;&quot;,&quot;focal_length&quot;:&quot;11&quot;,&quot;iso&quot;:&quot;320&quot;,&quot;shutter_speed&quot;:&quot;0.005&quot;,&quot;title&quot;:&quot;&quot;}\" data-image-title=\"Calafate, uma deliciosa e abundante frutinha da Patagonia\" data-image-description=\"\" data-image-caption=\"&lt;p&gt;Calafate, uma deliciosa e abundante frutinha da Patagonia&lt;\/p&gt;\n\" data-medium-file=\"https:\/\/yuri.com.br\/claudio\/wp-content\/uploads\/2015\/02\/Chalten_Calafate-300x168.jpg\" data-large-file=\"https:\/\/yuri.com.br\/claudio\/wp-content\/uploads\/2015\/02\/Chalten_Calafate.jpg\" \/><\/a>\n\t\t\t<\/div>\n\t\t\t\t<figcaption class='wp-caption-text gallery-caption' id='gallery-1-8424'>\n\t\t\t\tCalafate, uma deliciosa e abundante frutinha da Patagonia\n\t\t\t\t<\/figcaption><\/figure><figure class='gallery-item'>\n\t\t\t<div class='gallery-icon landscape'>\n\t\t\t\t<a href='https:\/\/yuri.com.br\/claudio\/cell-phone-shots\/chalten_carro\/'><img loading=\"lazy\" decoding=\"async\" width=\"150\" height=\"84\" src=\"https:\/\/yuri.com.br\/claudio\/wp-content\/uploads\/2015\/02\/Chalten_carro-150x84.jpg\" class=\"attachment-thumbnail size-thumbnail\" alt=\"\" aria-describedby=\"gallery-1-8426\" srcset=\"https:\/\/yuri.com.br\/claudio\/wp-content\/uploads\/2015\/02\/Chalten_carro-150x84.jpg 150w, https:\/\/yuri.com.br\/claudio\/wp-content\/uploads\/2015\/02\/Chalten_carro-300x168.jpg 300w, https:\/\/yuri.com.br\/claudio\/wp-content\/uploads\/2015\/02\/Chalten_carro-695x390.jpg 695w, https:\/\/yuri.com.br\/claudio\/wp-content\/uploads\/2015\/02\/Chalten_carro-930x523.jpg 930w, https:\/\/yuri.com.br\/claudio\/wp-content\/uploads\/2015\/02\/Chalten_carro.jpg 1200w\" sizes=\"auto, (max-width: 150px) 100vw, 150px\" data-attachment-id=\"8426\" data-permalink=\"https:\/\/yuri.com.br\/claudio\/cell-phone-shots\/chalten_carro\/\" data-orig-file=\"https:\/\/yuri.com.br\/claudio\/wp-content\/uploads\/2015\/02\/Chalten_carro.jpg\" data-orig-size=\"1200,675\" data-comments-opened=\"1\" data-image-meta=\"{&quot;aperture&quot;:&quot;5&quot;,&quot;credit&quot;:&quot;Claudio Brisighello&quot;,&quot;camera&quot;:&quot;Canon EOS 7D&quot;,&quot;caption&quot;:&quot;&quot;,&quot;created_timestamp&quot;:&quot;1407508064&quot;,&quot;copyright&quot;:&quot;&quot;,&quot;focal_length&quot;:&quot;50&quot;,&quot;iso&quot;:&quot;1250&quot;,&quot;shutter_speed&quot;:&quot;0.025&quot;,&quot;title&quot;:&quot;&quot;}\" data-image-title=\"Nas ruas de El Chalten\" data-image-description=\"\" data-image-caption=\"&lt;p&gt;Nas ruas de El Chalten&lt;\/p&gt;\n\" data-medium-file=\"https:\/\/yuri.com.br\/claudio\/wp-content\/uploads\/2015\/02\/Chalten_carro-300x168.jpg\" data-large-file=\"https:\/\/yuri.com.br\/claudio\/wp-content\/uploads\/2015\/02\/Chalten_carro.jpg\" \/><\/a>\n\t\t\t<\/div>\n\t\t\t\t<figcaption class='wp-caption-text gallery-caption' id='gallery-1-8426'>\n\t\t\t\tNas ruas de El Chalten\n\t\t\t\t<\/figcaption><\/figure><figure class='gallery-item'>\n\t\t\t<div class='gallery-icon landscape'>\n\t\t\t\t<a href='https:\/\/yuri.com.br\/claudio\/cell-phone-shots\/chalten_city\/'><img loading=\"lazy\" decoding=\"async\" width=\"150\" height=\"62\" src=\"https:\/\/yuri.com.br\/claudio\/wp-content\/uploads\/2015\/02\/Chalten_City-150x62.jpg\" class=\"attachment-thumbnail size-thumbnail\" alt=\"\" aria-describedby=\"gallery-1-8427\" srcset=\"https:\/\/yuri.com.br\/claudio\/wp-content\/uploads\/2015\/02\/Chalten_City-150x62.jpg 150w, https:\/\/yuri.com.br\/claudio\/wp-content\/uploads\/2015\/02\/Chalten_City-300x124.jpg 300w, https:\/\/yuri.com.br\/claudio\/wp-content\/uploads\/2015\/02\/Chalten_City-695x289.jpg 695w, https:\/\/yuri.com.br\/claudio\/wp-content\/uploads\/2015\/02\/Chalten_City-930x386.jpg 930w, https:\/\/yuri.com.br\/claudio\/wp-content\/uploads\/2015\/02\/Chalten_City.jpg 1200w\" sizes=\"auto, (max-width: 150px) 100vw, 150px\" data-attachment-id=\"8427\" data-permalink=\"https:\/\/yuri.com.br\/claudio\/cell-phone-shots\/chalten_city\/\" data-orig-file=\"https:\/\/yuri.com.br\/claudio\/wp-content\/uploads\/2015\/02\/Chalten_City.jpg\" data-orig-size=\"1200,499\" data-comments-opened=\"1\" data-image-meta=\"{&quot;aperture&quot;:&quot;2&quot;,&quot;credit&quot;:&quot;&quot;,&quot;camera&quot;:&quot;D5833&quot;,&quot;caption&quot;:&quot;&quot;,&quot;created_timestamp&quot;:&quot;1422442489&quot;,&quot;copyright&quot;:&quot;&quot;,&quot;focal_length&quot;:&quot;4.6&quot;,&quot;iso&quot;:&quot;50&quot;,&quot;shutter_speed&quot;:&quot;0.00015625&quot;,&quot;title&quot;:&quot;&quot;}\" data-image-title=\"Arquitetura @ El Chalten\" data-image-description=\"\" data-image-caption=\"&lt;p&gt;Arquitetura @ El Chalten&lt;\/p&gt;\n\" data-medium-file=\"https:\/\/yuri.com.br\/claudio\/wp-content\/uploads\/2015\/02\/Chalten_City-300x124.jpg\" data-large-file=\"https:\/\/yuri.com.br\/claudio\/wp-content\/uploads\/2015\/02\/Chalten_City.jpg\" \/><\/a>\n\t\t\t<\/div>\n\t\t\t\t<figcaption class='wp-caption-text gallery-caption' id='gallery-1-8427'>\n\t\t\t\tArquitetura @ El Chalten\n\t\t\t\t<\/figcaption><\/figure><figure class='gallery-item'>\n\t\t\t<div class='gallery-icon landscape'>\n\t\t\t\t<a href='https:\/\/yuri.com.br\/claudio\/cell-phone-shots\/chalten_corderoalasador\/'><img loading=\"lazy\" decoding=\"async\" width=\"150\" height=\"150\" src=\"https:\/\/yuri.com.br\/claudio\/wp-content\/uploads\/2015\/02\/Chalten_CorderoAlAsador-150x150.jpg\" class=\"attachment-thumbnail size-thumbnail\" alt=\"\" aria-describedby=\"gallery-1-8428\" srcset=\"https:\/\/yuri.com.br\/claudio\/wp-content\/uploads\/2015\/02\/Chalten_CorderoAlAsador-150x150.jpg 150w, https:\/\/yuri.com.br\/claudio\/wp-content\/uploads\/2015\/02\/Chalten_CorderoAlAsador-300x300.jpg 300w, https:\/\/yuri.com.br\/claudio\/wp-content\/uploads\/2015\/02\/Chalten_CorderoAlAsador-695x695.jpg 695w, https:\/\/yuri.com.br\/claudio\/wp-content\/uploads\/2015\/02\/Chalten_CorderoAlAsador.jpg 800w\" sizes=\"auto, (max-width: 150px) 100vw, 150px\" data-attachment-id=\"8428\" data-permalink=\"https:\/\/yuri.com.br\/claudio\/cell-phone-shots\/chalten_corderoalasador\/\" data-orig-file=\"https:\/\/yuri.com.br\/claudio\/wp-content\/uploads\/2015\/02\/Chalten_CorderoAlAsador.jpg\" data-orig-size=\"800,800\" data-comments-opened=\"1\" data-image-meta=\"{&quot;aperture&quot;:&quot;0&quot;,&quot;credit&quot;:&quot;&quot;,&quot;camera&quot;:&quot;&quot;,&quot;caption&quot;:&quot;&quot;,&quot;created_timestamp&quot;:&quot;0&quot;,&quot;copyright&quot;:&quot;&quot;,&quot;focal_length&quot;:&quot;0&quot;,&quot;iso&quot;:&quot;0&quot;,&quot;shutter_speed&quot;:&quot;0&quot;,&quot;title&quot;:&quot;&quot;}\" data-image-title=\"Tradicional &amp;#8220;Cordero al asador&amp;#8221; sendo preparado no camping\" data-image-description=\"\" data-image-caption=\"&lt;p&gt;Tradicional &amp;#8220;Cordero al asador&amp;#8221; sendo preparado no camping&lt;\/p&gt;\n\" data-medium-file=\"https:\/\/yuri.com.br\/claudio\/wp-content\/uploads\/2015\/02\/Chalten_CorderoAlAsador-300x300.jpg\" data-large-file=\"https:\/\/yuri.com.br\/claudio\/wp-content\/uploads\/2015\/02\/Chalten_CorderoAlAsador.jpg\" \/><\/a>\n\t\t\t<\/div>\n\t\t\t\t<figcaption class='wp-caption-text gallery-caption' id='gallery-1-8428'>\n\t\t\t\tTradicional &#8220;Cordero al asador&#8221; sendo preparado no camping\n\t\t\t\t<\/figcaption><\/figure><figure class='gallery-item'>\n\t\t\t<div class='gallery-icon landscape'>\n\t\t\t\t<a href='https:\/\/yuri.com.br\/claudio\/cell-phone-shots\/chalten_yuri_madsen\/'><img loading=\"lazy\" decoding=\"async\" width=\"150\" height=\"84\" src=\"https:\/\/yuri.com.br\/claudio\/wp-content\/uploads\/2015\/02\/Chalten_Yuri_Madsen-150x84.jpg\" class=\"attachment-thumbnail size-thumbnail\" alt=\"\" aria-describedby=\"gallery-1-8423\" srcset=\"https:\/\/yuri.com.br\/claudio\/wp-content\/uploads\/2015\/02\/Chalten_Yuri_Madsen-150x84.jpg 150w, https:\/\/yuri.com.br\/claudio\/wp-content\/uploads\/2015\/02\/Chalten_Yuri_Madsen-300x168.jpg 300w, https:\/\/yuri.com.br\/claudio\/wp-content\/uploads\/2015\/02\/Chalten_Yuri_Madsen-695x390.jpg 695w, https:\/\/yuri.com.br\/claudio\/wp-content\/uploads\/2015\/02\/Chalten_Yuri_Madsen-930x523.jpg 930w, https:\/\/yuri.com.br\/claudio\/wp-content\/uploads\/2015\/02\/Chalten_Yuri_Madsen.jpg 1200w\" sizes=\"auto, (max-width: 150px) 100vw, 150px\" data-attachment-id=\"8423\" data-permalink=\"https:\/\/yuri.com.br\/claudio\/cell-phone-shots\/chalten_yuri_madsen\/\" data-orig-file=\"https:\/\/yuri.com.br\/claudio\/wp-content\/uploads\/2015\/02\/Chalten_Yuri_Madsen.jpg\" data-orig-size=\"1200,675\" data-comments-opened=\"1\" data-image-meta=\"{&quot;aperture&quot;:&quot;5&quot;,&quot;credit&quot;:&quot;Claudio Brisighello&quot;,&quot;camera&quot;:&quot;Canon EOS 7D&quot;,&quot;caption&quot;:&quot;&quot;,&quot;created_timestamp&quot;:&quot;1407508064&quot;,&quot;copyright&quot;:&quot;&quot;,&quot;focal_length&quot;:&quot;50&quot;,&quot;iso&quot;:&quot;1250&quot;,&quot;shutter_speed&quot;:&quot;0.025&quot;,&quot;title&quot;:&quot;&quot;}\" data-image-title=\"Yuri @ Madsen boulders\" data-image-description=\"\" data-image-caption=\"&lt;p&gt;Yuri @ Madsen boulders&lt;\/p&gt;\n\" data-medium-file=\"https:\/\/yuri.com.br\/claudio\/wp-content\/uploads\/2015\/02\/Chalten_Yuri_Madsen-300x168.jpg\" data-large-file=\"https:\/\/yuri.com.br\/claudio\/wp-content\/uploads\/2015\/02\/Chalten_Yuri_Madsen.jpg\" \/><\/a>\n\t\t\t<\/div>\n\t\t\t\t<figcaption class='wp-caption-text gallery-caption' id='gallery-1-8423'>\n\t\t\t\tYuri @ Madsen boulders\n\t\t\t\t<\/figcaption><\/figure><figure class='gallery-item'>\n\t\t\t<div class='gallery-icon landscape'>\n\t\t\t\t<a href='https:\/\/yuri.com.br\/claudio\/cell-phone-shots\/chalten_madsen\/'><img loading=\"lazy\" decoding=\"async\" width=\"150\" height=\"84\" src=\"https:\/\/yuri.com.br\/claudio\/wp-content\/uploads\/2015\/02\/Chalten_Madsen-150x84.jpg\" class=\"attachment-thumbnail size-thumbnail\" alt=\"\" aria-describedby=\"gallery-1-8425\" srcset=\"https:\/\/yuri.com.br\/claudio\/wp-content\/uploads\/2015\/02\/Chalten_Madsen-150x84.jpg 150w, https:\/\/yuri.com.br\/claudio\/wp-content\/uploads\/2015\/02\/Chalten_Madsen-300x168.jpg 300w, https:\/\/yuri.com.br\/claudio\/wp-content\/uploads\/2015\/02\/Chalten_Madsen-695x390.jpg 695w, https:\/\/yuri.com.br\/claudio\/wp-content\/uploads\/2015\/02\/Chalten_Madsen-930x523.jpg 930w, https:\/\/yuri.com.br\/claudio\/wp-content\/uploads\/2015\/02\/Chalten_Madsen.jpg 1200w\" sizes=\"auto, (max-width: 150px) 100vw, 150px\" data-attachment-id=\"8425\" data-permalink=\"https:\/\/yuri.com.br\/claudio\/cell-phone-shots\/chalten_madsen\/\" data-orig-file=\"https:\/\/yuri.com.br\/claudio\/wp-content\/uploads\/2015\/02\/Chalten_Madsen.jpg\" data-orig-size=\"1200,675\" data-comments-opened=\"1\" data-image-meta=\"{&quot;aperture&quot;:&quot;5&quot;,&quot;credit&quot;:&quot;Claudio Brisighello&quot;,&quot;camera&quot;:&quot;Canon EOS 7D&quot;,&quot;caption&quot;:&quot;&quot;,&quot;created_timestamp&quot;:&quot;1407508064&quot;,&quot;copyright&quot;:&quot;&quot;,&quot;focal_length&quot;:&quot;50&quot;,&quot;iso&quot;:&quot;1250&quot;,&quot;shutter_speed&quot;:&quot;0.025&quot;,&quot;title&quot;:&quot;&quot;}\" data-image-title=\"Bosque de Madsen, um dos setores mais conhecidos de Chalten\" data-image-description=\"\" data-image-caption=\"&lt;p&gt;Bosque de Madsen, um dos setores mais conhecidos de Chalten&lt;\/p&gt;\n\" data-medium-file=\"https:\/\/yuri.com.br\/claudio\/wp-content\/uploads\/2015\/02\/Chalten_Madsen-300x168.jpg\" data-large-file=\"https:\/\/yuri.com.br\/claudio\/wp-content\/uploads\/2015\/02\/Chalten_Madsen.jpg\" \/><\/a>\n\t\t\t<\/div>\n\t\t\t\t<figcaption class='wp-caption-text gallery-caption' id='gallery-1-8425'>\n\t\t\t\tBosque de Madsen, um dos setores mais conhecidos de Chalten\n\t\t\t\t<\/figcaption><\/figure><figure class='gallery-item'>\n\t\t\t<div class='gallery-icon portrait'>\n\t\t\t\t<a href='https:\/\/yuri.com.br\/claudio\/cell-phone-shots\/chalten_festiboulder\/'><img loading=\"lazy\" decoding=\"async\" width=\"112\" height=\"150\" src=\"https:\/\/yuri.com.br\/claudio\/wp-content\/uploads\/2015\/02\/Chalten_FestiBoulder-112x150.jpg\" class=\"attachment-thumbnail size-thumbnail\" alt=\"\" aria-describedby=\"gallery-1-8429\" srcset=\"https:\/\/yuri.com.br\/claudio\/wp-content\/uploads\/2015\/02\/Chalten_FestiBoulder-112x150.jpg 112w, https:\/\/yuri.com.br\/claudio\/wp-content\/uploads\/2015\/02\/Chalten_FestiBoulder-225x300.jpg 225w, https:\/\/yuri.com.br\/claudio\/wp-content\/uploads\/2015\/02\/Chalten_FestiBoulder.jpg 675w\" sizes=\"auto, (max-width: 112px) 100vw, 112px\" data-attachment-id=\"8429\" data-permalink=\"https:\/\/yuri.com.br\/claudio\/cell-phone-shots\/chalten_festiboulder\/\" data-orig-file=\"https:\/\/yuri.com.br\/claudio\/wp-content\/uploads\/2015\/02\/Chalten_FestiBoulder.jpg\" data-orig-size=\"675,900\" data-comments-opened=\"1\" data-image-meta=\"{&quot;aperture&quot;:&quot;2&quot;,&quot;credit&quot;:&quot;&quot;,&quot;camera&quot;:&quot;D5833&quot;,&quot;caption&quot;:&quot;&quot;,&quot;created_timestamp&quot;:&quot;1423569370&quot;,&quot;copyright&quot;:&quot;&quot;,&quot;focal_length&quot;:&quot;4.6&quot;,&quot;iso&quot;:&quot;50&quot;,&quot;shutter_speed&quot;:&quot;0.00025&quot;,&quot;title&quot;:&quot;&quot;}\" data-image-title=\"Crian\u00e7as se preparando pra curtir o Festiboulder Chalten 2015\" data-image-description=\"\" data-image-caption=\"&lt;p&gt;Crian\u00e7as se preparando pra curtir o Festiboulder Chalten 2015&lt;\/p&gt;\n\" data-medium-file=\"https:\/\/yuri.com.br\/claudio\/wp-content\/uploads\/2015\/02\/Chalten_FestiBoulder-225x300.jpg\" data-large-file=\"https:\/\/yuri.com.br\/claudio\/wp-content\/uploads\/2015\/02\/Chalten_FestiBoulder.jpg\" \/><\/a>\n\t\t\t<\/div>\n\t\t\t\t<figcaption class='wp-caption-text gallery-caption' id='gallery-1-8429'>\n\t\t\t\tCrian\u00e7as se preparando pra curtir o Festiboulder Chalten 2015\n\t\t\t\t<\/figcaption><\/figure><figure class='gallery-item'>\n\t\t\t<div class='gallery-icon portrait'>\n\t\t\t\t<a href='https:\/\/yuri.com.br\/claudio\/chalten_fitzroy1\/'><img loading=\"lazy\" decoding=\"async\" width=\"112\" height=\"150\" src=\"https:\/\/yuri.com.br\/claudio\/wp-content\/uploads\/2015\/02\/Chalten_FitzRoy1-112x150.jpg\" class=\"attachment-thumbnail size-thumbnail\" alt=\"\" aria-describedby=\"gallery-1-8417\" srcset=\"https:\/\/yuri.com.br\/claudio\/wp-content\/uploads\/2015\/02\/Chalten_FitzRoy1-112x150.jpg 112w, https:\/\/yuri.com.br\/claudio\/wp-content\/uploads\/2015\/02\/Chalten_FitzRoy1-225x300.jpg 225w, https:\/\/yuri.com.br\/claudio\/wp-content\/uploads\/2015\/02\/Chalten_FitzRoy1.jpg 675w\" sizes=\"auto, (max-width: 112px) 100vw, 112px\" data-attachment-id=\"8417\" data-permalink=\"https:\/\/yuri.com.br\/claudio\/chalten_fitzroy1\/\" data-orig-file=\"https:\/\/yuri.com.br\/claudio\/wp-content\/uploads\/2015\/02\/Chalten_FitzRoy1.jpg\" data-orig-size=\"675,900\" data-comments-opened=\"1\" data-image-meta=\"{&quot;aperture&quot;:&quot;0&quot;,&quot;credit&quot;:&quot;&quot;,&quot;camera&quot;:&quot;&quot;,&quot;caption&quot;:&quot;&quot;,&quot;created_timestamp&quot;:&quot;0&quot;,&quot;copyright&quot;:&quot;&quot;,&quot;focal_length&quot;:&quot;0&quot;,&quot;iso&quot;:&quot;0&quot;,&quot;shutter_speed&quot;:&quot;0&quot;,&quot;title&quot;:&quot;&quot;}\" data-image-title=\"Fitz Roy antes de uma &amp;#8220;ventana&amp;#8221;\" data-image-description=\"\" data-image-caption=\"&lt;p&gt;Fitz Roy antes de uma &amp;#8220;ventana&amp;#8221;&lt;\/p&gt;\n\" data-medium-file=\"https:\/\/yuri.com.br\/claudio\/wp-content\/uploads\/2015\/02\/Chalten_FitzRoy1-225x300.jpg\" data-large-file=\"https:\/\/yuri.com.br\/claudio\/wp-content\/uploads\/2015\/02\/Chalten_FitzRoy1.jpg\" \/><\/a>\n\t\t\t<\/div>\n\t\t\t\t<figcaption class='wp-caption-text gallery-caption' id='gallery-1-8417'>\n\t\t\t\tFitz Roy antes de uma &#8220;ventana&#8221;\n\t\t\t\t<\/figcaption><\/figure>\n\t\t<\/div>\n\n","protected":false},"excerpt":{"rendered":"<p>Depois de tantos anos sem (muita vontade de) viajar pra longe, resolvemos sair da toca<\/p>\n","protected":false},"author":1,"featured_media":8443,"comment_status":"open","ping_status":"open","sticky":false,"template":"","format":"standard","meta":{"neve_meta_sidebar":"","neve_meta_container":"","neve_meta_enable_content_width":"","neve_meta_content_width":0,"neve_meta_title_alignment":"","neve_meta_author_avatar":"","neve_post_elements_order":"","neve_meta_disable_header":"","neve_meta_disable_footer":"","neve_meta_disable_title":"","jetpack_post_was_ever_published":false,"_jetpack_newsletter_access":"","_jetpack_dont_email_post_to_subs":false,"_jetpack_newsletter_tier_id":0,"_jetpack_memberships_contains_paywalled_content":false,"_jetpack_memberships_contains_paid_content":false,"footnotes":"","jetpack_publicize_message":"","jetpack_publicize_feature_enabled":true,"jetpack_social_post_already_shared":true,"jetpack_social_options":{"image_generator_settings":{"template":"highway","default_image_id":0,"font":"","enabled":false},"version":2}},"categories":[3],"tags":[],"class_list":["post-8436","post","type-post","status-publish","format-standard","has-post-thumbnail","hentry","category-escalada"],"jetpack_publicize_connections":[],"jetpack_featured_media_url":"https:\/\/yuri.com.br\/claudio\/wp-content\/uploads\/2015\/02\/header.jpg","jetpack_shortlink":"https:\/\/wp.me\/p4i7cB-2c4","jetpack_sharing_enabled":true,"jetpack-related-posts":[{"id":3129,"url":"https:\/\/yuri.com.br\/claudio\/2011\/10\/10\/dedos-fritos-2012\/","url_meta":{"origin":8436,"position":0},"title":"Dedos Fritos 2012","author":"claudio","date":"10\/out\/2011","format":false,"excerpt":"Mais uma foto de escalada, desta vez durante a session para o tal calend\u00e1rio das mulheres. O dif\u00edcil mesmo foi conciliar o prazo curto devido ao Sumba Boulder e as agendas compromissadas, me deixando praticamente com uma chance pra fazer a foto, topando qualquer hor\u00e1rio, luz ou lugar que fosse.\u2026","rel":"","context":"Em &quot;Escalada&quot;","block_context":{"text":"Escalada","link":"https:\/\/yuri.com.br\/claudio\/category\/escalada\/"},"img":{"alt_text":"","src":"https:\/\/i0.wp.com\/yuri.com.br\/claudio\/wp-content\/uploads\/2011\/10\/dedosfritos_nivea_close_small.jpg?resize=350%2C200&ssl=1","width":350,"height":200,"srcset":"https:\/\/i0.wp.com\/yuri.com.br\/claudio\/wp-content\/uploads\/2011\/10\/dedosfritos_nivea_close_small.jpg?resize=350%2C200&ssl=1 1x, https:\/\/i0.wp.com\/yuri.com.br\/claudio\/wp-content\/uploads\/2011\/10\/dedosfritos_nivea_close_small.jpg?resize=525%2C300&ssl=1 1.5x, https:\/\/i0.wp.com\/yuri.com.br\/claudio\/wp-content\/uploads\/2011\/10\/dedosfritos_nivea_close_small.jpg?resize=700%2C400&ssl=1 2x"},"classes":[]},{"id":3116,"url":"https:\/\/yuri.com.br\/claudio\/2011\/10\/06\/session-de-quarta\/","url_meta":{"origin":8436,"position":1},"title":"Session de quarta","author":"claudio","date":"6\/out\/2011","format":false,"excerpt":"Session de quarta com os \"pe\u00f5es\" do Sumba Boulder (Clube dos 30 :-) no novo setor. Eu ando com m\u00faltiplas les\u00f5es,\u00a0 boa desculpa pra n\u00e3o escalar e focar nas fotos, pois n\u00e3o tirei uma sequer no evento com a c\u00e2mera s\u00f3 filmando:","rel":"","context":"Em &quot;Escalada&quot;","block_context":{"text":"Escalada","link":"https:\/\/yuri.com.br\/claudio\/category\/escalada\/"},"img":{"alt_text":"","src":"https:\/\/i0.wp.com\/yuri.com.br\/claudio\/wp-content\/uploads\/2011\/10\/areas_yuri_forcadegaia.jpg?resize=350%2C200&ssl=1","width":350,"height":200,"srcset":"https:\/\/i0.wp.com\/yuri.com.br\/claudio\/wp-content\/uploads\/2011\/10\/areas_yuri_forcadegaia.jpg?resize=350%2C200&ssl=1 1x, https:\/\/i0.wp.com\/yuri.com.br\/claudio\/wp-content\/uploads\/2011\/10\/areas_yuri_forcadegaia.jpg?resize=525%2C300&ssl=1 1.5x, https:\/\/i0.wp.com\/yuri.com.br\/claudio\/wp-content\/uploads\/2011\/10\/areas_yuri_forcadegaia.jpg?resize=700%2C400&ssl=1 2x"},"classes":[]},{"id":254,"url":"https:\/\/yuri.com.br\/claudio\/2008\/10\/31\/sobre-o-campeonato-estadual-de-boulder-rj-2008\/","url_meta":{"origin":8436,"position":2},"title":"Sobre o Campeonato Estadual de Boulder RJ 2008","author":"claudio","date":"31\/out\/2008","format":false,"excerpt":"Neste m\u00eas de outubro\u00a0terminou o Campeonato Estadual de Escalada (Boulder) do RJ 2008. Sobre os resultados oficiais eu indico 2 artigos: Blog da Lojinha de Escalada Blog do Caio Gomes E clicando neste link pode-se conferir algumas fotos que fiz desta \u00faltima etapa na Limite Vertical. Aproveito este espa\u00e7o para\u2026","rel":"","context":"Em &quot;Escalada&quot;","block_context":{"text":"Escalada","link":"https:\/\/yuri.com.br\/claudio\/category\/escalada\/"},"img":{"alt_text":"","src":"https:\/\/i0.wp.com\/yuri.com.br\/claudio\/wp-content\/uploads\/2008\/10\/jornaldossports_estadualrj2008.jpg?resize=350%2C200&ssl=1","width":350,"height":200,"srcset":"https:\/\/i0.wp.com\/yuri.com.br\/claudio\/wp-content\/uploads\/2008\/10\/jornaldossports_estadualrj2008.jpg?resize=350%2C200&ssl=1 1x, https:\/\/i0.wp.com\/yuri.com.br\/claudio\/wp-content\/uploads\/2008\/10\/jornaldossports_estadualrj2008.jpg?resize=525%2C300&ssl=1 1.5x, https:\/\/i0.wp.com\/yuri.com.br\/claudio\/wp-content\/uploads\/2008\/10\/jornaldossports_estadualrj2008.jpg?resize=700%2C400&ssl=1 2x"},"classes":[]},{"id":899,"url":"https:\/\/yuri.com.br\/claudio\/2009\/07\/20\/ouro-boulder-2009\/","url_meta":{"origin":8436,"position":3},"title":"Ouro Boulder 2009","author":"claudio","date":"20\/jul\/2009","format":false,"excerpt":"Ainda n\u00e3o conhecia Ouro Preto, ent\u00e3o tinha em m\u00e3os a oportunidade \u00fanica do desconhecido, tipo de experi\u00eancia compar\u00e1vel com a exclusividade da escalada \u00e0 vista, aquela chance \u00fanica de se expor \u00e0s \"vias\" espont\u00e3neas, e botar a vida pra reagir sem ensaio pr\u00e9vio. Sendo um pouco mais objetivo: Ouro Preto\u2026","rel":"","context":"Em &quot;Escalada&quot;","block_context":{"text":"Escalada","link":"https:\/\/yuri.com.br\/claudio\/category\/escalada\/"},"img":{"alt_text":"","src":"https:\/\/i0.wp.com\/yuri.com.br\/claudio\/wp-content\/uploads\/2009\/07\/ouropreto_docedeleite_yuri.jpg?resize=350%2C200&ssl=1","width":350,"height":200,"srcset":"https:\/\/i0.wp.com\/yuri.com.br\/claudio\/wp-content\/uploads\/2009\/07\/ouropreto_docedeleite_yuri.jpg?resize=350%2C200&ssl=1 1x, https:\/\/i0.wp.com\/yuri.com.br\/claudio\/wp-content\/uploads\/2009\/07\/ouropreto_docedeleite_yuri.jpg?resize=525%2C300&ssl=1 1.5x, https:\/\/i0.wp.com\/yuri.com.br\/claudio\/wp-content\/uploads\/2009\/07\/ouropreto_docedeleite_yuri.jpg?resize=700%2C400&ssl=1 2x"},"classes":[]},{"id":3203,"url":"https:\/\/yuri.com.br\/claudio\/2011\/11\/10\/video-o-criador\/","url_meta":{"origin":8436,"position":4},"title":"V\u00eddeo: O Criador","author":"claudio","date":"10\/nov\/2011","format":false,"excerpt":"Segue mais um experimento recente. Videozinho do boulder \"O Criador\", considerado um V12 \"caro\",\u00a0 linha que foi limpa pelo Bel\u00ea e escalada primeiramente pelo Felipinho e depois pelo pr\u00f3prio Criador... e ningu\u00e9m mais. \u00a0 Filmar ali foi um teste dif\u00edcil pra c\u00e2mera, devido \u00e0 enorme escurid\u00e3o do lugar (d\u00e1 pra\u2026","rel":"","context":"Em &quot;Escalada&quot;","block_context":{"text":"Escalada","link":"https:\/\/yuri.com.br\/claudio\/category\/escalada\/"},"img":{"alt_text":"","src":"","width":0,"height":0},"classes":[]},{"id":170,"url":"https:\/\/yuri.com.br\/claudio\/2008\/08\/28\/ainda-sobre-a-ultima-etapa-do-carioca-de-boulder\/","url_meta":{"origin":8436,"position":5},"title":"Ainda sobre a \u00faltima etapa do carioca de boulder","author":"claudio","date":"28\/ago\/2008","format":false,"excerpt":"O escalador niteroiense Caio Gomes, vencedor da \u00faltima etapa do campeonato carioca 2008, \"Etapa Paulo Macaco\", escreveu um artigo mais completo sobre o o evento para o Webventure. Gostaria de citar e destacar um par\u00e1grafo em especial: \"O que chamou muita aten\u00e7\u00e3o nessa etapa, foi o numero bastante reduzido de\u2026","rel":"","context":"Em &quot;Escalada&quot;","block_context":{"text":"Escalada","link":"https:\/\/yuri.com.br\/claudio\/category\/escalada\/"},"img":{"alt_text":"","src":"https:\/\/i0.wp.com\/farm4.static.flickr.com\/3060\/2774639781_89570c6d42.jpg?resize=350%2C200","width":350,"height":200},"classes":[]}],"_links":{"self":[{"href":"https:\/\/yuri.com.br\/claudio\/wp-json\/wp\/v2\/posts\/8436","targetHints":{"allow":["GET"]}}],"collection":[{"href":"https:\/\/yuri.com.br\/claudio\/wp-json\/wp\/v2\/posts"}],"about":[{"href":"https:\/\/yuri.com.br\/claudio\/wp-json\/wp\/v2\/types\/post"}],"author":[{"embeddable":true,"href":"https:\/\/yuri.com.br\/claudio\/wp-json\/wp\/v2\/users\/1"}],"replies":[{"embeddable":true,"href":"https:\/\/yuri.com.br\/claudio\/wp-json\/wp\/v2\/comments?post=8436"}],"version-history":[{"count":19,"href":"https:\/\/yuri.com.br\/claudio\/wp-json\/wp\/v2\/posts\/8436\/revisions"}],"predecessor-version":[{"id":8457,"href":"https:\/\/yuri.com.br\/claudio\/wp-json\/wp\/v2\/posts\/8436\/revisions\/8457"}],"wp:featuredmedia":[{"embeddable":true,"href":"https:\/\/yuri.com.br\/claudio\/wp-json\/wp\/v2\/media\/8443"}],"wp:attachment":[{"href":"https:\/\/yuri.com.br\/claudio\/wp-json\/wp\/v2\/media?parent=8436"}],"wp:term":[{"taxonomy":"category","embeddable":true,"href":"https:\/\/yuri.com.br\/claudio\/wp-json\/wp\/v2\/categories?post=8436"},{"taxonomy":"post_tag","embeddable":true,"href":"https:\/\/yuri.com.br\/claudio\/wp-json\/wp\/v2\/tags?post=8436"}],"curies":[{"name":"wp","href":"https:\/\/api.w.org\/{rel}","templated":true}]}}