{"id":8205,"date":"2014-08-18T11:20:38","date_gmt":"2014-08-18T11:20:38","guid":{"rendered":"http:\/\/yuri.com.br\/claudio\/?p=8205"},"modified":"2014-08-18T11:23:09","modified_gmt":"2014-08-18T11:23:09","slug":"sakura-2014","status":"publish","type":"post","link":"https:\/\/yuri.com.br\/claudio\/2014\/08\/18\/sakura-2014\/","title":{"rendered":"Sakura 2014"},"content":{"rendered":"<p>Hora de variar um pouco esses posts s\u00f3 de escalada&#8230;<!--more--><\/p>\n<p><a href=\"http:\/\/yuri.com.br\/claudio\/wp-content\/uploads\/2014\/08\/Sakura2014-4.jpg\"><img decoding=\"async\" data-attachment-id=\"8201\" data-permalink=\"https:\/\/yuri.com.br\/claudio\/2014\/08\/18\/sakura-2014\/sakura2014-4\/\" data-orig-file=\"https:\/\/yuri.com.br\/claudio\/wp-content\/uploads\/2014\/08\/Sakura2014-4.jpg\" data-orig-size=\"1200,800\" data-comments-opened=\"1\" data-image-meta=\"{&quot;aperture&quot;:&quot;22&quot;,&quot;credit&quot;:&quot;Claudio Brisighello&quot;,&quot;camera&quot;:&quot;Canon EOS 7D&quot;,&quot;caption&quot;:&quot;&quot;,&quot;created_timestamp&quot;:&quot;1407082717&quot;,&quot;copyright&quot;:&quot;&quot;,&quot;focal_length&quot;:&quot;11&quot;,&quot;iso&quot;:&quot;640&quot;,&quot;shutter_speed&quot;:&quot;0.016666666666667&quot;,&quot;title&quot;:&quot;&quot;}\" data-image-title=\"Sakura2014-4\" data-image-description=\"\" data-image-caption=\"\" data-medium-file=\"https:\/\/yuri.com.br\/claudio\/wp-content\/uploads\/2014\/08\/Sakura2014-4-300x200.jpg\" data-large-file=\"https:\/\/yuri.com.br\/claudio\/wp-content\/uploads\/2014\/08\/Sakura2014-4.jpg\" class=\"wp-image-8201 aligncenter\" alt=\"Sakura 2014\" src=\"http:\/\/yuri.com.br\/claudio\/wp-content\/uploads\/2014\/08\/Sakura2014-4.jpg\" width=\"700\" srcset=\"https:\/\/yuri.com.br\/claudio\/wp-content\/uploads\/2014\/08\/Sakura2014-4.jpg 1200w, https:\/\/yuri.com.br\/claudio\/wp-content\/uploads\/2014\/08\/Sakura2014-4-150x100.jpg 150w, https:\/\/yuri.com.br\/claudio\/wp-content\/uploads\/2014\/08\/Sakura2014-4-300x200.jpg 300w, https:\/\/yuri.com.br\/claudio\/wp-content\/uploads\/2014\/08\/Sakura2014-4-695x463.jpg 695w, https:\/\/yuri.com.br\/claudio\/wp-content\/uploads\/2014\/08\/Sakura2014-4-930x620.jpg 930w\" sizes=\"(max-width: 1200px) 100vw, 1200px\" \/><\/a><\/p>\n<p>Desde que vim pra esses lados n\u00e3o perco a <strong>Festa da Cerejeira<\/strong> l\u00e1 em Campos do Jord\u00e3o, boa oportunidade pra matar saudades de quitutes nip\u00f4nicos e tentar tirar umas fotos do parque.<\/p>\n<h6 style=\"text-align: right;\"><a href=\"http:\/\/yuri.com.br\/claudio\/wp-content\/uploads\/2014\/08\/Sakura2014-2.jpg\" target=\"_blank\"><img decoding=\"async\" data-attachment-id=\"8202\" data-permalink=\"https:\/\/yuri.com.br\/claudio\/2014\/08\/18\/sakura-2014\/sakura2014-2\/\" data-orig-file=\"https:\/\/yuri.com.br\/claudio\/wp-content\/uploads\/2014\/08\/Sakura2014-2.jpg\" data-orig-size=\"1200,675\" data-comments-opened=\"1\" data-image-meta=\"{&quot;aperture&quot;:&quot;2&quot;,&quot;credit&quot;:&quot;Claudio Brisighello&quot;,&quot;camera&quot;:&quot;Canon EOS 7D&quot;,&quot;caption&quot;:&quot;&quot;,&quot;created_timestamp&quot;:&quot;1407082350&quot;,&quot;copyright&quot;:&quot;&quot;,&quot;focal_length&quot;:&quot;50&quot;,&quot;iso&quot;:&quot;160&quot;,&quot;shutter_speed&quot;:&quot;0.003125&quot;,&quot;title&quot;:&quot;&quot;}\" data-image-title=\"Sakura\" data-image-description=\"\" data-image-caption=\"&lt;p&gt;Sakura&lt;\/p&gt;\n\" data-medium-file=\"https:\/\/yuri.com.br\/claudio\/wp-content\/uploads\/2014\/08\/Sakura2014-2-300x168.jpg\" data-large-file=\"https:\/\/yuri.com.br\/claudio\/wp-content\/uploads\/2014\/08\/Sakura2014-2.jpg\" class=\"wp-image-8202 aligncenter\" alt=\"Sakura 2014\" src=\"http:\/\/yuri.com.br\/claudio\/wp-content\/uploads\/2014\/08\/Sakura2014-2.jpg\" width=\"700\" srcset=\"https:\/\/yuri.com.br\/claudio\/wp-content\/uploads\/2014\/08\/Sakura2014-2.jpg 1200w, https:\/\/yuri.com.br\/claudio\/wp-content\/uploads\/2014\/08\/Sakura2014-2-150x84.jpg 150w, https:\/\/yuri.com.br\/claudio\/wp-content\/uploads\/2014\/08\/Sakura2014-2-300x168.jpg 300w, https:\/\/yuri.com.br\/claudio\/wp-content\/uploads\/2014\/08\/Sakura2014-2-695x390.jpg 695w, https:\/\/yuri.com.br\/claudio\/wp-content\/uploads\/2014\/08\/Sakura2014-2-930x523.jpg 930w\" sizes=\"(max-width: 1200px) 100vw, 1200px\" \/><\/a>Este ano a florada atrasou, ainda muitos bot\u00f5es por abrir&#8230;<\/h6>\n<h6 style=\"text-align: right;\"><a href=\"http:\/\/yuri.com.br\/claudio\/wp-content\/uploads\/2014\/08\/Sakura2014-1.jpg\"><img decoding=\"async\" data-attachment-id=\"8203\" data-permalink=\"https:\/\/yuri.com.br\/claudio\/2014\/08\/18\/sakura-2014\/sakura2014-1\/\" data-orig-file=\"https:\/\/yuri.com.br\/claudio\/wp-content\/uploads\/2014\/08\/Sakura2014-1.jpg\" data-orig-size=\"1200,675\" data-comments-opened=\"1\" data-image-meta=\"{&quot;aperture&quot;:&quot;2.2&quot;,&quot;credit&quot;:&quot;Claudio Brisighello&quot;,&quot;camera&quot;:&quot;Canon EOS 7D&quot;,&quot;caption&quot;:&quot;&quot;,&quot;created_timestamp&quot;:&quot;1407081945&quot;,&quot;copyright&quot;:&quot;&quot;,&quot;focal_length&quot;:&quot;50&quot;,&quot;iso&quot;:&quot;160&quot;,&quot;shutter_speed&quot;:&quot;0.003125&quot;,&quot;title&quot;:&quot;&quot;}\" data-image-title=\"Hummingbird\" data-image-description=\"\" data-image-caption=\"&lt;p&gt;Hummingbird&lt;\/p&gt;\n\" data-medium-file=\"https:\/\/yuri.com.br\/claudio\/wp-content\/uploads\/2014\/08\/Sakura2014-1-300x168.jpg\" data-large-file=\"https:\/\/yuri.com.br\/claudio\/wp-content\/uploads\/2014\/08\/Sakura2014-1.jpg\" class=\"wp-image-8203 aligncenter\" alt=\"Sakura 2014\" src=\"http:\/\/yuri.com.br\/claudio\/wp-content\/uploads\/2014\/08\/Sakura2014-1.jpg\" width=\"700\" srcset=\"https:\/\/yuri.com.br\/claudio\/wp-content\/uploads\/2014\/08\/Sakura2014-1.jpg 1200w, https:\/\/yuri.com.br\/claudio\/wp-content\/uploads\/2014\/08\/Sakura2014-1-150x84.jpg 150w, https:\/\/yuri.com.br\/claudio\/wp-content\/uploads\/2014\/08\/Sakura2014-1-300x168.jpg 300w, https:\/\/yuri.com.br\/claudio\/wp-content\/uploads\/2014\/08\/Sakura2014-1-695x390.jpg 695w, https:\/\/yuri.com.br\/claudio\/wp-content\/uploads\/2014\/08\/Sakura2014-1-930x523.jpg 930w\" sizes=\"(max-width: 1200px) 100vw, 1200px\" \/><\/a>Tirar foto desse a\u00ed (sem teleobjetiva) \u00e9 mais dif\u00edcil que pegar mosca no palitinho!<\/h6>\n<h6 style=\"text-align: right;\"><a href=\"http:\/\/yuri.com.br\/claudio\/wp-content\/uploads\/2014\/08\/Sakura2014-5.jpg\"><img decoding=\"async\" data-attachment-id=\"8204\" data-permalink=\"https:\/\/yuri.com.br\/claudio\/2014\/08\/18\/sakura-2014\/sakura2014-5\/\" data-orig-file=\"https:\/\/yuri.com.br\/claudio\/wp-content\/uploads\/2014\/08\/Sakura2014-5.jpg\" data-orig-size=\"1200,710\" data-comments-opened=\"1\" data-image-meta=\"{&quot;aperture&quot;:&quot;2.2&quot;,&quot;credit&quot;:&quot;Claudio Brisighello&quot;,&quot;camera&quot;:&quot;Canon EOS 7D&quot;,&quot;caption&quot;:&quot;&quot;,&quot;created_timestamp&quot;:&quot;1407083322&quot;,&quot;copyright&quot;:&quot;&quot;,&quot;focal_length&quot;:&quot;50&quot;,&quot;iso&quot;:&quot;320&quot;,&quot;shutter_speed&quot;:&quot;0.0025&quot;,&quot;title&quot;:&quot;&quot;}\" data-image-title=\"Sakura2014-5\" data-image-description=\"\" data-image-caption=\"\" data-medium-file=\"https:\/\/yuri.com.br\/claudio\/wp-content\/uploads\/2014\/08\/Sakura2014-5-300x177.jpg\" data-large-file=\"https:\/\/yuri.com.br\/claudio\/wp-content\/uploads\/2014\/08\/Sakura2014-5.jpg\" class=\"wp-image-8204 aligncenter\" alt=\"Sakura 2014\" src=\"http:\/\/yuri.com.br\/claudio\/wp-content\/uploads\/2014\/08\/Sakura2014-5.jpg\" width=\"700\" srcset=\"https:\/\/yuri.com.br\/claudio\/wp-content\/uploads\/2014\/08\/Sakura2014-5.jpg 1200w, https:\/\/yuri.com.br\/claudio\/wp-content\/uploads\/2014\/08\/Sakura2014-5-150x88.jpg 150w, https:\/\/yuri.com.br\/claudio\/wp-content\/uploads\/2014\/08\/Sakura2014-5-300x177.jpg 300w, https:\/\/yuri.com.br\/claudio\/wp-content\/uploads\/2014\/08\/Sakura2014-5-695x411.jpg 695w, https:\/\/yuri.com.br\/claudio\/wp-content\/uploads\/2014\/08\/Sakura2014-5-930x550.jpg 930w\" sizes=\"(max-width: 1200px) 100vw, 1200px\" \/><\/a>As batchans dando um show de sa\u00fade<\/h6>\n<p>Boa semana a todos!<\/p>\n","protected":false},"excerpt":{"rendered":"<p>Hora de variar um pouco esses posts s\u00f3 de escalada&#8230;<\/p>\n","protected":false},"author":1,"featured_media":8201,"comment_status":"open","ping_status":"open","sticky":false,"template":"","format":"standard","meta":{"neve_meta_sidebar":"","neve_meta_container":"","neve_meta_enable_content_width":"","neve_meta_content_width":0,"neve_meta_title_alignment":"","neve_meta_author_avatar":"","neve_post_elements_order":"","neve_meta_disable_header":"","neve_meta_disable_footer":"","neve_meta_disable_title":"","jetpack_post_was_ever_published":false,"_jetpack_newsletter_access":"","_jetpack_dont_email_post_to_subs":false,"_jetpack_newsletter_tier_id":0,"_jetpack_memberships_contains_paywalled_content":false,"_jetpack_memberships_contains_paid_content":false,"footnotes":"","jetpack_publicize_message":"","jetpack_publicize_feature_enabled":true,"jetpack_social_post_already_shared":true,"jetpack_social_options":{"image_generator_settings":{"template":"highway","default_image_id":0,"font":"","enabled":false},"version":2}},"categories":[5],"tags":[],"class_list":["post-8205","post","type-post","status-publish","format-standard","has-post-thumbnail","hentry","category-outros"],"jetpack_publicize_connections":[],"jetpack_featured_media_url":"https:\/\/yuri.com.br\/claudio\/wp-content\/uploads\/2014\/08\/Sakura2014-4.jpg","jetpack_shortlink":"https:\/\/wp.me\/p4i7cB-28l","jetpack_sharing_enabled":true,"jetpack-related-posts":[{"id":683,"url":"https:\/\/yuri.com.br\/claudio\/2009\/05\/11\/adam-ondra-da-silva-jr\/","url_meta":{"origin":8205,"position":0},"title":"&#8220;Adam Ondra da Silva Jr&#8221;","author":"claudio","date":"11\/maio\/2009","format":false,"excerpt":"Como n\u00e3o terei mto tempo pra editar t\u00e3o cedo as imagens da 1a. etapa do Estadual\/RJ, disponibilizei um \"raw footage\" desse moleque (Jo\u00e3o Matheus, 11 anos) pra n\u00e3o passar batido: Ta\u00ed mais um motivo pra vc participar e prestigiar os campeonatos, estimulando a manter mais um caminho aberto para que\u00a0\u2026","rel":"","context":"Em &quot;Escalada&quot;","block_context":{"text":"Escalada","link":"https:\/\/yuri.com.br\/claudio\/category\/escalada\/"},"img":{"alt_text":"","src":"","width":0,"height":0},"classes":[]},{"id":5255,"url":"https:\/\/yuri.com.br\/claudio\/2013\/06\/04\/pra-variar\/","url_meta":{"origin":8205,"position":1},"title":"Pra variar&#8230;","author":"claudio","date":"4\/jun\/2013","format":false,"excerpt":"Mais fotos do setor Rubinho: Edu Belis\u00e1rio mandando o cl\u00e1ssico Buracos (V4? Depende da sua estatura!), foto tirada no topo do projeto Medusa, com o bloco do Rollerblade acima e a galera sentada no bloco do Fontainebinho. D\u00e1 pra ter uma no\u00e7\u00e3o da proximidade entre os boulders. Camila Ferreira mandando\u2026","rel":"","context":"Em &quot;Escalada&quot;","block_context":{"text":"Escalada","link":"https:\/\/yuri.com.br\/claudio\/category\/escalada\/"},"img":{"alt_text":"","src":"https:\/\/i0.wp.com\/yuri.com.br\/claudio\/wp-content\/uploads\/2013\/06\/rubinho_edubelisario_buracos.jpg?resize=350%2C200&ssl=1","width":350,"height":200},"classes":[]},{"id":3203,"url":"https:\/\/yuri.com.br\/claudio\/2011\/11\/10\/video-o-criador\/","url_meta":{"origin":8205,"position":2},"title":"V\u00eddeo: O Criador","author":"claudio","date":"10\/nov\/2011","format":false,"excerpt":"Segue mais um experimento recente. Videozinho do boulder \"O Criador\", considerado um V12 \"caro\",\u00a0 linha que foi limpa pelo Bel\u00ea e escalada primeiramente pelo Felipinho e depois pelo pr\u00f3prio Criador... e ningu\u00e9m mais. \u00a0 Filmar ali foi um teste dif\u00edcil pra c\u00e2mera, devido \u00e0 enorme escurid\u00e3o do lugar (d\u00e1 pra\u2026","rel":"","context":"Em &quot;Escalada&quot;","block_context":{"text":"Escalada","link":"https:\/\/yuri.com.br\/claudio\/category\/escalada\/"},"img":{"alt_text":"","src":"","width":0,"height":0},"classes":[]},{"id":7864,"url":"https:\/\/yuri.com.br\/claudio\/2014\/06\/30\/video-cruzeiro-ep-1\/","url_meta":{"origin":8205,"position":3},"title":"V\u00eddeo: Cruzeiro Ep.1","author":"Cl\u00e1udio Brisighello","date":"30\/jun\/2014","format":false,"excerpt":"Pra motivar o in\u00edcio deste t\u00e3o esperado inverno, aguardem por uma sequ\u00eancia de videozinhos do setor Cruzeiro! Aqui vai a primeira amostra com o \"epis\u00f3dio 1\" da s\u00e9rie, aumentem o volume... Pra quem n\u00e3o viu, n\u00e3o deixem de conferir uns betas importantes no blog do SumbaBoulder. Outra dica, que vale\u2026","rel":"","context":"Em &quot;Escalada&quot;","block_context":{"text":"Escalada","link":"https:\/\/yuri.com.br\/claudio\/category\/escalada\/"},"img":{"alt_text":"Vimeo","src":"https:\/\/i0.wp.com\/yuri.com.br\/claudio\/wp-content\/uploads\/2014\/06\/Vimeo1.jpg?resize=350%2C200","width":350,"height":200,"srcset":"https:\/\/i0.wp.com\/yuri.com.br\/claudio\/wp-content\/uploads\/2014\/06\/Vimeo1.jpg?resize=350%2C200 1x, https:\/\/i0.wp.com\/yuri.com.br\/claudio\/wp-content\/uploads\/2014\/06\/Vimeo1.jpg?resize=525%2C300 1.5x, https:\/\/i0.wp.com\/yuri.com.br\/claudio\/wp-content\/uploads\/2014\/06\/Vimeo1.jpg?resize=700%2C400 2x"},"classes":[]},{"id":4059,"url":"https:\/\/yuri.com.br\/claudio\/2012\/09\/15\/tchecas-pra-que-te-quero\/","url_meta":{"origin":8205,"position":4},"title":"&#8230;tchecas pra que te quero","author":"claudio","date":"15\/set\/2012","format":false,"excerpt":"Precursora do estilo mais difundido e comercializado do mundo, at\u00e9 hoje uma refer\u00eancia... a \"skol\" dos tchecos! A \u00fanica pilsen que me deixou boas lembran\u00e7as assim foi a artesanal e limitada \"Tcheca\". Trocadilhos \u00e0 parte... :P","rel":"","context":"Em &quot;'Baixa' Gastronomia&quot;","block_context":{"text":"'Baixa' Gastronomia","link":"https:\/\/yuri.com.br\/claudio\/category\/baixa-gastronomia\/"},"img":{"alt_text":"","src":"https:\/\/i0.wp.com\/yuri.com.br\/claudio\/wp-content\/uploads\/2012\/09\/pilsnerurquell.jpg?resize=350%2C200&ssl=1","width":350,"height":200,"srcset":"https:\/\/i0.wp.com\/yuri.com.br\/claudio\/wp-content\/uploads\/2012\/09\/pilsnerurquell.jpg?resize=350%2C200&ssl=1 1x, https:\/\/i0.wp.com\/yuri.com.br\/claudio\/wp-content\/uploads\/2012\/09\/pilsnerurquell.jpg?resize=525%2C300&ssl=1 1.5x, https:\/\/i0.wp.com\/yuri.com.br\/claudio\/wp-content\/uploads\/2012\/09\/pilsnerurquell.jpg?resize=700%2C400&ssl=1 2x"},"classes":[]},{"id":331,"url":"https:\/\/yuri.com.br\/claudio\/2008\/12\/19\/calendario-2009\/","url_meta":{"origin":8205,"position":5},"title":"Calend\u00e1rio 2009","author":"claudio","date":"19\/dez\/2008","format":false,"excerpt":"\u00a0Finalmente saiu o Calend\u00e1rio 2009, uma lembrancinha, um souvenir, uma vontade de compartilhar minhas imagens. E s\u00f3 estou vendendo porque custa uma grana pra imprimir, sen\u00e3o doaria aos amantes das montanhas. Pra n\u00e3o salgar o pre\u00e7o, foi criado na vers\u00e3o de mesa. Seu escrit\u00f3rio pode ganhar um belo upgrade agora\u2026","rel":"","context":"Em &quot;Escalada&quot;","block_context":{"text":"Escalada","link":"https:\/\/yuri.com.br\/claudio\/category\/escalada\/"},"img":{"alt_text":"Calend\u00e1rio 2009","src":"https:\/\/i0.wp.com\/yuri.com.br\/claudio\/wp-content\/uploads\/2008\/11\/promo.jpg?resize=350%2C200","width":350,"height":200},"classes":[]}],"_links":{"self":[{"href":"https:\/\/yuri.com.br\/claudio\/wp-json\/wp\/v2\/posts\/8205","targetHints":{"allow":["GET"]}}],"collection":[{"href":"https:\/\/yuri.com.br\/claudio\/wp-json\/wp\/v2\/posts"}],"about":[{"href":"https:\/\/yuri.com.br\/claudio\/wp-json\/wp\/v2\/types\/post"}],"author":[{"embeddable":true,"href":"https:\/\/yuri.com.br\/claudio\/wp-json\/wp\/v2\/users\/1"}],"replies":[{"embeddable":true,"href":"https:\/\/yuri.com.br\/claudio\/wp-json\/wp\/v2\/comments?post=8205"}],"version-history":[{"count":3,"href":"https:\/\/yuri.com.br\/claudio\/wp-json\/wp\/v2\/posts\/8205\/revisions"}],"predecessor-version":[{"id":8222,"href":"https:\/\/yuri.com.br\/claudio\/wp-json\/wp\/v2\/posts\/8205\/revisions\/8222"}],"wp:featuredmedia":[{"embeddable":true,"href":"https:\/\/yuri.com.br\/claudio\/wp-json\/wp\/v2\/media\/8201"}],"wp:attachment":[{"href":"https:\/\/yuri.com.br\/claudio\/wp-json\/wp\/v2\/media?parent=8205"}],"wp:term":[{"taxonomy":"category","embeddable":true,"href":"https:\/\/yuri.com.br\/claudio\/wp-json\/wp\/v2\/categories?post=8205"},{"taxonomy":"post_tag","embeddable":true,"href":"https:\/\/yuri.com.br\/claudio\/wp-json\/wp\/v2\/tags?post=8205"}],"curies":[{"name":"wp","href":"https:\/\/api.w.org\/{rel}","templated":true}]}}