{"id":8179,"date":"2014-08-13T14:19:22","date_gmt":"2014-08-13T14:19:22","guid":{"rendered":"http:\/\/yuri.com.br\/claudio\/?p=8179"},"modified":"2014-08-13T14:23:49","modified_gmt":"2014-08-13T14:23:49","slug":"cruzeiro-ep-6","status":"publish","type":"post","link":"https:\/\/yuri.com.br\/claudio\/2014\/08\/13\/cruzeiro-ep-6\/","title":{"rendered":"V\u00cdDEO: Cruzeiro Ep.6"},"content":{"rendered":"<p>Mais um epis\u00f3dio estrelado, dessa vez com a participa\u00e7\u00e3o dos <em>&#8220;legends&#8221;<\/em>\u00a0 <strong>P.Rob<\/strong>, <strong>Felipinho<\/strong> e <strong>Thais<\/strong>!<!--more--><\/p>\n<p><a class=\"fancybox-vimeo\" href=\"http:\/\/vimeo.com\/103299134\"><img loading=\"lazy\" decoding=\"async\" data-attachment-id=\"8190\" data-permalink=\"https:\/\/yuri.com.br\/claudio\/2014\/08\/13\/cruzeiro-ep-6\/embed\/\" data-orig-file=\"https:\/\/yuri.com.br\/claudio\/wp-content\/uploads\/2014\/08\/Embed.jpg\" data-orig-size=\"700,299\" data-comments-opened=\"1\" data-image-meta=\"{&quot;aperture&quot;:&quot;0&quot;,&quot;credit&quot;:&quot;&quot;,&quot;camera&quot;:&quot;&quot;,&quot;caption&quot;:&quot;&quot;,&quot;created_timestamp&quot;:&quot;0&quot;,&quot;copyright&quot;:&quot;&quot;,&quot;focal_length&quot;:&quot;0&quot;,&quot;iso&quot;:&quot;0&quot;,&quot;shutter_speed&quot;:&quot;0&quot;,&quot;title&quot;:&quot;&quot;}\" data-image-title=\"Embed\" data-image-description=\"\" data-image-caption=\"\" data-medium-file=\"https:\/\/yuri.com.br\/claudio\/wp-content\/uploads\/2014\/08\/Embed-300x128.jpg\" data-large-file=\"https:\/\/yuri.com.br\/claudio\/wp-content\/uploads\/2014\/08\/Embed.jpg\" class=\"size-full wp-image-8190 aligncenter\" alt=\"Embed\" src=\"http:\/\/yuri.com.br\/claudio\/wp-content\/uploads\/2014\/08\/Embed.jpg\" width=\"700\" height=\"299\" srcset=\"https:\/\/yuri.com.br\/claudio\/wp-content\/uploads\/2014\/08\/Embed.jpg 700w, https:\/\/yuri.com.br\/claudio\/wp-content\/uploads\/2014\/08\/Embed-150x64.jpg 150w, https:\/\/yuri.com.br\/claudio\/wp-content\/uploads\/2014\/08\/Embed-300x128.jpg 300w, https:\/\/yuri.com.br\/claudio\/wp-content\/uploads\/2014\/08\/Embed-695x296.jpg 695w\" sizes=\"auto, (max-width: 700px) 100vw, 700px\" \/><\/a><\/p>\n<p>O <strong>Espiral dos Sentidos<\/strong> V11 \u00e9 aquela linha logo na entrada da\u00a0<em>&#8220;darkness cave&#8221;<\/em>, \u00e0s vezes passa despercebida por conta da chamativa caverna ao lado. A movimenta\u00e7\u00e3o \u00e9 irada, com in\u00edcio duro que me custou para desvendar&#8230; foi curioso ver o qu\u00e3o intimidador aquilo pareceu aos olhos do Paul e Piku\u00edra, embora eu soubesse que com os betas todos, seria um passeio no parque pra eles. Felipinho passou um impressionante flash, fazendo o incr\u00edvel movimento girat\u00f3rio estilo copa do mundo. Parece firula, mas esse 360\u00b0 te economiza umas 3 passadas chatas&#8230;<\/p>\n<p>J\u00e1 o boulder <strong>Jornada nas Estrelas<\/strong> V6, \u00e9 o primeiro da s\u00e9rie que mostra o setor do bananal. Uma linda linha com um bote (j\u00e1 realizado estaticamente via figure-4 pelo mestre Bel\u00ea) em um bloc\u00e3o que fica o dia todo na sombra. Inicialmente aberto como stand-start, agora ganhou uma sa\u00edda sitdown, inaugurada pela Thais. \u00d3timo desafio pra quem quer treinar din\u00e2micos entre agarras boas.<\/p>\n<p>E a <a href=\"http:\/\/yuri.com.br\/claudio\/?s=Cruzeiro+Ep.\" target=\"_blank\">s\u00e9rie<\/a> vai dar uma pausa de descanso agora, afinal j\u00e1 se foram 6 v\u00eddeos nas \u00faltimas 6 semanas, n\u00e3o aguento mais editar. Mas aguardem que outros epis\u00f3dios vir\u00e3o! No que depender do argumento &#8220;coisas belas que merecem ser mostradas&#8221;, a s\u00e9rie n\u00e3o teria fim. Espero ter dado um pouquinho de motiva\u00e7\u00e3o a voc\u00eas atrav\u00e9s de toda essa exposi\u00e7\u00e3o audio-visual! Aproveitem a temporada!!<\/p>\n","protected":false},"excerpt":{"rendered":"<p>Mais um epis\u00f3dio estrelado, dessa vez com a participa\u00e7\u00e3o dos &#8220;legends&#8221;\u00a0 P.Rob, Felipinho e Thais!<\/p>\n","protected":false},"author":1,"featured_media":8190,"comment_status":"open","ping_status":"open","sticky":false,"template":"","format":"standard","meta":{"neve_meta_sidebar":"","neve_meta_container":"","neve_meta_enable_content_width":"","neve_meta_content_width":0,"neve_meta_title_alignment":"","neve_meta_author_avatar":"","neve_post_elements_order":"","neve_meta_disable_header":"","neve_meta_disable_footer":"","neve_meta_disable_title":"","jetpack_post_was_ever_published":false,"_jetpack_newsletter_access":"","_jetpack_dont_email_post_to_subs":false,"_jetpack_newsletter_tier_id":0,"_jetpack_memberships_contains_paywalled_content":false,"_jetpack_memberships_contains_paid_content":false,"footnotes":"","jetpack_publicize_message":"","jetpack_publicize_feature_enabled":true,"jetpack_social_post_already_shared":true,"jetpack_social_options":{"image_generator_settings":{"template":"highway","default_image_id":0,"font":"","enabled":false},"version":2}},"categories":[3],"tags":[],"class_list":["post-8179","post","type-post","status-publish","format-standard","has-post-thumbnail","hentry","category-escalada"],"jetpack_publicize_connections":[],"jetpack_featured_media_url":"https:\/\/yuri.com.br\/claudio\/wp-content\/uploads\/2014\/08\/Embed.jpg","jetpack_shortlink":"https:\/\/wp.me\/p4i7cB-27V","jetpack_sharing_enabled":true,"jetpack-related-posts":[{"id":3873,"url":"https:\/\/yuri.com.br\/claudio\/2012\/08\/01\/mais-do-aranha-2\/","url_meta":{"origin":8179,"position":0},"title":"Mais do Aranha","author":"claudio","date":"1\/ago\/2012","format":false,"excerpt":"Tentando cumprir a promessa de posts um pouco mais informativos... vista do Setor Aranha, antes do riozinho: A verdade \u00e9 que o ritmo que as coisas vem acontecendo na \"real life\" ultrapassa o ritmo lento da minha motiva\u00e7\u00e3o blogueira. Desculpas \u00e0 parte, n\u00e3o posso deixar de mencionar que a visita\u2026","rel":"","context":"Em &quot;Escalada&quot;","block_context":{"text":"Escalada","link":"https:\/\/yuri.com.br\/claudio\/category\/escalada\/"},"img":{"alt_text":"","src":"https:\/\/i0.wp.com\/yuri.com.br\/claudio\/wp-content\/uploads\/2012\/07\/mapasalbentosegundosol.jpg?resize=350%2C200&ssl=1","width":350,"height":200,"srcset":"https:\/\/i0.wp.com\/yuri.com.br\/claudio\/wp-content\/uploads\/2012\/07\/mapasalbentosegundosol.jpg?resize=350%2C200&ssl=1 1x, https:\/\/i0.wp.com\/yuri.com.br\/claudio\/wp-content\/uploads\/2012\/07\/mapasalbentosegundosol.jpg?resize=525%2C300&ssl=1 1.5x, https:\/\/i0.wp.com\/yuri.com.br\/claudio\/wp-content\/uploads\/2012\/07\/mapasalbentosegundosol.jpg?resize=700%2C400&ssl=1 2x"},"classes":[]},{"id":3203,"url":"https:\/\/yuri.com.br\/claudio\/2011\/11\/10\/video-o-criador\/","url_meta":{"origin":8179,"position":1},"title":"V\u00eddeo: O Criador","author":"claudio","date":"10\/nov\/2011","format":false,"excerpt":"Segue mais um experimento recente. Videozinho do boulder \"O Criador\", considerado um V12 \"caro\",\u00a0 linha que foi limpa pelo Bel\u00ea e escalada primeiramente pelo Felipinho e depois pelo pr\u00f3prio Criador... e ningu\u00e9m mais. \u00a0 Filmar ali foi um teste dif\u00edcil pra c\u00e2mera, devido \u00e0 enorme escurid\u00e3o do lugar (d\u00e1 pra\u2026","rel":"","context":"Em &quot;Escalada&quot;","block_context":{"text":"Escalada","link":"https:\/\/yuri.com.br\/claudio\/category\/escalada\/"},"img":{"alt_text":"","src":"","width":0,"height":0},"classes":[]},{"id":8073,"url":"https:\/\/yuri.com.br\/claudio\/2014\/07\/27\/o-pais-tropical-do-aranha\/","url_meta":{"origin":8179,"position":2},"title":"O Pa\u00eds Tropical do Aranha","author":"Cl\u00e1udio Brisighello","date":"27\/jul\/2014","format":false,"excerpt":"Este \"Pa\u00eds Tropical\" merece um \"click\"! Bel\u00ea na f\u00faria da cadena Trata-se da nova linha aberta pelo Paul Robinson juntamente com Felipinho & cia, naquela entrada de baixo da cave, por onde se chega no Gu\u00e2namo. Aquela face lembra um pouco a forma\u00e7\u00e3o do Derretidos, ou seja, agarras perfeitas! \u00d3tima\u2026","rel":"","context":"Em &quot;Escalada&quot;","block_context":{"text":"Escalada","link":"https:\/\/yuri.com.br\/claudio\/category\/escalada\/"},"img":{"alt_text":"","src":"https:\/\/i0.wp.com\/yuri.com.br\/claudio\/wp-content\/uploads\/2014\/07\/Aranha_PaisTropical_Bele.jpg?resize=350%2C200&ssl=1","width":350,"height":200,"srcset":"https:\/\/i0.wp.com\/yuri.com.br\/claudio\/wp-content\/uploads\/2014\/07\/Aranha_PaisTropical_Bele.jpg?resize=350%2C200&ssl=1 1x, https:\/\/i0.wp.com\/yuri.com.br\/claudio\/wp-content\/uploads\/2014\/07\/Aranha_PaisTropical_Bele.jpg?resize=525%2C300&ssl=1 1.5x, https:\/\/i0.wp.com\/yuri.com.br\/claudio\/wp-content\/uploads\/2014\/07\/Aranha_PaisTropical_Bele.jpg?resize=700%2C400&ssl=1 2x, https:\/\/i0.wp.com\/yuri.com.br\/claudio\/wp-content\/uploads\/2014\/07\/Aranha_PaisTropical_Bele.jpg?resize=1050%2C600&ssl=1 3x"},"classes":[]},{"id":1223,"url":"https:\/\/yuri.com.br\/claudio\/2009\/12\/08\/home\/","url_meta":{"origin":8179,"position":3},"title":"Home is where the heart is","author":"claudio","date":"8\/dez\/2009","format":false,"excerpt":"Em tempo: - a torcida do meng\u00e3o realmente faz jus \u00e0 fama de maior do mundo :-) - Boulder Mix Brasil com o Felipinho: n\u00e3o lotou como merecia mas, quem foi se divertiu e escalou pacas! Pessoalmente, antes eu nunca havia escalado no muro da Patr\u00edcia a n\u00e3o ser em\u2026","rel":"","context":"Em &quot;Escalada&quot;","block_context":{"text":"Escalada","link":"https:\/\/yuri.com.br\/claudio\/category\/escalada\/"},"img":{"alt_text":"","src":"https:\/\/i0.wp.com\/yuri.com.br\/claudio\/wp-content\/uploads\/2009\/12\/up.jpg?resize=350%2C200&ssl=1","width":350,"height":200,"srcset":"https:\/\/i0.wp.com\/yuri.com.br\/claudio\/wp-content\/uploads\/2009\/12\/up.jpg?resize=350%2C200&ssl=1 1x, https:\/\/i0.wp.com\/yuri.com.br\/claudio\/wp-content\/uploads\/2009\/12\/up.jpg?resize=525%2C300&ssl=1 1.5x"},"classes":[]},{"id":3722,"url":"https:\/\/yuri.com.br\/claudio\/2012\/06\/11\/campeonato-brasileiro-2012-etapa-sao-bento-fotos\/","url_meta":{"origin":8179,"position":4},"title":"Campeonato Brasileiro 2012 &#8211; Etapa S\u00e3o Bento (fotos)","author":"claudio","date":"11\/jun\/2012","format":false,"excerpt":"S\u00e3o Pedro e S\u00e3o Bento fizeram um pacto de 24 horas para que no s\u00e1bado, a m\u00e1gica acontecesse: sol e frio perfeitos para rolar um espet\u00e1culo do climb, resultado merecido de um mega-trampo de tirar o chap\u00e9u... Acima, o Rafinha em um dos boulders mais duros do festival. O moleque\u2026","rel":"","context":"Em &quot;Escalada&quot;","block_context":{"text":"Escalada","link":"https:\/\/yuri.com.br\/claudio\/category\/escalada\/"},"img":{"alt_text":"","src":"https:\/\/i0.wp.com\/yuri.com.br\/claudio\/wp-content\/uploads\/2012\/06\/brasileiro_rafinha_small.jpg?resize=350%2C200&ssl=1","width":350,"height":200,"srcset":"https:\/\/i0.wp.com\/yuri.com.br\/claudio\/wp-content\/uploads\/2012\/06\/brasileiro_rafinha_small.jpg?resize=350%2C200&ssl=1 1x, https:\/\/i0.wp.com\/yuri.com.br\/claudio\/wp-content\/uploads\/2012\/06\/brasileiro_rafinha_small.jpg?resize=525%2C300&ssl=1 1.5x"},"classes":[]},{"id":7386,"url":"https:\/\/yuri.com.br\/claudio\/2014\/03\/14\/cruzeiro-2\/","url_meta":{"origin":8179,"position":5},"title":"Cruzeiro!","author":"Cl\u00e1udio Brisighello","date":"14\/mar\/2014","format":false,"excerpt":"Com a galera conhecendo, o Cruzeiro vai virando assunto na RP, ent\u00e3o compartilho mais uns betas: mais um mutir\u00e3ozinho essa semana: 4 titius e algumas toneladas de pedra O setor encontra-se em fase de consolida\u00e7\u00e3o de acesso - entenda por isso uma visita\u00e7\u00e3o controlada, discreta e gradual, com comunica\u00e7\u00e3o frequente\u2026","rel":"","context":"Em &quot;Escalada&quot;","block_context":{"text":"Escalada","link":"https:\/\/yuri.com.br\/claudio\/category\/escalada\/"},"img":{"alt_text":"","src":"https:\/\/i0.wp.com\/yuri.com.br\/claudio\/wp-content\/uploads\/2014\/03\/Cruzeiro_Projeto_FelipeCamargo.jpg?resize=350%2C200&ssl=1","width":350,"height":200,"srcset":"https:\/\/i0.wp.com\/yuri.com.br\/claudio\/wp-content\/uploads\/2014\/03\/Cruzeiro_Projeto_FelipeCamargo.jpg?resize=350%2C200&ssl=1 1x, https:\/\/i0.wp.com\/yuri.com.br\/claudio\/wp-content\/uploads\/2014\/03\/Cruzeiro_Projeto_FelipeCamargo.jpg?resize=525%2C300&ssl=1 1.5x, https:\/\/i0.wp.com\/yuri.com.br\/claudio\/wp-content\/uploads\/2014\/03\/Cruzeiro_Projeto_FelipeCamargo.jpg?resize=700%2C400&ssl=1 2x, https:\/\/i0.wp.com\/yuri.com.br\/claudio\/wp-content\/uploads\/2014\/03\/Cruzeiro_Projeto_FelipeCamargo.jpg?resize=1050%2C600&ssl=1 3x"},"classes":[]}],"_links":{"self":[{"href":"https:\/\/yuri.com.br\/claudio\/wp-json\/wp\/v2\/posts\/8179","targetHints":{"allow":["GET"]}}],"collection":[{"href":"https:\/\/yuri.com.br\/claudio\/wp-json\/wp\/v2\/posts"}],"about":[{"href":"https:\/\/yuri.com.br\/claudio\/wp-json\/wp\/v2\/types\/post"}],"author":[{"embeddable":true,"href":"https:\/\/yuri.com.br\/claudio\/wp-json\/wp\/v2\/users\/1"}],"replies":[{"embeddable":true,"href":"https:\/\/yuri.com.br\/claudio\/wp-json\/wp\/v2\/comments?post=8179"}],"version-history":[{"count":19,"href":"https:\/\/yuri.com.br\/claudio\/wp-json\/wp\/v2\/posts\/8179\/revisions"}],"predecessor-version":[{"id":8200,"href":"https:\/\/yuri.com.br\/claudio\/wp-json\/wp\/v2\/posts\/8179\/revisions\/8200"}],"wp:featuredmedia":[{"embeddable":true,"href":"https:\/\/yuri.com.br\/claudio\/wp-json\/wp\/v2\/media\/8190"}],"wp:attachment":[{"href":"https:\/\/yuri.com.br\/claudio\/wp-json\/wp\/v2\/media?parent=8179"}],"wp:term":[{"taxonomy":"category","embeddable":true,"href":"https:\/\/yuri.com.br\/claudio\/wp-json\/wp\/v2\/categories?post=8179"},{"taxonomy":"post_tag","embeddable":true,"href":"https:\/\/yuri.com.br\/claudio\/wp-json\/wp\/v2\/tags?post=8179"}],"curies":[{"name":"wp","href":"https:\/\/api.w.org\/{rel}","templated":true}]}}