{"id":8130,"date":"2014-08-01T14:22:26","date_gmt":"2014-08-01T14:22:26","guid":{"rendered":"http:\/\/yuri.com.br\/claudio\/?p=8130"},"modified":"2014-08-01T14:24:11","modified_gmt":"2014-08-01T14:24:11","slug":"pequenas-grandes-coisas","status":"publish","type":"post","link":"https:\/\/yuri.com.br\/claudio\/2014\/08\/01\/pequenas-grandes-coisas\/","title":{"rendered":"Pequenas grandes coisas"},"content":{"rendered":"<p>Hora de mudar o &#8220;foco&#8221; da c\u00e2mera nos escaladores e boulders, para uma <strong>agarra<\/strong> em especial<!--more-->, aquela que n\u00e3o apareceu direito na foto <a href=\"http:\/\/yuri.com.br\/claudio\/2014\/05\/25\/aperta\/\" target=\"_blank\">deste post<\/a>.<\/p>\n<h6 style=\"text-align: center;\"><a href=\"http:\/\/yuri.com.br\/claudio\/wp-content\/uploads\/2014\/07\/Pandora_Agarrinha_Sequence.jpg\"><img loading=\"lazy\" decoding=\"async\" data-attachment-id=\"8131\" data-permalink=\"https:\/\/yuri.com.br\/claudio\/2014\/08\/01\/pequenas-grandes-coisas\/pandora_agarrinha_sequence\/\" data-orig-file=\"https:\/\/yuri.com.br\/claudio\/wp-content\/uploads\/2014\/07\/Pandora_Agarrinha_Sequence.jpg\" data-orig-size=\"700,1200\" data-comments-opened=\"1\" data-image-meta=\"{&quot;aperture&quot;:&quot;0&quot;,&quot;credit&quot;:&quot;&quot;,&quot;camera&quot;:&quot;&quot;,&quot;caption&quot;:&quot;&quot;,&quot;created_timestamp&quot;:&quot;0&quot;,&quot;copyright&quot;:&quot;&quot;,&quot;focal_length&quot;:&quot;0&quot;,&quot;iso&quot;:&quot;0&quot;,&quot;shutter_speed&quot;:&quot;0&quot;,&quot;title&quot;:&quot;&quot;}\" data-image-title=\"Ilha de Pandora\" data-image-description=\"\" data-image-caption=\"\" data-medium-file=\"https:\/\/yuri.com.br\/claudio\/wp-content\/uploads\/2014\/07\/Pandora_Agarrinha_Sequence-175x300.jpg\" data-large-file=\"https:\/\/yuri.com.br\/claudio\/wp-content\/uploads\/2014\/07\/Pandora_Agarrinha_Sequence-597x1024.jpg\" class=\"size-full wp-image-8131 aligncenter\" alt=\"Ilha de Pandora\" src=\"http:\/\/yuri.com.br\/claudio\/wp-content\/uploads\/2014\/07\/Pandora_Agarrinha_Sequence.jpg\" width=\"700\" height=\"1200\" srcset=\"https:\/\/yuri.com.br\/claudio\/wp-content\/uploads\/2014\/07\/Pandora_Agarrinha_Sequence.jpg 700w, https:\/\/yuri.com.br\/claudio\/wp-content\/uploads\/2014\/07\/Pandora_Agarrinha_Sequence-87x150.jpg 87w, https:\/\/yuri.com.br\/claudio\/wp-content\/uploads\/2014\/07\/Pandora_Agarrinha_Sequence-175x300.jpg 175w, https:\/\/yuri.com.br\/claudio\/wp-content\/uploads\/2014\/07\/Pandora_Agarrinha_Sequence-597x1024.jpg 597w, https:\/\/yuri.com.br\/claudio\/wp-content\/uploads\/2014\/07\/Pandora_Agarrinha_Sequence-695x1191.jpg 695w\" sizes=\"auto, (max-width: 700px) 100vw, 700px\" \/><\/a>Babaleia no final da sequ\u00eancia-crux do Ilha de Pandora V10<\/h6>\n<p>Escalador costuma ter uma tara bizarra por agarras, este universo infind\u00e1vel de formas e tamanhos onde metemos a m\u00e3o (ou \u00e0s vezes apenas uma pequena fra\u00e7\u00e3o de nossos dedos) e sentimos um estranho prazer. Um tanto s\u00e1dico. Conforme diz o poeta Maximus Castagnari, <em>&#8220;a escalada embrutece&#8221;<\/em>. Quem diria que nos penduramos nessa verruguinha a\u00ed da foto para vencer uma face com 45 graus de inclina\u00e7\u00e3o? E n\u00e3o se trata de uma agarra intermedi\u00e1ria&#8230;<\/p>\n<p>Fica de aperitivo para o pr\u00f3ximo epis\u00f3dio da <a href=\"http:\/\/yuri.com.br\/claudio\/?s=Cruzeiro+Ep.\" target=\"_blank\">s\u00e9rie Cruzeiro<\/a>, dedicado \u00e0 esta bela linha que foi a 1\u00aa proposta de 2 d\u00edgitos do setor, um prel\u00fadio para tantas outras que surgiram depois. Aguardem!<\/p>\n","protected":false},"excerpt":{"rendered":"<p>Hora de mudar o &#8220;foco&#8221; da c\u00e2mera nos escaladores e boulders, para uma agarra em especial<\/p>\n","protected":false},"author":1,"featured_media":8131,"comment_status":"open","ping_status":"open","sticky":false,"template":"","format":"standard","meta":{"neve_meta_sidebar":"","neve_meta_container":"","neve_meta_enable_content_width":"","neve_meta_content_width":0,"neve_meta_title_alignment":"","neve_meta_author_avatar":"","neve_post_elements_order":"","neve_meta_disable_header":"","neve_meta_disable_footer":"","neve_meta_disable_title":"","jetpack_post_was_ever_published":false,"_jetpack_newsletter_access":"","_jetpack_dont_email_post_to_subs":false,"_jetpack_newsletter_tier_id":0,"_jetpack_memberships_contains_paywalled_content":false,"_jetpack_memberships_contains_paid_content":false,"footnotes":"","jetpack_publicize_message":"","jetpack_publicize_feature_enabled":true,"jetpack_social_post_already_shared":true,"jetpack_social_options":{"image_generator_settings":{"template":"highway","default_image_id":0,"font":"","enabled":false},"version":2}},"categories":[3],"tags":[],"class_list":["post-8130","post","type-post","status-publish","format-standard","has-post-thumbnail","hentry","category-escalada"],"jetpack_publicize_connections":[],"jetpack_featured_media_url":"https:\/\/yuri.com.br\/claudio\/wp-content\/uploads\/2014\/07\/Pandora_Agarrinha_Sequence.jpg","jetpack_shortlink":"https:\/\/wp.me\/p4i7cB-278","jetpack_sharing_enabled":true,"jetpack-related-posts":[{"id":592,"url":"https:\/\/yuri.com.br\/claudio\/2009\/04\/27\/mais-2-fotos\/","url_meta":{"origin":8130,"position":0},"title":"Mais 2 fotos","author":"claudio","date":"27\/abr\/2009","format":false,"excerpt":"Continuando o \"di\u00e1rio de experi\u00eancias fotogr\u00e1ficas\" na escalada: As 2 imagens acima seguem uma caracter\u00edstica comum, que \u00e9 o enquadramento maior do sujeito. Isso elimina alguns aspectos mais amplos (principalmente em vias) como as quest\u00f5es \"aonde o escalador est\u00e1 indo?\" ou \"como \u00e9 esta linha toda?\". Por outro lado, abre-se\u2026","rel":"","context":"Em &quot;Escalada&quot;","block_context":{"text":"Escalada","link":"https:\/\/yuri.com.br\/claudio\/category\/escalada\/"},"img":{"alt_text":"","src":"https:\/\/i0.wp.com\/farm4.static.flickr.com\/3369\/3416825590_5ba4029f74.jpg?resize=350%2C200","width":350,"height":200},"classes":[]},{"id":438,"url":"https:\/\/yuri.com.br\/claudio\/2009\/02\/26\/carnaval-2009\/","url_meta":{"origin":8130,"position":1},"title":"Carnaval 2009","author":"claudio","date":"26\/fev\/2009","format":false,"excerpt":"Subi algumas fotos do Lenheiro\u00a0\/ S\u00e3o Jo\u00e3o del-Rei. Link para elas aqui. Impress\u00f5es r\u00e1pidas: - Muitos boulders espalhados pela serra toda, com agarras boas em demasia (um quartzito que me lembrou um pouco a Chapada das Perdizes em Minduri). Devo ter visto de perto apenas 10% do potencial todo, portanto\u2026","rel":"","context":"Em &quot;'Baixa' Gastronomia&quot;","block_context":{"text":"'Baixa' Gastronomia","link":"https:\/\/yuri.com.br\/claudio\/category\/baixa-gastronomia\/"},"img":{"alt_text":"","src":"https:\/\/i0.wp.com\/yuri.com.br\/claudio\/wp-content\/uploads\/2009\/02\/sjdr_alexisaline.jpg?resize=350%2C200&ssl=1","width":350,"height":200,"srcset":"https:\/\/i0.wp.com\/yuri.com.br\/claudio\/wp-content\/uploads\/2009\/02\/sjdr_alexisaline.jpg?resize=350%2C200&ssl=1 1x, https:\/\/i0.wp.com\/yuri.com.br\/claudio\/wp-content\/uploads\/2009\/02\/sjdr_alexisaline.jpg?resize=525%2C300&ssl=1 1.5x, https:\/\/i0.wp.com\/yuri.com.br\/claudio\/wp-content\/uploads\/2009\/02\/sjdr_alexisaline.jpg?resize=700%2C400&ssl=1 2x"},"classes":[]},{"id":1573,"url":"https:\/\/yuri.com.br\/claudio\/2010\/02\/25\/centro-de-escalada-jpa\/","url_meta":{"origin":8130,"position":2},"title":"Centro de Escalada JPA","author":"claudio","date":"25\/fev\/2010","format":false,"excerpt":"Estive esses dias no novo \"Centro de Escalada JPA\", na zona oeste do Rio. Que eu me lembre, a \u00faltima vez que a regi\u00e3o contou com um muro decente aberto ao p\u00fablico foi em 2005, no extinto muro do Juba, velhos tempos... Eu (rec\u00e9m mudado ao RJ), Caio (pra variar\u2026","rel":"","context":"Em &quot;Escalada&quot;","block_context":{"text":"Escalada","link":"https:\/\/yuri.com.br\/claudio\/category\/escalada\/"},"img":{"alt_text":"","src":"https:\/\/i0.wp.com\/yuri.com.br\/claudio\/wp-content\/uploads\/2010\/02\/escaladabr_2.jpg?resize=350%2C200&ssl=1","width":350,"height":200,"srcset":"https:\/\/i0.wp.com\/yuri.com.br\/claudio\/wp-content\/uploads\/2010\/02\/escaladabr_2.jpg?resize=350%2C200&ssl=1 1x, https:\/\/i0.wp.com\/yuri.com.br\/claudio\/wp-content\/uploads\/2010\/02\/escaladabr_2.jpg?resize=525%2C300&ssl=1 1.5x"},"classes":[]},{"id":3763,"url":"https:\/\/yuri.com.br\/claudio\/2012\/06\/25\/regras-pra-que-te-quero\/","url_meta":{"origin":8130,"position":3},"title":"Regras pra que te quero","author":"claudio","date":"25\/jun\/2012","format":false,"excerpt":"Mais uma semana, e dessa vez propago aqui 2 v\u00eddeos diferentes que vi recentemente. O primeiro, mais popular, do Dai Koyamada fazendo o Story of Two Worlds, ou melhor, repetindo ele ap\u00f3s descobrir que tinha feito o in\u00edcio a partir de uma agarra de m\u00e3o direita diferente, por quest\u00e3o de\u2026","rel":"","context":"Em &quot;Escalada&quot;","block_context":{"text":"Escalada","link":"https:\/\/yuri.com.br\/claudio\/category\/escalada\/"},"img":{"alt_text":"","src":"","width":0,"height":0},"classes":[]},{"id":5428,"url":"https:\/\/yuri.com.br\/claudio\/2013\/07\/14\/arqueiro-zen-rubinho-fotos\/","url_meta":{"origin":8130,"position":4},"title":"Arqueiro Zen @ Rubinho (fotos)","author":"claudio","date":"14\/jul\/2013","format":false,"excerpt":"Um pouco de marketing do Arqueiro Zen no Rubinho - estrelando Marcelo 'Babaleia' - com o in\u00edcio do crux; depois a buscada em quest\u00e3o e por fim o din\u00e2mico final, mostrando desde a 1\u00aa agarra da linha (pin\u00e7a no canto direito). Tem mais gente forte apertando ali e estou torcendo\u2026","rel":"","context":"Em &quot;Escalada&quot;","block_context":{"text":"Escalada","link":"https:\/\/yuri.com.br\/claudio\/category\/escalada\/"},"img":{"alt_text":"","src":"","width":0,"height":0},"classes":[]},{"id":531,"url":"https:\/\/yuri.com.br\/claudio\/2009\/03\/27\/mais-fotos-comentadas\/","url_meta":{"origin":8130,"position":5},"title":"Mais fotos comentadas","author":"claudio","date":"27\/mar\/2009","format":false,"excerpt":"Continuando com as fotos comentadas, ilustro abaixo mais 2 exemplos: (clique nas imagens para ampli\u00e1-las) Nesta foto o Cesinha est\u00e1 na 2a. de suas 3 entradas na via Coquetel de Energia, em um dia de *muita* chuva, ou seja, bem mais escuro do que j\u00e1 costuma ser no Campo Escola\u2026","rel":"","context":"Em &quot;Escalada&quot;","block_context":{"text":"Escalada","link":"https:\/\/yuri.com.br\/claudio\/category\/escalada\/"},"img":{"alt_text":"","src":"https:\/\/i0.wp.com\/farm4.static.flickr.com\/3004\/2797103658_64e24a0076_o.jpg?resize=350%2C200","width":350,"height":200},"classes":[]}],"_links":{"self":[{"href":"https:\/\/yuri.com.br\/claudio\/wp-json\/wp\/v2\/posts\/8130","targetHints":{"allow":["GET"]}}],"collection":[{"href":"https:\/\/yuri.com.br\/claudio\/wp-json\/wp\/v2\/posts"}],"about":[{"href":"https:\/\/yuri.com.br\/claudio\/wp-json\/wp\/v2\/types\/post"}],"author":[{"embeddable":true,"href":"https:\/\/yuri.com.br\/claudio\/wp-json\/wp\/v2\/users\/1"}],"replies":[{"embeddable":true,"href":"https:\/\/yuri.com.br\/claudio\/wp-json\/wp\/v2\/comments?post=8130"}],"version-history":[{"count":9,"href":"https:\/\/yuri.com.br\/claudio\/wp-json\/wp\/v2\/posts\/8130\/revisions"}],"predecessor-version":[{"id":8142,"href":"https:\/\/yuri.com.br\/claudio\/wp-json\/wp\/v2\/posts\/8130\/revisions\/8142"}],"wp:featuredmedia":[{"embeddable":true,"href":"https:\/\/yuri.com.br\/claudio\/wp-json\/wp\/v2\/media\/8131"}],"wp:attachment":[{"href":"https:\/\/yuri.com.br\/claudio\/wp-json\/wp\/v2\/media?parent=8130"}],"wp:term":[{"taxonomy":"category","embeddable":true,"href":"https:\/\/yuri.com.br\/claudio\/wp-json\/wp\/v2\/categories?post=8130"},{"taxonomy":"post_tag","embeddable":true,"href":"https:\/\/yuri.com.br\/claudio\/wp-json\/wp\/v2\/tags?post=8130"}],"curies":[{"name":"wp","href":"https:\/\/api.w.org\/{rel}","templated":true}]}}