{"id":8115,"date":"2014-09-01T13:46:49","date_gmt":"2014-09-01T13:46:49","guid":{"rendered":"http:\/\/yuri.com.br\/claudio\/?p=8115"},"modified":"2014-09-01T13:48:56","modified_gmt":"2014-09-01T13:48:56","slug":"macarrao-rapido","status":"publish","type":"post","link":"https:\/\/yuri.com.br\/claudio\/2014\/09\/01\/macarrao-rapido\/","title":{"rendered":"Macarr\u00e3o r\u00e1pido"},"content":{"rendered":"<p>Faz tempo que n\u00e3o boto uma receitinha, ent\u00e3o aqui vai uma r\u00e1pida&#8230;<!--more--><\/p>\n<h6 style=\"text-align: right;\"><a href=\"http:\/\/yuri.com.br\/claudio\/wp-content\/uploads\/2014\/07\/MacarraoRapido1.jpg\"><img loading=\"lazy\" decoding=\"async\" data-attachment-id=\"8116\" data-permalink=\"https:\/\/yuri.com.br\/claudio\/2014\/09\/01\/macarrao-rapido\/macarraorapido1\/\" data-orig-file=\"https:\/\/yuri.com.br\/claudio\/wp-content\/uploads\/2014\/07\/MacarraoRapido1.jpg\" data-orig-size=\"1200,675\" data-comments-opened=\"1\" data-image-meta=\"{&quot;aperture&quot;:&quot;4&quot;,&quot;credit&quot;:&quot;Claudio Brisighello&quot;,&quot;camera&quot;:&quot;Canon EOS 7D&quot;,&quot;caption&quot;:&quot;&quot;,&quot;created_timestamp&quot;:&quot;1404225767&quot;,&quot;copyright&quot;:&quot;&quot;,&quot;focal_length&quot;:&quot;50&quot;,&quot;iso&quot;:&quot;1250&quot;,&quot;shutter_speed&quot;:&quot;0.02&quot;,&quot;title&quot;:&quot;&quot;}\" data-image-title=\"Pasta\" data-image-description=\"\" data-image-caption=\"\" data-medium-file=\"https:\/\/yuri.com.br\/claudio\/wp-content\/uploads\/2014\/07\/MacarraoRapido1-300x168.jpg\" data-large-file=\"https:\/\/yuri.com.br\/claudio\/wp-content\/uploads\/2014\/07\/MacarraoRapido1.jpg\" class=\"wp-image-8116 aligncenter\" alt=\"Pasta\" src=\"http:\/\/yuri.com.br\/claudio\/wp-content\/uploads\/2014\/07\/MacarraoRapido1.jpg\" width=\"700\" height=\"394\" srcset=\"https:\/\/yuri.com.br\/claudio\/wp-content\/uploads\/2014\/07\/MacarraoRapido1.jpg 1200w, https:\/\/yuri.com.br\/claudio\/wp-content\/uploads\/2014\/07\/MacarraoRapido1-150x84.jpg 150w, https:\/\/yuri.com.br\/claudio\/wp-content\/uploads\/2014\/07\/MacarraoRapido1-300x168.jpg 300w, https:\/\/yuri.com.br\/claudio\/wp-content\/uploads\/2014\/07\/MacarraoRapido1-695x390.jpg 695w, https:\/\/yuri.com.br\/claudio\/wp-content\/uploads\/2014\/07\/MacarraoRapido1-930x523.jpg 930w\" sizes=\"auto, (max-width: 700px) 100vw, 700px\" \/><\/a>fast-food pasta<\/h6>\n<p>Apesar de abra\u00e7ar o movimento <strong>slow food<\/strong>, esse aqui eu admito que n\u00e3o leva mais que meia hora, ou 15 minutinhos se tiver com pressa! N\u00e3o tem desculpa: bora pra cozinha pessoal!<\/p>\n<h6 style=\"text-align: right;\"><a href=\"http:\/\/yuri.com.br\/claudio\/wp-content\/uploads\/2014\/07\/MacarraoRapido2.jpg\"><img decoding=\"async\" data-attachment-id=\"8118\" data-permalink=\"https:\/\/yuri.com.br\/claudio\/2014\/09\/01\/macarrao-rapido\/macarraorapido2\/\" data-orig-file=\"https:\/\/yuri.com.br\/claudio\/wp-content\/uploads\/2014\/07\/MacarraoRapido2.jpg\" data-orig-size=\"1200,675\" data-comments-opened=\"1\" data-image-meta=\"{&quot;aperture&quot;:&quot;3.2&quot;,&quot;credit&quot;:&quot;Claudio Brisighello&quot;,&quot;camera&quot;:&quot;Canon EOS 7D&quot;,&quot;caption&quot;:&quot;&quot;,&quot;created_timestamp&quot;:&quot;1404224951&quot;,&quot;copyright&quot;:&quot;&quot;,&quot;focal_length&quot;:&quot;50&quot;,&quot;iso&quot;:&quot;1250&quot;,&quot;shutter_speed&quot;:&quot;0.02&quot;,&quot;title&quot;:&quot;&quot;}\" data-image-title=\"Temperos\" data-image-description=\"\" data-image-caption=\"\" data-medium-file=\"https:\/\/yuri.com.br\/claudio\/wp-content\/uploads\/2014\/07\/MacarraoRapido2-300x168.jpg\" data-large-file=\"https:\/\/yuri.com.br\/claudio\/wp-content\/uploads\/2014\/07\/MacarraoRapido2.jpg\" class=\"wp-image-8118 aligncenter\" alt=\"Temperos\" src=\"http:\/\/yuri.com.br\/claudio\/wp-content\/uploads\/2014\/07\/MacarraoRapido2.jpg\" width=\"700\" srcset=\"https:\/\/yuri.com.br\/claudio\/wp-content\/uploads\/2014\/07\/MacarraoRapido2.jpg 1200w, https:\/\/yuri.com.br\/claudio\/wp-content\/uploads\/2014\/07\/MacarraoRapido2-150x84.jpg 150w, https:\/\/yuri.com.br\/claudio\/wp-content\/uploads\/2014\/07\/MacarraoRapido2-300x168.jpg 300w, https:\/\/yuri.com.br\/claudio\/wp-content\/uploads\/2014\/07\/MacarraoRapido2-695x390.jpg 695w, https:\/\/yuri.com.br\/claudio\/wp-content\/uploads\/2014\/07\/MacarraoRapido2-930x523.jpg 930w\" sizes=\"(max-width: 1200px) 100vw, 1200px\" \/><\/a>detalhe da manjerona acima: pequenina, por\u00e9m potente e essencial<\/h6>\n<h4>INGREDIENTES<\/h4>\n<p>Uma inspira\u00e7\u00e3o meio &#8220;proven\u00e7al&#8221; (<em>tapenade<\/em>, <em>pesto<\/em>) resultou nessa combina\u00e7\u00e3o de alho, azeitonas pretas e anchovas picadinhas (2 filezinhos por pessoa, no m\u00e1ximo) rebatidos por vinagre\/<em>aceto<\/em> bals\u00e2mico, ervas frescas (manjeric\u00e3o e manjerona), um bom azeite e parmes\u00e3o ralado. O toque final fica por conta de am\u00eandoas picadas e tostadas previamente (na frigideira), defumando o prato.<\/p>\n<h4>M\u00c9TODO<\/h4>\n<p>Tudo a se fazer \u00e9 cozinhar o macarr\u00e3o (n\u00e3o salgar a \u00e1gua, deixe o sal por conta das anchovas e azeitonas), preferencialmente parafuso neste caso (o da foto \u00e9 integral) religiosamente <em>al dente<\/em>. Escorra bem, pingue azeite e gire o escorredor, polvilhando pimenta do reino mo\u00edda na hora, temperando os parafusos. Se preferir, eu costumo substituir o \u00f3leo de minha conserva de anchovas por azeite, utilizando o precioso l\u00edquido em ocasi\u00f5es como esta. Enquanto isso, derreta uma colherzinha de manteiga em uma frigideira com um fio de azeite, doure o alho picado e despeje o macarr\u00e3o, girando bem a panela. Desligue o fogo junte o restante dos ingredientes (deixe as ervas frescas por \u00faltimo para n\u00e3o queim\u00e1-las), at\u00e9 incorporar bem. Seja sutil com o bals\u00e2mico: a ideia \u00e9 dar acidez e doce para balancear tudo. Pronto! Hora de provar e ajustar o tempero se necess\u00e1rio. Ao servir, regar com um bom azeite e ralar mais parmes\u00e3o (esque\u00e7a aquele queijo-ralado de saquinho).<\/p>\n<p>Se deixar esfriar, d\u00e1 pra usar muito bem com uma salada verde. E mordendo minha l\u00edngua cervejeira, este macarr\u00e3o pede um vinho tinto. Uma verdadeira explos\u00e3o de sabores&#8230;<\/p>\n<p><em>Bon app\u00e9tit!<\/em><\/p>\n","protected":false},"excerpt":{"rendered":"<p>Faz tempo que n\u00e3o boto uma receitinha, ent\u00e3o aqui vai uma r\u00e1pida&#8230;<\/p>\n","protected":false},"author":1,"featured_media":8116,"comment_status":"open","ping_status":"open","sticky":false,"template":"","format":"standard","meta":{"neve_meta_sidebar":"","neve_meta_container":"","neve_meta_enable_content_width":"","neve_meta_content_width":0,"neve_meta_title_alignment":"","neve_meta_author_avatar":"","neve_post_elements_order":"","neve_meta_disable_header":"","neve_meta_disable_footer":"","neve_meta_disable_title":"","jetpack_post_was_ever_published":false,"_jetpack_newsletter_access":"","_jetpack_dont_email_post_to_subs":false,"_jetpack_newsletter_tier_id":0,"_jetpack_memberships_contains_paywalled_content":false,"_jetpack_memberships_contains_paid_content":false,"footnotes":"","jetpack_publicize_message":"","jetpack_publicize_feature_enabled":true,"jetpack_social_post_already_shared":true,"jetpack_social_options":{"image_generator_settings":{"template":"highway","default_image_id":0,"font":"","enabled":false},"version":2}},"categories":[2],"tags":[],"class_list":["post-8115","post","type-post","status-publish","format-standard","has-post-thumbnail","hentry","category-baixa-gastronomia"],"jetpack_publicize_connections":[],"jetpack_featured_media_url":"https:\/\/yuri.com.br\/claudio\/wp-content\/uploads\/2014\/07\/MacarraoRapido1.jpg","jetpack_shortlink":"https:\/\/wp.me\/p4i7cB-26T","jetpack_sharing_enabled":true,"jetpack-related-posts":[{"id":282,"url":"https:\/\/yuri.com.br\/claudio\/2008\/11\/06\/samovar-tea-lounge-sf\/","url_meta":{"origin":8115,"position":0},"title":"Samovar Tea Lounge, SF","author":"claudio","date":"6\/nov\/2008","format":false,"excerpt":"E aqui vai a minha \u00faltima por\u00e9m n\u00e3o menos importante\u00a0recomenda\u00e7\u00e3o gastron\u00f4mica de S\u00e3o Francisco, o Samovar Tea Lounge. Sinceramente, foi a minha experi\u00eancia mais prazeirosa por l\u00e1, ganhando de todo o resto que conheci em SF nos poucos 2 dias de estadia. \u00c9 um local onde pude apreciar ch\u00e1s incr\u00edveis\u2026","rel":"","context":"Em &quot;'Baixa' Gastronomia&quot;","block_context":{"text":"'Baixa' Gastronomia","link":"https:\/\/yuri.com.br\/claudio\/category\/baixa-gastronomia\/"},"img":{"alt_text":"","src":"","width":0,"height":0},"classes":[]},{"id":174,"url":"https:\/\/yuri.com.br\/claudio\/2008\/09\/02\/visita-do-cesinha\/","url_meta":{"origin":8115,"position":1},"title":"Visita do Cesinha","author":"claudio","date":"2\/set\/2008","format":false,"excerpt":"Um registro sobre a visita do Cesinha aqui no RJ semana passada: Como n\u00e3o \u00e9 sempre que vemos r\u00e1pidas ascens\u00f5es de Xa \u00e0 vista ou Xc em poucas tentativas, procurei documentar e abaixo listo os 'souvenirs' desta viagem. Mat\u00e9ria no EscaladaBrasil.com Entrevista no EscaladaBrasil.com Fotos da Coquetel na galeria EXPO!\u2026","rel":"","context":"Em &quot;Escalada&quot;","block_context":{"text":"Escalada","link":"https:\/\/yuri.com.br\/claudio\/category\/escalada\/"},"img":{"alt_text":"","src":"https:\/\/i0.wp.com\/yuri.com.br\/claudio\/wp-content\/uploads\/2008\/09\/cesinha_banner1.jpg?resize=350%2C200","width":350,"height":200},"classes":[]},{"id":4650,"url":"https:\/\/yuri.com.br\/claudio\/2013\/03\/13\/tortilla\/","url_meta":{"origin":8115,"position":2},"title":"Tortilla","author":"claudio","date":"13\/mar\/2013","format":"aside","excerpt":"Ta\u00ed um quitute pr\u00e1tico\/f\u00e1cil, \u00f3timo para fazer uma limpa nos restos da sua geladeira. Comfort food total! A quantidade de ovos e batatas vai depender do tamanho da sua frigideira. No caso da foto, coloquei tudo em uma assadeira e mandei pro forno. Foram 2 batatas, 2 cebolas, 6 ovos.\u2026","rel":"","context":"Em &quot;'Baixa' Gastronomia&quot;","block_context":{"text":"'Baixa' Gastronomia","link":"https:\/\/yuri.com.br\/claudio\/category\/baixa-gastronomia\/"},"img":{"alt_text":"","src":"https:\/\/i0.wp.com\/yuri.com.br\/claudio\/wp-content\/uploads\/2013\/03\/tortilla1.jpg?resize=350%2C200&ssl=1","width":350,"height":200,"srcset":"https:\/\/i0.wp.com\/yuri.com.br\/claudio\/wp-content\/uploads\/2013\/03\/tortilla1.jpg?resize=350%2C200&ssl=1 1x, https:\/\/i0.wp.com\/yuri.com.br\/claudio\/wp-content\/uploads\/2013\/03\/tortilla1.jpg?resize=525%2C300&ssl=1 1.5x, https:\/\/i0.wp.com\/yuri.com.br\/claudio\/wp-content\/uploads\/2013\/03\/tortilla1.jpg?resize=700%2C400&ssl=1 2x"},"classes":[]},{"id":5149,"url":"https:\/\/yuri.com.br\/claudio\/2013\/06\/13\/risottos\/","url_meta":{"origin":8115,"position":3},"title":"Risottos","author":"claudio","date":"13\/jun\/2013","format":false,"excerpt":"Amo um risotinho. A execu\u00e7\u00e3o \u00e9 pr\u00e1tica e se encaixa perfeitamente naquele esquema \"comfort food\", o que tiver na geladeira ou despensa pode muito bem incrementar um belo arroz. Al\u00e9m de ser bom para servir v\u00e1rias pessoas sem a complica\u00e7\u00e3o de montar pratos cheios de componentes: o resultado fica todo\u2026","rel":"","context":"Em &quot;'Baixa' Gastronomia&quot;","block_context":{"text":"'Baixa' Gastronomia","link":"https:\/\/yuri.com.br\/claudio\/category\/baixa-gastronomia\/"},"img":{"alt_text":"","src":"https:\/\/i0.wp.com\/yuri.com.br\/claudio\/wp-content\/uploads\/2013\/05\/risotochampignon.jpg?resize=350%2C200&ssl=1","width":350,"height":200,"srcset":"https:\/\/i0.wp.com\/yuri.com.br\/claudio\/wp-content\/uploads\/2013\/05\/risotochampignon.jpg?resize=350%2C200&ssl=1 1x, https:\/\/i0.wp.com\/yuri.com.br\/claudio\/wp-content\/uploads\/2013\/05\/risotochampignon.jpg?resize=525%2C300&ssl=1 1.5x, https:\/\/i0.wp.com\/yuri.com.br\/claudio\/wp-content\/uploads\/2013\/05\/risotochampignon.jpg?resize=700%2C400&ssl=1 2x"},"classes":[]},{"id":649,"url":"https:\/\/yuri.com.br\/claudio\/2009\/04\/29\/curtapromo-cesinha\/","url_meta":{"origin":8115,"position":4},"title":"Curta\/promo Cesinha","author":"claudio","date":"29\/abr\/2009","format":false,"excerpt":"Domingo fomos \u00e0 Urca em dia de ATM e\u00a0 levamos uma c\u00e2mera para divulgar as rifas do Cesinha, cuja edi\u00e7\u00e3o r\u00e1pida segue abaixo: Se vc est\u00e1 lendo isso aqui, compre pelo menos um n\u00famero da rifa. Tenho certeza que 10 reais n\u00e3o ir\u00e3o te fazer passar fome, e s\u00e3o v\u00e1rios\u2026","rel":"","context":"Em &quot;Escalada&quot;","block_context":{"text":"Escalada","link":"https:\/\/yuri.com.br\/claudio\/category\/escalada\/"},"img":{"alt_text":"","src":"","width":0,"height":0},"classes":[]},{"id":5609,"url":"https:\/\/yuri.com.br\/claudio\/2013\/08\/20\/medusa\/","url_meta":{"origin":8115,"position":5},"title":"Medusa&#8230;","author":"claudio","date":"20\/ago\/2013","format":false,"excerpt":"J\u00e1 que desta vez me propus a relatar o processo, aqui v\u00e3o uns frames da pancadaria: Babaleia, eu e Bel\u00ea quase chegando no final desse \"corredor polon\u00eas\". S\u00e3o 3 contra 1, agora sim a porteira est\u00e1 amea\u00e7ando abrir! Sem d\u00favidas trabalhar projetos em conjunto \u00e9 bem mais produtivo, ainda mais\u2026","rel":"","context":"Em &quot;Escalada&quot;","block_context":{"text":"Escalada","link":"https:\/\/yuri.com.br\/claudio\/category\/escalada\/"},"img":{"alt_text":"","src":"https:\/\/i0.wp.com\/yuri.com.br\/claudio\/wp-content\/uploads\/2013\/08\/medusa_crux.jpg?resize=350%2C200&ssl=1","width":350,"height":200,"srcset":"https:\/\/i0.wp.com\/yuri.com.br\/claudio\/wp-content\/uploads\/2013\/08\/medusa_crux.jpg?resize=350%2C200&ssl=1 1x, https:\/\/i0.wp.com\/yuri.com.br\/claudio\/wp-content\/uploads\/2013\/08\/medusa_crux.jpg?resize=525%2C300&ssl=1 1.5x, https:\/\/i0.wp.com\/yuri.com.br\/claudio\/wp-content\/uploads\/2013\/08\/medusa_crux.jpg?resize=700%2C400&ssl=1 2x"},"classes":[]}],"_links":{"self":[{"href":"https:\/\/yuri.com.br\/claudio\/wp-json\/wp\/v2\/posts\/8115","targetHints":{"allow":["GET"]}}],"collection":[{"href":"https:\/\/yuri.com.br\/claudio\/wp-json\/wp\/v2\/posts"}],"about":[{"href":"https:\/\/yuri.com.br\/claudio\/wp-json\/wp\/v2\/types\/post"}],"author":[{"embeddable":true,"href":"https:\/\/yuri.com.br\/claudio\/wp-json\/wp\/v2\/users\/1"}],"replies":[{"embeddable":true,"href":"https:\/\/yuri.com.br\/claudio\/wp-json\/wp\/v2\/comments?post=8115"}],"version-history":[{"count":12,"href":"https:\/\/yuri.com.br\/claudio\/wp-json\/wp\/v2\/posts\/8115\/revisions"}],"predecessor-version":[{"id":8226,"href":"https:\/\/yuri.com.br\/claudio\/wp-json\/wp\/v2\/posts\/8115\/revisions\/8226"}],"wp:featuredmedia":[{"embeddable":true,"href":"https:\/\/yuri.com.br\/claudio\/wp-json\/wp\/v2\/media\/8116"}],"wp:attachment":[{"href":"https:\/\/yuri.com.br\/claudio\/wp-json\/wp\/v2\/media?parent=8115"}],"wp:term":[{"taxonomy":"category","embeddable":true,"href":"https:\/\/yuri.com.br\/claudio\/wp-json\/wp\/v2\/categories?post=8115"},{"taxonomy":"post_tag","embeddable":true,"href":"https:\/\/yuri.com.br\/claudio\/wp-json\/wp\/v2\/tags?post=8115"}],"curies":[{"name":"wp","href":"https:\/\/api.w.org\/{rel}","templated":true}]}}