{"id":811,"date":"2009-07-01T14:16:14","date_gmt":"2009-07-01T14:16:14","guid":{"rendered":"http:\/\/claudiobr.wordpress.com\/?p=811"},"modified":"2009-07-01T14:16:14","modified_gmt":"2009-07-01T14:16:14","slug":"2%c2%aa-etapa-do-campeonato-estadual-de-boulder-2009-rj","status":"publish","type":"post","link":"https:\/\/yuri.com.br\/claudio\/2009\/07\/01\/2%c2%aa-etapa-do-campeonato-estadual-de-boulder-2009-rj\/","title":{"rendered":"2\u00aa ETAPA DO CAMPEONATO ESTADUAL DE BOULDER 2009 &#8211; RJ"},"content":{"rendered":"<p>Divulgando:<\/p>\n<div><span> &#8220;Ol\u00e1 !!<\/span><\/div>\n<div><span> <\/span><\/div>\n<div><span>Acontecer\u00e1 no dia\u00a005 de julho, a 2\u00aa Etapa do Campeonato Estadual de Boulder  2009 &#8211; RJ.<\/span><\/div>\n<div><span> <\/span><\/div>\n<div><span>Confiram\u00a0o V\u00eddeo Anima\u00e7\u00e3o com as informa\u00e7\u00f5es da 2\u00aa Etapa do Campeonato  Estadual de Boulder 2009 &#8211; RJ.<\/span><\/div>\n<div><span> <\/span><\/div>\n<div><span>Ligue o <strong>SOM<\/strong>!!!<\/span><\/div>\n<div><div class=\"nv-iframe-embed\"><span class=\"embed-youtube\" style=\"text-align:center; display: block;\"><iframe loading=\"lazy\" class=\"youtube-player\" width=\"1200\" height=\"675\" src=\"https:\/\/www.youtube.com\/embed\/7ygXjDkP_z8?version=3&#038;rel=1&#038;showsearch=0&#038;showinfo=1&#038;iv_load_policy=1&#038;fs=1&#038;hl=pt-BR&#038;autohide=2&#038;wmode=transparent\" allowfullscreen=\"true\" style=\"border:0;\" sandbox=\"allow-scripts allow-same-origin allow-popups allow-presentation allow-popups-to-escape-sandbox\"><\/iframe><\/span><\/div><\/div>\n<div><span><br \/>\n<\/span><\/div>\n<div><span> <\/span><\/div>\n<div><span> <\/span><\/div>\n<div><span><strong><span style=\"text-decoration:underline;\">ATEN\u00c7\u00c3O COMPETIDORES:<\/span><\/strong> <\/span><\/div>\n<div><span> <\/span><\/div>\n<div><span>N\u00e3o esque\u00e7am de se filiar ou atualizar sua situa\u00e7\u00e3o at\u00e9 o dia <strong>02 de  JULHO<\/strong> junto ao seu<strong> CLUBE<\/strong> ou \u00e0<strong> FEMERJ<\/strong>,  seja como escalador ou montanhista.<\/span><\/div>\n<div><span><br \/>\nNas categorias:<strong> Aspirante e Master<\/strong>, s\u00f3 poder\u00e3o  competir atletas filados aos <strong>CLUBES <\/strong>ou \u00e0  <strong>FEMERJ.<\/strong><\/span><\/div>\n<p><span><strong> <\/strong><\/span><\/p>\n<div><span><strong><br \/>\nN\u00c3O HAVER\u00c1 TAXA DE INSCRI\u00c7\u00c3O PARA COMPETIR<\/strong>, mas sua ficha de  inscri\u00e7\u00e3o dever\u00e1 ser enviada at\u00e9 o dia <strong>02 de JULHO<\/strong>, pelo <a rel=\"nofollow\" href=\"http:\/\/escaladacafe.com.br\/content\/2a-etapa-do-campeonato-estadual-de-boulder-2009-rj\" target=\"_blank\"><span style=\"color:#02679c;\">www.femerj.org<\/span><\/a> em ESCALADA ESPORTIVA ou no pr\u00f3prio ESCALADA INDOOR ICARA\u00cd.<br \/>\n<\/span><\/div>\n<div><span><strong>N\u00e3o ser\u00e3o aceitas inscri\u00e7\u00f5es no dia da competi\u00e7\u00e3o.<\/strong><\/span><\/div>\n<div><span><br \/>\n<strong>OBS 1:<\/strong> O atleta filiado \u00e0 um <strong>CLUBE <\/strong>dever\u00e1 levar sua carteirinha do clube atualizada na data da competi\u00e7\u00e3o.  O<strong> CLUBE<\/strong> dever\u00e1 ser filiado \u00e0<strong> FEMERJ.<br \/>\n<\/strong><\/span><\/div>\n<div><span> <\/span><\/div>\n<div><span><strong>OBS 2:<\/strong> As camisetas da competi\u00e7\u00e3o s\u00f3 ser\u00e3o reservadas  aos<strong> 30 primeiros inscritos.<\/strong><\/span><\/div>\n<div><span> <\/span><\/div>\n<div><span><strong>OBS 3:<\/strong> Atletas de outros estados ser\u00e3o bem vindos \u00e0 participar como convidados, mas n\u00e3o ter\u00e3o direito a p\u00f3dio ou\u00a0medalha e sua pontua\u00e7\u00e3o ser\u00e1 meramente simb\u00f3lica. <\/span><\/div>\n<div><span>Taxa de inscri\u00e7\u00e3o: R$ 30,00.<\/span><\/div>\n<div><span><\/p>\n<p><\/span><\/div>\n<div><span><span style=\"text-decoration:underline;\"><strong>2\u00aa ETAPA DO CAMPEONATO ESTADUAL DE BOULDER 2009 &#8211;  RJ<\/strong><br \/>\n<\/span><\/span><\/div>\n<div><span> <\/span><\/div>\n<div><span><strong><span style=\"text-decoration:underline;\">DATA<\/span>:<\/strong> 05.07.2009<br \/>\n<\/span><\/div>\n<p><span> <\/span><\/p>\n<div><span><strong><span style=\"text-decoration:underline;\">HORA<\/span>:<\/strong> <\/span><\/div>\n<div><span>9:30h &#8211; Aspirante (masc. e fem.)<\/span><\/div>\n<div><span>14h &#8211; Master (masc. e fem.)<br \/>\n<\/span><\/div>\n<div><span> <\/span><\/div>\n<div><span><strong><span style=\"text-decoration:underline;\">ISOLAMENTO<\/span>:<\/strong> <\/span><\/div>\n<div><span>Aspirante (fem. e masc.): das 8:45h \u00e0s 9:15h.<\/span><\/div>\n<div><span>Master (fem. e masc.): das 13h \u00e0s 13:45h.<\/span><\/div>\n<div><span> <\/span><\/div>\n<div><span><strong><span style=\"text-decoration:underline;\">LOCAL<\/span>:<\/strong> Escalada Indoor Icara\u00ed situado no Clube Rio  Cricket.<br \/>\nAberto de segunda \u00e0 sexta das 17:00h \u00e0s  22:30h.<br \/>\n<\/span><\/div>\n<div><span> <\/span><\/div>\n<div><span><strong><span style=\"text-decoration:underline;\">ENDERE\u00c7O<\/span>:<\/strong> Rua Fagundes Varela, 637 &#8211; Icara\u00ed &#8211;  Niter\u00f3i &#8211; RJ.<br \/>\n<\/span><\/div>\n<p><span> <\/span><\/p>\n<div><span><strong><span style=\"text-decoration:underline;\">TELEFONE<\/span>:<\/strong> 21 2717.5333 ramal: 20<\/span><\/div>\n<div><span> <\/span><\/div>\n<div><span><strong><span style=\"text-decoration:underline;\">REALIZA\u00c7\u00c3O<\/span>: <\/strong><strong>ESCALADA INDOOR ICARA\u00cd e  FEMERJ.<\/strong><\/span><\/div>\n<div><span> <\/span><\/div>\n<div><span><strong><span style=\"text-decoration:underline;\">PATROC\u00cdNIO<\/span>: <\/strong><\/span><\/div>\n<div><span> <\/span><\/div>\n<div><span><strong>VDOZE AGARRAS<\/strong><\/span><\/div>\n<div><span><a rel=\"nofollow\" href=\"http:\/\/escaladacafe.com.br\/content\/2a-etapa-do-campeonato-estadual-de-boulder-2009-rj\" target=\"_blank\">www.vdoze.com.br<\/a><\/span><\/div>\n<div><span> <\/span><\/div>\n<div><span><strong>PLURAL MIX<\/strong><\/span><\/div>\n<div><span><a rel=\"nofollow\" href=\"http:\/\/escaladacafe.com.br\/content\/2a-etapa-do-campeonato-estadual-de-boulder-2009-rj\" target=\"_blank\">www.pluralmix.com<\/a><\/span><\/div>\n<div><span> <\/span><\/div>\n<div><span><strong>LECHEN<\/strong><\/span><\/div>\n<div><span><a rel=\"nofollow\" href=\"http:\/\/escaladacafe.com.br\/content\/2a-etapa-do-campeonato-estadual-de-boulder-2009-rj\" target=\"_blank\">www.lechen.com.br<\/a><\/span><\/div>\n<div><span> <\/span><\/div>\n<div><span> <\/span><\/div>\n<div><span>Qualquer d\u00favida entre em contato.<\/span><\/div>\n<div><span><br \/>\nAbra\u00e7os,<br \/>\n<span style=\"background-color:#ffffff;\"><span style=\"font-family:verdana,helvetica,sans-serif;font-size:x-small;\"> <\/span><\/span><\/span><\/div>\n<div><span><span style=\"background-color:#ffffff;\"><em><span style=\"font-family:verdana,helvetica,sans-serif;font-size:x-small;\">Patricia  Mattos.<\/span><\/em><\/span><\/span><\/div>\n<div><span><span style=\"background-color:#ffffff;\"><strong><em><span style=\"font-family:verdana,helvetica,sans-serif;font-size:x-small;\">Diretora do  Dept\u00ba de Competi\u00e7\u00f5es<\/span><\/em><\/strong><\/span><\/span><\/div>\n<div><span><span style=\"background-color:#ffffff;\"><strong><em><span style=\"font-family:verdana,helvetica,sans-serif;font-size:x-small;\">FEMERJ<\/span><\/em><\/strong><\/span><\/span><\/div>\n<div>\n<div>\n<div><span><span style=\"background-color:#ffffff;\"><em><span style=\"font-family:verdana,helvetica,sans-serif;font-size:x-small;\">21 9787  9236<\/span><\/em><\/span><\/span><\/div>\n<\/div>\n<div><span><em><span style=\"font-family:verdana,helvetica,sans-serif;font-size:x-small;\">21 2704 3034  (resid\u00eancia)<\/span><\/em><\/span><\/div>\n<\/div>\n<div><span><em><span style=\"font-family:verdana,helvetica,sans-serif;font-size:x-small;\">MSN: <\/span><a rel=\"nofollow\" href=\"http:\/\/escaladacafe.com.br\/content\/2a-etapa-do-campeonato-estadual-de-boulder-2009-rj\" target=\"_blank\"><span style=\"font-family:verdana,helvetica,sans-serif;font-size:x-small;\">pattricia-mattos@hotmail.com<\/span><\/a><\/em><\/span> &#8220;<\/div>\n","protected":false},"excerpt":{"rendered":"<p>Divulgando: &#8220;Ol\u00e1 !! Acontecer\u00e1 no dia\u00a005 de julho, a 2\u00aa Etapa do Campeonato Estadual de Boulder 2009 &#8211; RJ. Confiram\u00a0o V\u00eddeo Anima\u00e7\u00e3o com as informa\u00e7\u00f5es da 2\u00aa Etapa do Campeonato Estadual de Boulder 2009 &#8211; RJ. Ligue o SOM!!! ATEN\u00c7\u00c3O COMPETIDORES: N\u00e3o esque\u00e7am de se filiar ou atualizar sua situa\u00e7\u00e3o at\u00e9 o dia 02 de&hellip;&nbsp;<a href=\"https:\/\/yuri.com.br\/claudio\/2009\/07\/01\/2%c2%aa-etapa-do-campeonato-estadual-de-boulder-2009-rj\/\" rel=\"bookmark\">Continue a ler &raquo;<span class=\"screen-reader-text\">2\u00aa ETAPA DO CAMPEONATO ESTADUAL DE BOULDER 2009 &#8211; RJ<\/span><\/a><\/p>\n","protected":false},"author":2,"featured_media":0,"comment_status":"open","ping_status":"open","sticky":false,"template":"","format":"standard","meta":{"neve_meta_sidebar":"","neve_meta_container":"","neve_meta_enable_content_width":"","neve_meta_content_width":0,"neve_meta_title_alignment":"","neve_meta_author_avatar":"","neve_post_elements_order":"","neve_meta_disable_header":"","neve_meta_disable_footer":"","neve_meta_disable_title":"","jetpack_post_was_ever_published":false,"_jetpack_newsletter_access":"","_jetpack_dont_email_post_to_subs":false,"_jetpack_newsletter_tier_id":0,"_jetpack_memberships_contains_paywalled_content":false,"_jetpack_memberships_contains_paid_content":false,"footnotes":"","jetpack_publicize_message":"","jetpack_publicize_feature_enabled":true,"jetpack_social_post_already_shared":false,"jetpack_social_options":{"image_generator_settings":{"template":"highway","default_image_id":0,"font":"","enabled":false},"version":2}},"categories":[3],"tags":[],"class_list":["post-811","post","type-post","status-publish","format-standard","hentry","category-escalada"],"jetpack_publicize_connections":[],"jetpack_featured_media_url":"","jetpack_shortlink":"https:\/\/wp.me\/p4i7cB-d5","jetpack_sharing_enabled":true,"jetpack-related-posts":[{"id":2008,"url":"https:\/\/yuri.com.br\/claudio\/2010\/05\/19\/1%c2%aa-etapa-campeonato-estadual-de-boulder-rj2010\/","url_meta":{"origin":811,"position":0},"title":"1\u00aa Etapa Campeonato Estadual de Boulder RJ\/2010","author":"claudio","date":"19\/maio\/2010","format":false,"excerpt":"Divulgando: Infelizmente ainda estarei longe do Rio nesta 1a. etapa :-\/ Mas fica a dica: o circuito de boulder deste ano vai rolar novamente l\u00e1 no muro da Patty em Niter\u00f3i, naquele esquema sem taxa de inscri\u00e7\u00e3o (luxo), basta estar devidamente federado ou filiado aos clubes. Aqui vai uma lembran\u00e7a\u2026","rel":"","context":"Em &quot;Escalada&quot;","block_context":{"text":"Escalada","link":"https:\/\/yuri.com.br\/claudio\/category\/escalada\/"},"img":{"alt_text":"","src":"https:\/\/i0.wp.com\/img.youtube.com\/vi\/ojMRzsXSBH4\/0.jpg?resize=350%2C200","width":350,"height":200},"classes":[]},{"id":254,"url":"https:\/\/yuri.com.br\/claudio\/2008\/10\/31\/sobre-o-campeonato-estadual-de-boulder-rj-2008\/","url_meta":{"origin":811,"position":1},"title":"Sobre o Campeonato Estadual de Boulder RJ 2008","author":"claudio","date":"31\/out\/2008","format":false,"excerpt":"Neste m\u00eas de outubro\u00a0terminou o Campeonato Estadual de Escalada (Boulder) do RJ 2008. Sobre os resultados oficiais eu indico 2 artigos: Blog da Lojinha de Escalada Blog do Caio Gomes E clicando neste link pode-se conferir algumas fotos que fiz desta \u00faltima etapa na Limite Vertical. Aproveito este espa\u00e7o para\u2026","rel":"","context":"Em &quot;Escalada&quot;","block_context":{"text":"Escalada","link":"https:\/\/yuri.com.br\/claudio\/category\/escalada\/"},"img":{"alt_text":"","src":"https:\/\/i0.wp.com\/yuri.com.br\/claudio\/wp-content\/uploads\/2008\/10\/jornaldossports_estadualrj2008.jpg?resize=350%2C200&ssl=1","width":350,"height":200,"srcset":"https:\/\/i0.wp.com\/yuri.com.br\/claudio\/wp-content\/uploads\/2008\/10\/jornaldossports_estadualrj2008.jpg?resize=350%2C200&ssl=1 1x, https:\/\/i0.wp.com\/yuri.com.br\/claudio\/wp-content\/uploads\/2008\/10\/jornaldossports_estadualrj2008.jpg?resize=525%2C300&ssl=1 1.5x, https:\/\/i0.wp.com\/yuri.com.br\/claudio\/wp-content\/uploads\/2008\/10\/jornaldossports_estadualrj2008.jpg?resize=700%2C400&ssl=1 2x"},"classes":[]},{"id":103,"url":"https:\/\/yuri.com.br\/claudio\/2008\/08\/13\/ii-etapa-do-campeonato-estadualrj-de-boulder-2008\/","url_meta":{"origin":811,"position":2},"title":"II Etapa do Campeonato Estadual\/RJ","author":"claudio","date":"13\/ago\/2008","format":false,"excerpt":"Bora participar galera! \u00c9 preciso prestigiar a iniciativa, lembrando que o RJ carece de gin\u00e1sios e j\u00e1 teve etapa do brasileiro cancelada este ano... me desculpem a alfinetada, mas quem ignora esses eventos s\u00f3 porque n\u00e3o curtem \"competi\u00e7\u00e3o\" ou preferem as pedras (que abundam dentro da cidade), est\u00e1 cuspindo no\u2026","rel":"","context":"Em &quot;Escalada&quot;","block_context":{"text":"Escalada","link":"https:\/\/yuri.com.br\/claudio\/category\/escalada\/"},"img":{"alt_text":"","src":"https:\/\/i0.wp.com\/img.youtube.com\/vi\/pwem2Wn7FcE\/0.jpg?resize=350%2C200","width":350,"height":200},"classes":[]},{"id":713,"url":"https:\/\/yuri.com.br\/claudio\/2009\/05\/24\/video-campeonato-estadual-rj-1a-etapa\/","url_meta":{"origin":811,"position":3},"title":"V\u00eddeo &#8211; Campeonato Estadual RJ (1a. Etapa)","author":"claudio","date":"24\/maio\/2009","format":false,"excerpt":"Segue mais um v\u00eddeo\/curta feito com carinho no formato widescreen mais trilhas escolhidas a dedo :-) Desta vez do campeonato estadual aqui do RJ, categoria dos marmanjos: \u00c9 s\u00f3 uma lembrancinha mesmo, pois percebi que filmar, competir, dar seg, trabalhar 50hs por semana, etc - dificulta um pouco o resultado\u2026","rel":"","context":"Em &quot;Escalada&quot;","block_context":{"text":"Escalada","link":"https:\/\/yuri.com.br\/claudio\/category\/escalada\/"},"img":{"alt_text":"","src":"","width":0,"height":0},"classes":[]},{"id":358,"url":"https:\/\/yuri.com.br\/claudio\/2009\/01\/06\/videos\/","url_meta":{"origin":811,"position":4},"title":"V\u00eddeos","author":"claudio","date":"6\/jan\/2009","format":false,"excerpt":"Divulgando alguns v\u00eddeos recentes: Bazar de Natal 2008 - Confraterniza\u00e7\u00e3o! \u00a0 \u00a0\u00daltima Etapa do Campeonato Estadual\/RJ 2008 (Iniciante Feminino)","rel":"","context":"Em &quot;Escalada&quot;","block_context":{"text":"Escalada","link":"https:\/\/yuri.com.br\/claudio\/category\/escalada\/"},"img":{"alt_text":"","src":"","width":0,"height":0},"classes":[]},{"id":201,"url":"https:\/\/yuri.com.br\/claudio\/2008\/09\/09\/iii-etapa-do-campeonato-estadualrj-de-boulder-2008-nova-friburgo\/","url_meta":{"origin":811,"position":5},"title":"III Etapa do Campeonato Estadual\/RJ de Boulder 2008 &#8211; Nova Friburgo","author":"claudio","date":"9\/set\/2008","format":false,"excerpt":"\"Bom Pessoal, como todos estavam esperando a\u00ed est\u00e1 o convite para a etapa de boulder aqui da Planeta Vertical. Contamos com a vinda dos atletas participantes do ranking e aqueles que queiram tamb\u00e9m prestigiar essa etapa\" - Leandro S. Nogueira \/ Planeta Vertical 13 de Setembro a partir das 9:30\u2026","rel":"","context":"Em &quot;Escalada&quot;","block_context":{"text":"Escalada","link":"https:\/\/yuri.com.br\/claudio\/category\/escalada\/"},"img":{"alt_text":"","src":"","width":0,"height":0},"classes":[]}],"_links":{"self":[{"href":"https:\/\/yuri.com.br\/claudio\/wp-json\/wp\/v2\/posts\/811","targetHints":{"allow":["GET"]}}],"collection":[{"href":"https:\/\/yuri.com.br\/claudio\/wp-json\/wp\/v2\/posts"}],"about":[{"href":"https:\/\/yuri.com.br\/claudio\/wp-json\/wp\/v2\/types\/post"}],"author":[{"embeddable":true,"href":"https:\/\/yuri.com.br\/claudio\/wp-json\/wp\/v2\/users\/2"}],"replies":[{"embeddable":true,"href":"https:\/\/yuri.com.br\/claudio\/wp-json\/wp\/v2\/comments?post=811"}],"version-history":[{"count":0,"href":"https:\/\/yuri.com.br\/claudio\/wp-json\/wp\/v2\/posts\/811\/revisions"}],"wp:attachment":[{"href":"https:\/\/yuri.com.br\/claudio\/wp-json\/wp\/v2\/media?parent=811"}],"wp:term":[{"taxonomy":"category","embeddable":true,"href":"https:\/\/yuri.com.br\/claudio\/wp-json\/wp\/v2\/categories?post=811"},{"taxonomy":"post_tag","embeddable":true,"href":"https:\/\/yuri.com.br\/claudio\/wp-json\/wp\/v2\/tags?post=811"}],"curies":[{"name":"wp","href":"https:\/\/api.w.org\/{rel}","templated":true}]}}