{"id":8073,"date":"2014-07-27T17:15:00","date_gmt":"2014-07-27T17:15:00","guid":{"rendered":"http:\/\/yuri.com.br\/claudio\/?p=8073"},"modified":"2015-04-07T02:01:06","modified_gmt":"2015-04-07T02:01:06","slug":"o-pais-tropical-do-aranha","status":"publish","type":"post","link":"https:\/\/yuri.com.br\/claudio\/2014\/07\/27\/o-pais-tropical-do-aranha\/","title":{"rendered":"O Pa\u00eds Tropical do Aranha"},"content":{"rendered":"<p>Este &#8220;<strong>Pa\u00eds Tropical<\/strong>&#8221; merece um &#8220;click&#8221;!<!--more--><\/p>\n<h6 style=\"text-align: right;\"><a href=\"http:\/\/yuri.com.br\/claudio\/wp-content\/uploads\/2014\/07\/Aranha_PaisTropical_Bele.jpg\"><img decoding=\"async\" class=\"aligncenter\" title=\"clique para ampliar\" alt=\"clique para ampliar\" src=\"http:\/\/yuri.com.br\/claudio\/wp-content\/uploads\/2014\/07\/Aranha_PaisTropical_Bele.jpg\" width=\"700\" \/><\/a>Bel\u00ea na f\u00faria da cadena<\/h6>\n<p>Trata-se da nova linha aberta pelo Paul Robinson juntamente com Felipinho &amp; cia, naquela entrada de baixo da <em>cave<\/em>, por onde se chega no Gu\u00e2namo. Aquela face lembra um pouco a forma\u00e7\u00e3o do <a href=\"http:\/\/yuri.com.br\/claudio\/2014\/02\/10\/derretidos\/\" target=\"_blank\">Derretidos<\/a>, ou seja, agarras perfeitas! \u00d3tima movimenta\u00e7\u00e3o de continuidade e um final emocionante (leia-se: levem MUITOS crashpads). Amazing contribution folks!!<\/p>\n","protected":false},"excerpt":{"rendered":"<p>Este &#8220;Pa\u00eds Tropical&#8221; merece um &#8220;click&#8221;!<\/p>\n","protected":false},"author":1,"featured_media":8070,"comment_status":"open","ping_status":"open","sticky":false,"template":"","format":"standard","meta":{"neve_meta_sidebar":"","neve_meta_container":"","neve_meta_enable_content_width":"","neve_meta_content_width":0,"neve_meta_title_alignment":"","neve_meta_author_avatar":"","neve_post_elements_order":"","neve_meta_disable_header":"","neve_meta_disable_footer":"","neve_meta_disable_title":"","jetpack_post_was_ever_published":false,"_jetpack_newsletter_access":"","_jetpack_dont_email_post_to_subs":false,"_jetpack_newsletter_tier_id":0,"_jetpack_memberships_contains_paywalled_content":false,"_jetpack_memberships_contains_paid_content":false,"footnotes":"","jetpack_publicize_message":"","jetpack_publicize_feature_enabled":true,"jetpack_social_post_already_shared":true,"jetpack_social_options":{"image_generator_settings":{"template":"highway","default_image_id":0,"font":"","enabled":false},"version":2}},"categories":[3],"tags":[],"class_list":["post-8073","post","type-post","status-publish","format-standard","has-post-thumbnail","hentry","category-escalada"],"jetpack_publicize_connections":[],"jetpack_featured_media_url":"https:\/\/yuri.com.br\/claudio\/wp-content\/uploads\/2014\/07\/Aranha_PaisTropical_Bele.jpg","jetpack_shortlink":"https:\/\/wp.me\/p4i7cB-26d","jetpack_sharing_enabled":true,"jetpack-related-posts":[{"id":1274,"url":"https:\/\/yuri.com.br\/claudio\/2009\/12\/29\/saude-gezondheid-banzai\/","url_meta":{"origin":8073,"position":0},"title":"Sa\u00fade! Gezondheid! Banzai!","author":"claudio","date":"29\/dez\/2009","format":false,"excerpt":"Se tiver de saco cheio daquela Cidra Cereser :-] no ano novo, brinde com uma cervejinha! Para ajudar a desmarginalizar esta nobre bebida, aqui vai minha lista pessoal de sugest\u00f5es: qualquer uma acima da nota 7 \u00e9 satisfa\u00e7\u00e3o garantid\u00edssima. (os links te levam ao beerseek, aplicativo do Facebook) ps: aproveito\u2026","rel":"","context":"Em &quot;'Baixa' Gastronomia&quot;","block_context":{"text":"'Baixa' Gastronomia","link":"https:\/\/yuri.com.br\/claudio\/category\/baixa-gastronomia\/"},"img":{"alt_text":"","src":"https:\/\/i0.wp.com\/yuri.com.br\/claudio\/wp-content\/uploads\/2009\/12\/latrappe.jpg?resize=350%2C200","width":350,"height":200,"srcset":"https:\/\/i0.wp.com\/yuri.com.br\/claudio\/wp-content\/uploads\/2009\/12\/latrappe.jpg?resize=350%2C200 1x, https:\/\/i0.wp.com\/yuri.com.br\/claudio\/wp-content\/uploads\/2009\/12\/latrappe.jpg?resize=525%2C300 1.5x, https:\/\/i0.wp.com\/yuri.com.br\/claudio\/wp-content\/uploads\/2009\/12\/latrappe.jpg?resize=700%2C400 2x"},"classes":[]},{"id":92,"url":"https:\/\/yuri.com.br\/claudio\/2008\/08\/11\/facebook-ratebeer\/","url_meta":{"origin":8073,"position":1},"title":"Facebook | RateBeer","author":"claudio","date":"11\/ago\/2008","format":false,"excerpt":"O Facebook tem um aplicativo chamado \"RateBeer\" que \u00e9 bem simples de usar. Segue abaixo meus atuais 'ratings' (de 0 a 10), sempre em constante atualiza\u00e7\u00e3o. Para quem n\u00e3o tem pregui\u00e7a de anotar todas aquelas impress\u00f5es sensoriais, recomendo o ratebeer.com, que possui uma das maiores bases de 'reviews' de cervejas\u2026","rel":"","context":"Em &quot;'Baixa' Gastronomia&quot;","block_context":{"text":"'Baixa' Gastronomia","link":"https:\/\/yuri.com.br\/claudio\/category\/baixa-gastronomia\/"},"img":{"alt_text":"","src":"https:\/\/i0.wp.com\/yuri.com.br\/claudio\/wp-content\/uploads\/2008\/08\/wordpresschimaywhite.jpg?resize=350%2C200&ssl=1","width":350,"height":200,"srcset":"https:\/\/i0.wp.com\/yuri.com.br\/claudio\/wp-content\/uploads\/2008\/08\/wordpresschimaywhite.jpg?resize=350%2C200&ssl=1 1x, https:\/\/i0.wp.com\/yuri.com.br\/claudio\/wp-content\/uploads\/2008\/08\/wordpresschimaywhite.jpg?resize=525%2C300&ssl=1 1.5x, https:\/\/i0.wp.com\/yuri.com.br\/claudio\/wp-content\/uploads\/2008\/08\/wordpresschimaywhite.jpg?resize=700%2C400&ssl=1 2x"},"classes":[]},{"id":930,"url":"https:\/\/yuri.com.br\/claudio\/2009\/08\/06\/escalada-cafe-coming-soon\/","url_meta":{"origin":8073,"position":2},"title":"Escalada Caf\u00e9 &#8211; coming soon&#8230;","author":"claudio","date":"6\/ago\/2009","format":false,"excerpt":"Em breve, mais novidades no site... Por hora, gostaria de aproveitar e compartilhar um depoimento gratuito e muito bacana por parte do Neudson: http:\/\/www.descedaidoido.com.br\/2009\/08\/05\/participe-do-escalada-cafe E se eu n\u00e3o postar at\u00e9 amanh\u00e3... feliz dia dos pais a todos! papai, uns 70 anos atr\u00e1s, muito antes do dia em que dan\u00e7ou com\u2026","rel":"","context":"Em &quot;Escalada&quot;","block_context":{"text":"Escalada","link":"https:\/\/yuri.com.br\/claudio\/category\/escalada\/"},"img":{"alt_text":"Meu pai","src":"https:\/\/i0.wp.com\/yuri.com.br\/claudio\/wp-content\/uploads\/2009\/08\/147924623.jpg?resize=350%2C200","width":350,"height":200},"classes":[]},{"id":70,"url":"https:\/\/yuri.com.br\/claudio\/2008\/08\/04\/seguranca-em-boulder\/","url_meta":{"origin":8073,"position":3},"title":"Seguran\u00e7a em boulder?","author":"claudio","date":"4\/ago\/2008","format":false,"excerpt":"ATEN\u00c7\u00c3O NA SEG, GALERA!!!!!!!!!!! ---x--- SEGURAN\u00c7A EM BOULDER? Por Claudio Brisighello Bouldering \u00e9 uma das modalidades de escalada que vem crescendo bastante no Brasil, apesar de ser uma \"febre\" recente na hist\u00f3ria deste esporte no pa\u00eds, se comparada aos estilos esportivo e tradicional, por exemplo. Este fato \u00e9 evidenciado tanto\u2026","rel":"","context":"Em &quot;Escalada&quot;","block_context":{"text":"Escalada","link":"https:\/\/yuri.com.br\/claudio\/category\/escalada\/"},"img":{"alt_text":"","src":"https:\/\/i0.wp.com\/yuri.com.br\/claudio\/wp-content\/uploads\/2008\/08\/radioscopia.jpg?resize=350%2C200","width":350,"height":200},"classes":[]},{"id":3304,"url":"https:\/\/yuri.com.br\/claudio\/2012\/01\/03\/r-i-p-daniel-piza\/","url_meta":{"origin":8073,"position":4},"title":"R.I.P. Daniel Piza","author":"claudio","date":"3\/jan\/2012","format":false,"excerpt":"Ele estava aqui perto de casa e sofreu um a.v.c. inesperado (41 anos!), na vizinha Gon\u00e7alves, MG. L\u00e1 se foi um dos poucos seres vivos verdadeiramente cultos deste pa\u00eds (saudades de Fausto Wolff) que eu acompanhava pelo dom\u00ednio das palavras, sempre embasadas longe da superf\u00edcie. Qual seu aforismo predileto? \u201cEstilo\u2026","rel":"","context":"Em &quot;Outros&quot;","block_context":{"text":"Outros","link":"https:\/\/yuri.com.br\/claudio\/category\/outros\/"},"img":{"alt_text":"","src":"","width":0,"height":0},"classes":[]},{"id":2257,"url":"https:\/\/yuri.com.br\/claudio\/2010\/06\/24\/way-underground\/","url_meta":{"origin":8073,"position":5},"title":"Way underground","author":"claudio","date":"24\/jun\/2010","format":false,"excerpt":"Recentemente em minhas andan\u00e7as sem carro pelo Rio, fui at\u00e9 o Real Chopp pela profunda esta\u00e7\u00e3o Cardeal Arcoverde do metr\u00f4 carioca. Aquele esquema de sempre: treino \u00e0 noite na Limite e caldinho de feij\u00e3o com cacha\u00e7a pra repor. O que eu n\u00e3o esperava \u00e9 que na volta eu fosse pirar\u2026","rel":"","context":"Em &quot;Outros&quot;","block_context":{"text":"Outros","link":"https:\/\/yuri.com.br\/claudio\/category\/outros\/"},"img":{"alt_text":"","src":"https:\/\/i0.wp.com\/farm5.static.flickr.com\/4022\/4712385838_9e93cee308_b.jpg?resize=350%2C200","width":350,"height":200,"srcset":"https:\/\/i0.wp.com\/farm5.static.flickr.com\/4022\/4712385838_9e93cee308_b.jpg?resize=350%2C200 1x, https:\/\/i0.wp.com\/farm5.static.flickr.com\/4022\/4712385838_9e93cee308_b.jpg?resize=525%2C300 1.5x"},"classes":[]}],"_links":{"self":[{"href":"https:\/\/yuri.com.br\/claudio\/wp-json\/wp\/v2\/posts\/8073","targetHints":{"allow":["GET"]}}],"collection":[{"href":"https:\/\/yuri.com.br\/claudio\/wp-json\/wp\/v2\/posts"}],"about":[{"href":"https:\/\/yuri.com.br\/claudio\/wp-json\/wp\/v2\/types\/post"}],"author":[{"embeddable":true,"href":"https:\/\/yuri.com.br\/claudio\/wp-json\/wp\/v2\/users\/1"}],"replies":[{"embeddable":true,"href":"https:\/\/yuri.com.br\/claudio\/wp-json\/wp\/v2\/comments?post=8073"}],"version-history":[{"count":36,"href":"https:\/\/yuri.com.br\/claudio\/wp-json\/wp\/v2\/posts\/8073\/revisions"}],"predecessor-version":[{"id":9036,"href":"https:\/\/yuri.com.br\/claudio\/wp-json\/wp\/v2\/posts\/8073\/revisions\/9036"}],"wp:featuredmedia":[{"embeddable":true,"href":"https:\/\/yuri.com.br\/claudio\/wp-json\/wp\/v2\/media\/8070"}],"wp:attachment":[{"href":"https:\/\/yuri.com.br\/claudio\/wp-json\/wp\/v2\/media?parent=8073"}],"wp:term":[{"taxonomy":"category","embeddable":true,"href":"https:\/\/yuri.com.br\/claudio\/wp-json\/wp\/v2\/categories?post=8073"},{"taxonomy":"post_tag","embeddable":true,"href":"https:\/\/yuri.com.br\/claudio\/wp-json\/wp\/v2\/tags?post=8073"}],"curies":[{"name":"wp","href":"https:\/\/api.w.org\/{rel}","templated":true}]}}