{"id":8049,"date":"2014-07-22T22:09:59","date_gmt":"2014-07-22T22:09:59","guid":{"rendered":"http:\/\/yuri.com.br\/claudio\/?p=8049"},"modified":"2014-07-22T22:11:17","modified_gmt":"2014-07-22T22:11:17","slug":"mountain-voices-137","status":"publish","type":"post","link":"https:\/\/yuri.com.br\/claudio\/2014\/07\/22\/mountain-voices-137\/","title":{"rendered":"Mountain Voices #137"},"content":{"rendered":"<p><!--more-->Recentemente, escrevi sobre os boulders daqui da regi\u00e3o de S\u00e3o Bento para o <a href=\"http:\/\/mountainvoices.com.br\" target=\"_blank\">Mountain Voices<\/a>. Acabou rendendo a mat\u00e9ria de capa, agrade\u00e7o ao <a href=\"http:\/\/eliseufrechou.com.br\" target=\"_blank\">Eliseu<\/a> pelo convite\/espa\u00e7o!<\/p>\n<h6 style=\"text-align: center;\"><a href=\"http:\/\/www.mountainvoices.com.br\/mv137.pdf\" target=\"_blank\"><img loading=\"lazy\" decoding=\"async\" data-attachment-id=\"8050\" data-permalink=\"https:\/\/yuri.com.br\/claudio\/2014\/07\/22\/mountain-voices-137\/mv137\/\" data-orig-file=\"https:\/\/yuri.com.br\/claudio\/wp-content\/uploads\/2014\/07\/MV137.jpg\" data-orig-size=\"400,475\" data-comments-opened=\"1\" data-image-meta=\"{&quot;aperture&quot;:&quot;0&quot;,&quot;credit&quot;:&quot;Eliseu Frechou&quot;,&quot;camera&quot;:&quot;&quot;,&quot;caption&quot;:&quot;&quot;,&quot;created_timestamp&quot;:&quot;0&quot;,&quot;copyright&quot;:&quot;&quot;,&quot;focal_length&quot;:&quot;0&quot;,&quot;iso&quot;:&quot;0&quot;,&quot;shutter_speed&quot;:&quot;0&quot;,&quot;title&quot;:&quot;&quot;}\" data-image-title=\"MV137\" data-image-description=\"\" data-image-caption=\"\" data-medium-file=\"https:\/\/yuri.com.br\/claudio\/wp-content\/uploads\/2014\/07\/MV137-252x300.jpg\" data-large-file=\"https:\/\/yuri.com.br\/claudio\/wp-content\/uploads\/2014\/07\/MV137.jpg\" class=\"size-full wp-image-8050 aligncenter\" alt=\"MV137\" src=\"http:\/\/yuri.com.br\/claudio\/wp-content\/uploads\/2014\/07\/MV137.jpg\" width=\"400\" height=\"475\" srcset=\"https:\/\/yuri.com.br\/claudio\/wp-content\/uploads\/2014\/07\/MV137.jpg 400w, https:\/\/yuri.com.br\/claudio\/wp-content\/uploads\/2014\/07\/MV137-126x150.jpg 126w, https:\/\/yuri.com.br\/claudio\/wp-content\/uploads\/2014\/07\/MV137-252x300.jpg 252w\" sizes=\"auto, (max-width: 400px) 100vw, 400px\" \/><\/a>(clique na imagem para acessar a edi\u00e7\u00e3o online)<\/h6>\n","protected":false},"excerpt":{"rendered":"Recentemente, escrevi sobre os boulders daqui da regi\u00e3o de S\u00e3o Bento para o Mountain Voices. Acabou rendendo a mat\u00e9ria de capa, agrade\u00e7o ao Eliseu pelo convite\/espa\u00e7o! (clique na imagem para acessar a edi\u00e7\u00e3o online)","protected":false},"author":1,"featured_media":8050,"comment_status":"open","ping_status":"open","sticky":false,"template":"","format":"standard","meta":{"neve_meta_sidebar":"","neve_meta_container":"","neve_meta_enable_content_width":"","neve_meta_content_width":0,"neve_meta_title_alignment":"","neve_meta_author_avatar":"","neve_post_elements_order":"","neve_meta_disable_header":"","neve_meta_disable_footer":"","neve_meta_disable_title":"","jetpack_post_was_ever_published":false,"_jetpack_newsletter_access":"","_jetpack_dont_email_post_to_subs":false,"_jetpack_newsletter_tier_id":0,"_jetpack_memberships_contains_paywalled_content":false,"_jetpack_memberships_contains_paid_content":false,"footnotes":"","jetpack_publicize_message":"","jetpack_publicize_feature_enabled":true,"jetpack_social_post_already_shared":true,"jetpack_social_options":{"image_generator_settings":{"template":"highway","default_image_id":0,"font":"","enabled":false},"version":2}},"categories":[3],"tags":[],"class_list":["post-8049","post","type-post","status-publish","format-standard","has-post-thumbnail","hentry","category-escalada"],"jetpack_publicize_connections":[],"jetpack_featured_media_url":"https:\/\/yuri.com.br\/claudio\/wp-content\/uploads\/2014\/07\/MV137.jpg","jetpack_shortlink":"https:\/\/wp.me\/p4i7cB-25P","jetpack_sharing_enabled":true,"jetpack-related-posts":[{"id":2784,"url":"https:\/\/yuri.com.br\/claudio\/2011\/07\/15\/discursos-de-esquerda\/","url_meta":{"origin":8049,"position":0},"title":"&#8220;free and beautiful&#8221;","author":"claudio","date":"15\/jul\/2011","format":false,"excerpt":"Lendo a respeito do grupo \"multinacional\" que andou derrubando sites brasileiros, topei com esse trecho do Charles Chaplin em \"O Grande Ditador\", de 70 anos atr\u00e1s mas com algumas id\u00e9ias v\u00e1lidas at\u00e9 os dias de hoje: I'm sorry but I don't want to be an Emperor, that's not my business.\u2026","rel":"","context":"Em &quot;Outros&quot;","block_context":{"text":"Outros","link":"https:\/\/yuri.com.br\/claudio\/category\/outros\/"},"img":{"alt_text":"","src":"https:\/\/i0.wp.com\/img.youtube.com\/vi\/K75w6p7cKB8\/0.jpg?resize=350%2C200","width":350,"height":200},"classes":[]}],"_links":{"self":[{"href":"https:\/\/yuri.com.br\/claudio\/wp-json\/wp\/v2\/posts\/8049","targetHints":{"allow":["GET"]}}],"collection":[{"href":"https:\/\/yuri.com.br\/claudio\/wp-json\/wp\/v2\/posts"}],"about":[{"href":"https:\/\/yuri.com.br\/claudio\/wp-json\/wp\/v2\/types\/post"}],"author":[{"embeddable":true,"href":"https:\/\/yuri.com.br\/claudio\/wp-json\/wp\/v2\/users\/1"}],"replies":[{"embeddable":true,"href":"https:\/\/yuri.com.br\/claudio\/wp-json\/wp\/v2\/comments?post=8049"}],"version-history":[{"count":8,"href":"https:\/\/yuri.com.br\/claudio\/wp-json\/wp\/v2\/posts\/8049\/revisions"}],"predecessor-version":[{"id":8059,"href":"https:\/\/yuri.com.br\/claudio\/wp-json\/wp\/v2\/posts\/8049\/revisions\/8059"}],"wp:featuredmedia":[{"embeddable":true,"href":"https:\/\/yuri.com.br\/claudio\/wp-json\/wp\/v2\/media\/8050"}],"wp:attachment":[{"href":"https:\/\/yuri.com.br\/claudio\/wp-json\/wp\/v2\/media?parent=8049"}],"wp:term":[{"taxonomy":"category","embeddable":true,"href":"https:\/\/yuri.com.br\/claudio\/wp-json\/wp\/v2\/categories?post=8049"},{"taxonomy":"post_tag","embeddable":true,"href":"https:\/\/yuri.com.br\/claudio\/wp-json\/wp\/v2\/tags?post=8049"}],"curies":[{"name":"wp","href":"https:\/\/api.w.org\/{rel}","templated":true}]}}