{"id":789,"date":"2009-06-25T13:25:18","date_gmt":"2009-06-25T13:25:18","guid":{"rendered":"http:\/\/claudiobr.wordpress.com\/?p=789"},"modified":"2009-06-25T13:25:18","modified_gmt":"2009-06-25T13:25:18","slug":"novo-site-em-nossas-terras","status":"publish","type":"post","link":"https:\/\/yuri.com.br\/claudio\/2009\/06\/25\/novo-site-em-nossas-terras\/","title":{"rendered":"Novo site em nossas terras&#8230;"},"content":{"rendered":"<p style=\"text-align:center;\">Divulgando o novo <a href=\"http:\/\/escaladacafe.com.br\/\" target=\"_blank\">escaladacafe.com.br<\/a>:<\/p>\n<p style=\"text-align:center;\"><a href=\"http:\/\/escaladacafe.com.br\" target=\"_blank\"><img loading=\"lazy\" decoding=\"async\" data-attachment-id=\"798\" data-permalink=\"https:\/\/yuri.com.br\/claudio\/2009\/06\/25\/novo-site-em-nossas-terras\/escaladacafe\/\" data-orig-file=\"https:\/\/yuri.com.br\/claudio\/wp-content\/uploads\/2009\/06\/escaladacafe.jpg\" data-orig-size=\"400,890\" data-comments-opened=\"1\" data-image-meta=\"{&quot;aperture&quot;:&quot;0&quot;,&quot;credit&quot;:&quot;&quot;,&quot;camera&quot;:&quot;&quot;,&quot;caption&quot;:&quot;&quot;,&quot;created_timestamp&quot;:&quot;0&quot;,&quot;copyright&quot;:&quot;&quot;,&quot;focal_length&quot;:&quot;0&quot;,&quot;iso&quot;:&quot;0&quot;,&quot;shutter_speed&quot;:&quot;0&quot;,&quot;title&quot;:&quot;&quot;}\" data-image-title=\"EscaladaCafe.com.br\" data-image-description=\"\" data-image-caption=\"\" data-medium-file=\"https:\/\/yuri.com.br\/claudio\/wp-content\/uploads\/2009\/06\/escaladacafe-134x300.jpg\" data-large-file=\"https:\/\/yuri.com.br\/claudio\/wp-content\/uploads\/2009\/06\/escaladacafe.jpg\" class=\"size-full wp-image-798 aligncenter\" title=\"EscaladaCafe.com.br\" src=\"http:\/\/yuri.com.br\/claudio\/wp-content\/uploads\/2009\/06\/escaladacafe.jpg\" alt=\"EscaladaCafe.com.br\" width=\"400\" height=\"890\" srcset=\"https:\/\/yuri.com.br\/claudio\/wp-content\/uploads\/2009\/06\/escaladacafe.jpg 400w, https:\/\/yuri.com.br\/claudio\/wp-content\/uploads\/2009\/06\/escaladacafe-210x467.jpg 210w\" sizes=\"auto, (max-width: 400px) 100vw, 400px\" \/><\/a><\/p>\n<p style=\"text-align:left;\">Resumindo, a hist\u00f3ria foi mais ou menos assim: no ano passado, a marca <a href=\"http:\/\/www.yuri.com.br\/loja\/\" target=\"_blank\">Yuri Hayashi &#8220;Design de Coisinhas&#8221;<\/a> abriu uma se\u00e7\u00e3o para produtos de escalada, tendo como carro-chefe os chalkbags customiz\u00e1veis ; a se\u00e7\u00e3o cresceu e tornou-se a &#8220;<a href=\"http:\/\/escaladacafe.com.br\/lojinha\" target=\"_blank\">Lojinha de Escalada<\/a>&#8221; ; um <a href=\"http:\/\/lojinhadeescalada.blogspot.com\/\" target=\"_blank\">blog<\/a> foi criado para agregar valor \u00e0 mesma ; a coisa aumentou e idealizou-se um prot\u00f3tipo de ambiente multi-conte\u00fado, ganhando forma neste <a href=\"http:\/\/escaladacafe.com.br\/\" target=\"_blank\">site<\/a>, sob um sistema bastante flex\u00edvel. Com certeza n\u00e3o \u00e9 para ser apenas &#8220;mais um&#8221; site&#8230;<\/p>\n<p style=\"text-align:left;\">PS aos cariocas: o nome do dom\u00ednio n\u00e3o tem rela\u00e7\u00e3o alguma com o extinto gin\u00e1sio (que coincidentemente tinha o mesmo nome :-)<\/p>\n","protected":false},"excerpt":{"rendered":"<p>Divulgando o novo escaladacafe.com.br: Resumindo, a hist\u00f3ria foi mais ou menos assim: no ano passado, a marca Yuri Hayashi &#8220;Design de Coisinhas&#8221; abriu uma se\u00e7\u00e3o para produtos de escalada, tendo como carro-chefe os chalkbags customiz\u00e1veis ; a se\u00e7\u00e3o cresceu e tornou-se a &#8220;Lojinha de Escalada&#8221; ; um blog foi criado para agregar valor \u00e0 mesma&hellip;&nbsp;<a href=\"https:\/\/yuri.com.br\/claudio\/2009\/06\/25\/novo-site-em-nossas-terras\/\" rel=\"bookmark\">Continue a ler &raquo;<span class=\"screen-reader-text\">Novo site em nossas terras&#8230;<\/span><\/a><\/p>\n","protected":false},"author":2,"featured_media":790,"comment_status":"open","ping_status":"open","sticky":false,"template":"","format":"standard","meta":{"neve_meta_sidebar":"","neve_meta_container":"","neve_meta_enable_content_width":"","neve_meta_content_width":0,"neve_meta_title_alignment":"","neve_meta_author_avatar":"","neve_post_elements_order":"","neve_meta_disable_header":"","neve_meta_disable_footer":"","neve_meta_disable_title":"","jetpack_post_was_ever_published":false,"_jetpack_newsletter_access":"","_jetpack_dont_email_post_to_subs":false,"_jetpack_newsletter_tier_id":0,"_jetpack_memberships_contains_paywalled_content":false,"_jetpack_memberships_contains_paid_content":false,"footnotes":"","jetpack_publicize_message":"","jetpack_publicize_feature_enabled":true,"jetpack_social_post_already_shared":false,"jetpack_social_options":{"image_generator_settings":{"template":"highway","default_image_id":0,"font":"","enabled":false},"version":2}},"categories":[3],"tags":[],"class_list":["post-789","post","type-post","status-publish","format-standard","has-post-thumbnail","hentry","category-escalada"],"jetpack_publicize_connections":[],"jetpack_featured_media_url":"https:\/\/yuri.com.br\/claudio\/wp-content\/uploads\/2009\/06\/screenshot.jpg","jetpack_shortlink":"https:\/\/wp.me\/p4i7cB-cJ","jetpack_sharing_enabled":true,"jetpack-related-posts":[{"id":313,"url":"https:\/\/yuri.com.br\/claudio\/2008\/12\/03\/bazar-de-natal-da-limite-vertical-2008\/","url_meta":{"origin":789,"position":0},"title":"Bazar de Natal da Limite Vertical 2008","author":"claudio","date":"3\/dez\/2008","format":false,"excerpt":"Divulgando: ps: o v\u00eddeo, os boulders e a discotecagem do dia ser\u00e3o por minha conta! (gde m**rda, mas COMPARE\u00c7AM!!! :-)) A Limite Vertical tem o prazer de apresentar o seu 1o. Bazar de Natal! Se voc\u00ea precisa comprar presentes para os amigos escaladores (e n\u00e3o escaladores tamb\u00e9m!), esta \u00e9 a\u2026","rel":"","context":"Em &quot;Escalada&quot;","block_context":{"text":"Escalada","link":"https:\/\/yuri.com.br\/claudio\/category\/escalada\/"},"img":{"alt_text":"","src":"https:\/\/i0.wp.com\/yuri.com.br\/claudio\/wp-content\/uploads\/2008\/12\/bazar_internet.jpg?resize=350%2C200&ssl=1","width":350,"height":200,"srcset":"https:\/\/i0.wp.com\/yuri.com.br\/claudio\/wp-content\/uploads\/2008\/12\/bazar_internet.jpg?resize=350%2C200&ssl=1 1x, https:\/\/i0.wp.com\/yuri.com.br\/claudio\/wp-content\/uploads\/2008\/12\/bazar_internet.jpg?resize=525%2C300&ssl=1 1.5x, https:\/\/i0.wp.com\/yuri.com.br\/claudio\/wp-content\/uploads\/2008\/12\/bazar_internet.jpg?resize=700%2C400&ssl=1 2x"},"classes":[]},{"id":254,"url":"https:\/\/yuri.com.br\/claudio\/2008\/10\/31\/sobre-o-campeonato-estadual-de-boulder-rj-2008\/","url_meta":{"origin":789,"position":1},"title":"Sobre o Campeonato Estadual de Boulder RJ 2008","author":"claudio","date":"31\/out\/2008","format":false,"excerpt":"Neste m\u00eas de outubro\u00a0terminou o Campeonato Estadual de Escalada (Boulder) do RJ 2008. Sobre os resultados oficiais eu indico 2 artigos: Blog da Lojinha de Escalada Blog do Caio Gomes E clicando neste link pode-se conferir algumas fotos que fiz desta \u00faltima etapa na Limite Vertical. Aproveito este espa\u00e7o para\u2026","rel":"","context":"Em &quot;Escalada&quot;","block_context":{"text":"Escalada","link":"https:\/\/yuri.com.br\/claudio\/category\/escalada\/"},"img":{"alt_text":"","src":"https:\/\/i0.wp.com\/yuri.com.br\/claudio\/wp-content\/uploads\/2008\/10\/jornaldossports_estadualrj2008.jpg?resize=350%2C200&ssl=1","width":350,"height":200,"srcset":"https:\/\/i0.wp.com\/yuri.com.br\/claudio\/wp-content\/uploads\/2008\/10\/jornaldossports_estadualrj2008.jpg?resize=350%2C200&ssl=1 1x, https:\/\/i0.wp.com\/yuri.com.br\/claudio\/wp-content\/uploads\/2008\/10\/jornaldossports_estadualrj2008.jpg?resize=525%2C300&ssl=1 1.5x, https:\/\/i0.wp.com\/yuri.com.br\/claudio\/wp-content\/uploads\/2008\/10\/jornaldossports_estadualrj2008.jpg?resize=700%2C400&ssl=1 2x"},"classes":[]},{"id":331,"url":"https:\/\/yuri.com.br\/claudio\/2008\/12\/19\/calendario-2009\/","url_meta":{"origin":789,"position":2},"title":"Calend\u00e1rio 2009","author":"claudio","date":"19\/dez\/2008","format":false,"excerpt":"\u00a0Finalmente saiu o Calend\u00e1rio 2009, uma lembrancinha, um souvenir, uma vontade de compartilhar minhas imagens. E s\u00f3 estou vendendo porque custa uma grana pra imprimir, sen\u00e3o doaria aos amantes das montanhas. Pra n\u00e3o salgar o pre\u00e7o, foi criado na vers\u00e3o de mesa. Seu escrit\u00f3rio pode ganhar um belo upgrade agora\u2026","rel":"","context":"Em &quot;Escalada&quot;","block_context":{"text":"Escalada","link":"https:\/\/yuri.com.br\/claudio\/category\/escalada\/"},"img":{"alt_text":"Calend\u00e1rio 2009","src":"https:\/\/i0.wp.com\/yuri.com.br\/claudio\/wp-content\/uploads\/2008\/11\/promo.jpg?resize=350%2C200","width":350,"height":200},"classes":[]},{"id":543,"url":"https:\/\/yuri.com.br\/claudio\/2009\/04\/07\/mais-fotos-comentadas-2\/","url_meta":{"origin":789,"position":3},"title":"Mais fotos comentadas&#8230;","author":"claudio","date":"7\/abr\/2009","format":false,"excerpt":"Mais uma foto do CE2000, com o Alexis no crux da 1a. parte da Epit\u00e1fios, uma sequ\u00eancia que atravessa aquela bela se\u00e7\u00e3o \"ondulada\" da pedra. H\u00e1 um jogo de diagonais nesta imagem. Repare na extremidade direita da parede, coincidindo com o \u00e2ngulo superior direito da imagem, procurei montar uma certa\u2026","rel":"","context":"Em &quot;Escalada&quot;","block_context":{"text":"Escalada","link":"https:\/\/yuri.com.br\/claudio\/category\/escalada\/"},"img":{"alt_text":"","src":"https:\/\/i0.wp.com\/farm4.static.flickr.com\/3639\/3321025322_e01308bb1f.jpg?resize=350%2C200","width":350,"height":200},"classes":[]},{"id":4537,"url":"https:\/\/yuri.com.br\/claudio\/2013\/02\/01\/five-ten-team-brasil\/","url_meta":{"origin":789,"position":4},"title":"FIVE TEN Team Brasil","author":"claudio","date":"1\/fev\/2013","format":false,"excerpt":"A equipe est\u00e1 crescendo e l\u00e1 fui eu fazer mais fotos. Lembra da japinha no campeonato brasileiro? Olha ela a\u00ed, seu nome \u00e9 Bruna. S\u00f3 este reconhecimento\/incentivo a ela j\u00e1 justificaria a escolha de minha pr\u00f3xima sapatilha. Fica a dica: Dragon (sim, aquela que vc v\u00ea pisando em mto V14\u2026","rel":"","context":"Em &quot;Escalada&quot;","block_context":{"text":"Escalada","link":"https:\/\/yuri.com.br\/claudio\/category\/escalada\/"},"img":{"alt_text":"","src":"https:\/\/i0.wp.com\/yuri.com.br\/claudio\/wp-content\/uploads\/2013\/02\/teambrasil_squarecrop.jpg?resize=350%2C200&ssl=1","width":350,"height":200,"srcset":"https:\/\/i0.wp.com\/yuri.com.br\/claudio\/wp-content\/uploads\/2013\/02\/teambrasil_squarecrop.jpg?resize=350%2C200&ssl=1 1x, https:\/\/i0.wp.com\/yuri.com.br\/claudio\/wp-content\/uploads\/2013\/02\/teambrasil_squarecrop.jpg?resize=525%2C300&ssl=1 1.5x, https:\/\/i0.wp.com\/yuri.com.br\/claudio\/wp-content\/uploads\/2013\/02\/teambrasil_squarecrop.jpg?resize=700%2C400&ssl=1 2x"},"classes":[]},{"id":103,"url":"https:\/\/yuri.com.br\/claudio\/2008\/08\/13\/ii-etapa-do-campeonato-estadualrj-de-boulder-2008\/","url_meta":{"origin":789,"position":5},"title":"II Etapa do Campeonato Estadual\/RJ","author":"claudio","date":"13\/ago\/2008","format":false,"excerpt":"Bora participar galera! \u00c9 preciso prestigiar a iniciativa, lembrando que o RJ carece de gin\u00e1sios e j\u00e1 teve etapa do brasileiro cancelada este ano... me desculpem a alfinetada, mas quem ignora esses eventos s\u00f3 porque n\u00e3o curtem \"competi\u00e7\u00e3o\" ou preferem as pedras (que abundam dentro da cidade), est\u00e1 cuspindo no\u2026","rel":"","context":"Em &quot;Escalada&quot;","block_context":{"text":"Escalada","link":"https:\/\/yuri.com.br\/claudio\/category\/escalada\/"},"img":{"alt_text":"","src":"https:\/\/i0.wp.com\/img.youtube.com\/vi\/pwem2Wn7FcE\/0.jpg?resize=350%2C200","width":350,"height":200},"classes":[]}],"_links":{"self":[{"href":"https:\/\/yuri.com.br\/claudio\/wp-json\/wp\/v2\/posts\/789","targetHints":{"allow":["GET"]}}],"collection":[{"href":"https:\/\/yuri.com.br\/claudio\/wp-json\/wp\/v2\/posts"}],"about":[{"href":"https:\/\/yuri.com.br\/claudio\/wp-json\/wp\/v2\/types\/post"}],"author":[{"embeddable":true,"href":"https:\/\/yuri.com.br\/claudio\/wp-json\/wp\/v2\/users\/2"}],"replies":[{"embeddable":true,"href":"https:\/\/yuri.com.br\/claudio\/wp-json\/wp\/v2\/comments?post=789"}],"version-history":[{"count":0,"href":"https:\/\/yuri.com.br\/claudio\/wp-json\/wp\/v2\/posts\/789\/revisions"}],"wp:featuredmedia":[{"embeddable":true,"href":"https:\/\/yuri.com.br\/claudio\/wp-json\/wp\/v2\/media\/790"}],"wp:attachment":[{"href":"https:\/\/yuri.com.br\/claudio\/wp-json\/wp\/v2\/media?parent=789"}],"wp:term":[{"taxonomy":"category","embeddable":true,"href":"https:\/\/yuri.com.br\/claudio\/wp-json\/wp\/v2\/categories?post=789"},{"taxonomy":"post_tag","embeddable":true,"href":"https:\/\/yuri.com.br\/claudio\/wp-json\/wp\/v2\/tags?post=789"}],"curies":[{"name":"wp","href":"https:\/\/api.w.org\/{rel}","templated":true}]}}