{"id":7837,"date":"2014-06-23T11:56:59","date_gmt":"2014-06-23T11:56:59","guid":{"rendered":"http:\/\/yuri.com.br\/claudio\/?p=7837"},"modified":"2019-12-12T17:14:40","modified_gmt":"2019-12-12T17:14:40","slug":"em-busca-do-pf-perfeito","status":"publish","type":"post","link":"https:\/\/yuri.com.br\/claudio\/2014\/06\/23\/em-busca-do-pf-perfeito\/","title":{"rendered":"Em busca do PF perfeito"},"content":{"rendered":"<p><!--more-->&#8220;Prato Feito&#8221; pra mim \u00e9 sin\u00f4nimo de refei\u00e7\u00e3o completa, de barriga feliz e satisfeita. S\u00edmbolo da culin\u00e1ria brasileira popular, perdeu um pouco de for\u00e7a perante \u00e0 prolifera\u00e7\u00e3o dos restaurantes &#8220;por quilo&#8221;, mas minhas lembran\u00e7as mais satisfeitas dos meus idos tempos de trabalhador brasileiro s\u00e3o, sem d\u00favidas, os almo\u00e7os <em>a la carte<\/em> com um belo PF (e um necess\u00e1rio cafezinho depois!). Hoje, aquela corrida hora de almo\u00e7o das \u00e9pocas babil\u00f4nicas deram lugar a um cozinheiro lento, parecido com seu estilo de escalada, de pouca pressa e muito capricho. Longe do consumo di\u00e1rio em restaurantes, reconstru\u00ed minha experi\u00eancia deste card\u00e1pio expresso, incoscientemente influenciado por minhas mem\u00f3rias comensais de botequim. Vamos ao que interessa, a receita:<\/p>\n<h6 style=\"text-align: center;\"><a href=\"http:\/\/yuri.com.br\/claudio\/wp-content\/uploads\/2014\/06\/PF_Picadinho.jpg\"><img decoding=\"async\" data-attachment-id=\"7839\" data-permalink=\"https:\/\/yuri.com.br\/claudio\/2014\/06\/23\/em-busca-do-pf-perfeito\/pf_picadinho\/\" data-orig-file=\"https:\/\/yuri.com.br\/claudio\/wp-content\/uploads\/2014\/06\/PF_Picadinho.jpg\" data-orig-size=\"480,720\" data-comments-opened=\"1\" data-image-meta=\"{&quot;aperture&quot;:&quot;4&quot;,&quot;credit&quot;:&quot;Claudio Brisighello&quot;,&quot;camera&quot;:&quot;Canon EOS 7D&quot;,&quot;caption&quot;:&quot;&quot;,&quot;created_timestamp&quot;:&quot;1402929911&quot;,&quot;copyright&quot;:&quot;&quot;,&quot;focal_length&quot;:&quot;50&quot;,&quot;iso&quot;:&quot;640&quot;,&quot;shutter_speed&quot;:&quot;0.002&quot;,&quot;title&quot;:&quot;&quot;}\" data-image-title=\"PF\" data-image-description=\"\" data-image-caption=\"\" data-medium-file=\"https:\/\/yuri.com.br\/claudio\/wp-content\/uploads\/2014\/06\/PF_Picadinho-200x300.jpg\" data-large-file=\"https:\/\/yuri.com.br\/claudio\/wp-content\/uploads\/2014\/06\/PF_Picadinho.jpg\" class=\" wp-image-7839 aligncenter\" src=\"http:\/\/yuri.com.br\/claudio\/wp-content\/uploads\/2014\/06\/PF_Picadinho.jpg\" alt=\"PF\" width=\"400\" srcset=\"https:\/\/yuri.com.br\/claudio\/wp-content\/uploads\/2014\/06\/PF_Picadinho.jpg 480w, https:\/\/yuri.com.br\/claudio\/wp-content\/uploads\/2014\/06\/PF_Picadinho-100x150.jpg 100w, https:\/\/yuri.com.br\/claudio\/wp-content\/uploads\/2014\/06\/PF_Picadinho-200x300.jpg 200w\" sizes=\"(max-width: 480px) 100vw, 480px\" \/><\/a>a felicidade est\u00e1 na mesa<\/h6>\n<h4>Arroz com br\u00f3colis<\/h4>\n<p>Esse \u00e9 f\u00e1cil: usei arroz integral cozido com umas 2 estrelinhas de anis (removidas depois) para perfumar. O br\u00f3colis eu gosto de cozinhar brevemente no vapor, pico tudo, tempero com sal e pimenta do reino \u00e0 gosto, para ent\u00e3o juntar ao arroz. Vai bem alho frito em cima de tudo, mas deixei este papel para a minha farofa&#8230;<\/p>\n<h4>Farofa<\/h4>\n<p>Farofa caseira merece um post \u00e0 parte. Essa a\u00ed tem o seguinte: alho frito (n\u00e3o aqueles comprados a granel, eu mesmo laminei e fritei) picadinho at\u00e9 parecer um p\u00f3. Mais azeite de dend\u00ea, que combina bem com um coco ralado. E um pouco de sal e pimenta rosa mo\u00edda. Come\u00e7o tostando farinha de mandioca branca fina, na mesma frigideira onde fritou o alho. Depois de alguns minutos, pingo o dend\u00ea, misturando at\u00e9 amarelar, desligo o fogo e junto os temperos. Fica levemente adocicado, com um sotaque baiano.<\/p>\n<h4>Picadinho<\/h4>\n<p>Feito com sobras de churrasco em ponto n\u00e3o muito passado ou seco, picados grosseiramente (removendo as gorduras). Mas normalmente se usa carne mo\u00edda ou qualquer bife bem picadinho (mo\u00eddo na &#8220;ponta da faca&#8221;). Inicie com um refogado de alho, cebola e 1 cenoura picada, o que deve dar para cerca de 1\/2Kg de carne. Reserve. Salteie a carne, temperando com pouco sal e finalizando com 1 x\u00edcara de shoyu (dilu\u00eddo em 50% de \u00e1gua). Junte o refogado e complete com um molho de tomate de sua prefer\u00eancia (se n\u00e3o tiver experi\u00eancia aqui, apele para o Pomarola). Uma boa esguichada de aceto bals\u00e2mico, para ent\u00e3o tampar e deixar cozinhar em fogo baixo, at\u00e9 encorpar. Dica: fica BEM melhor no dia seguinte! Nesta ocasi\u00e3o eu ainda fiz um adendo: aproveitei uma <strong>infus\u00e3o de <em>Lapsang Souchoun<\/em>g<\/strong> que a Yuri usou em seu <a href=\"http:\/\/escoladecha.com.br\/\" target=\"_blank\" rel=\"noopener\">curso<\/a>, colocando no picadinho, com as folhas inclusive. O defumado deste ch\u00e1 deixou a coisa pra l\u00e1 de especial&#8230;<\/p>\n<h4>Salada de almeir\u00e3o<\/h4>\n<p>Uso almeir\u00e3o folha larga, felizmente da minha horta. Fa\u00e7o um charut\u00e3o com v\u00e1rias folhas e corto bem fininho, que nem couve. Um tempero leve de apenas lim\u00e3o, fio de azeite e pouco sal, mais pimenta do reino \u00e0 gosto. O amargor e acidez trazem frescor e contraste perfeitos para o picadinho.<\/p>\n<h4>Pimenta<\/h4>\n<p>Opcional, por\u00e9m \u00e9 um potencializador desta experi\u00eancia toda. Minha conserva atual cont\u00e9m pimenta de cheiro, uma cerejinha suave como a dedo de mo\u00e7a. Saiba mais a respeito <a href=\"http:\/\/yuri.com.br\/claudio\/2013\/02\/19\/dedo-de-moca\/\" target=\"_blank\" rel=\"noopener\">neste post<\/a>.<\/p>\n<h4>Ovo frito<\/h4>\n<p>Imprescind\u00edvel que seja de gema mole. Cada um faz de um jeito, eu costumo fritar na manteiga e logo tampo a frigideira, pingando um pouco d\u00b4\u00e1gua antes. Um processo r\u00e1pido, portanto feito por \u00faltimo. Uma pitada de flor de sal no ovo e pronto, seu colorido &#8220;Prato Feito&#8221; est\u00e1 (per)feito! ;-)<\/p>\n","protected":false},"excerpt":{"rendered":"\"Prato Feito\" pra mim \u00e9 sin\u00f4nimo de refei\u00e7\u00e3o completa, de barriga feliz e satisfeita. S\u00edmbolo da culin\u00e1ria brasileira popular, perdeu um pouco de for\u00e7a perante \u00e0 prolifera\u00e7\u00e3o dos restaurantes \"por quilo\", mas minhas lembran\u00e7as mais satisfeitas dos meus idos tempos de trabalhador brasileiro s\u00e3o, sem d\u00favidas, os almo\u00e7os a la carte com um belo PF<a href=\"https:\/\/yuri.com.br\/claudio\/2014\/06\/23\/em-busca-do-pf-perfeito\/\" rel=\"bookmark\">Continue a ler &raquo;<span class=\"screen-reader-text\">Em busca do PF perfeito<\/span><\/a>","protected":false},"author":1,"featured_media":7838,"comment_status":"open","ping_status":"open","sticky":false,"template":"","format":"standard","meta":{"neve_meta_sidebar":"","neve_meta_container":"","neve_meta_enable_content_width":"","neve_meta_content_width":0,"neve_meta_title_alignment":"","neve_meta_author_avatar":"","neve_post_elements_order":"","neve_meta_disable_header":"","neve_meta_disable_footer":"","neve_meta_disable_title":"","jetpack_post_was_ever_published":false,"_jetpack_newsletter_access":"","_jetpack_dont_email_post_to_subs":false,"_jetpack_newsletter_tier_id":0,"_jetpack_memberships_contains_paywalled_content":false,"_jetpack_memberships_contains_paid_content":false,"footnotes":"","jetpack_publicize_message":"","jetpack_publicize_feature_enabled":true,"jetpack_social_post_already_shared":true,"jetpack_social_options":{"image_generator_settings":{"template":"highway","default_image_id":0,"font":"","enabled":false},"version":2}},"categories":[2,128],"tags":[],"class_list":["post-7837","post","type-post","status-publish","format-standard","has-post-thumbnail","hentry","category-baixa-gastronomia","category-receitas"],"jetpack_publicize_connections":[],"jetpack_featured_media_url":"https:\/\/yuri.com.br\/claudio\/wp-content\/uploads\/2014\/06\/PF_thumb.jpg","jetpack_shortlink":"https:\/\/wp.me\/p4i7cB-22p","jetpack_sharing_enabled":true,"jetpack-related-posts":[{"id":6478,"url":"https:\/\/yuri.com.br\/claudio\/2014\/04\/11\/pf-nosso-de-cada-dia\/","url_meta":{"origin":7837,"position":0},"title":"PF nosso de cada dia","author":"claudio","date":"11\/abr\/2014","format":false,"excerpt":"Recomendo este \"festival\" da terra e da madeira: arroz arb\u00f3reo + caldo de rooibos + lingui\u00e7a defumada + cogumelos + parmes\u00e3o + manteiga + pimenta chipotle + amor + 30 minutos = toda refei\u00e7\u00e3o, todo santo dia, h\u00e1 de ser um momento especial... Me desculpem os enochatos mas, esse a\u00ed\u2026","rel":"","context":"Em &quot;'Baixa' Gastronomia&quot;","block_context":{"text":"'Baixa' Gastronomia","link":"https:\/\/yuri.com.br\/claudio\/category\/baixa-gastronomia\/"},"img":{"alt_text":"","src":"https:\/\/i0.wp.com\/yuri.com.br\/claudio\/wp-content\/uploads\/2014\/01\/risotolinguicacogumelo.jpg?resize=350%2C200&ssl=1","width":350,"height":200,"srcset":"https:\/\/i0.wp.com\/yuri.com.br\/claudio\/wp-content\/uploads\/2014\/01\/risotolinguicacogumelo.jpg?resize=350%2C200&ssl=1 1x, https:\/\/i0.wp.com\/yuri.com.br\/claudio\/wp-content\/uploads\/2014\/01\/risotolinguicacogumelo.jpg?resize=525%2C300&ssl=1 1.5x, https:\/\/i0.wp.com\/yuri.com.br\/claudio\/wp-content\/uploads\/2014\/01\/risotolinguicacogumelo.jpg?resize=700%2C400&ssl=1 2x"},"classes":[]},{"id":2876,"url":"https:\/\/yuri.com.br\/claudio\/2011\/07\/21\/pao-de-queijo\/","url_meta":{"origin":7837,"position":1},"title":"P\u00e3o de queijo","author":"claudio","date":"21\/jul\/2011","format":false,"excerpt":"Antes de partir pros p\u00e3es de massas fermentadas, que tal uma aut\u00eantica del\u00edcia brasileira? \"Atra\u00e7\u00e3o tur\u00edstica\" obrigat\u00f3ria em MG, dif\u00edcil quem n\u00e3o goste da dupla p\u00e3o de queijo + cafezinho! E antes que algu\u00e9m conteste sua originalidade, seu parente latino - chip\u00e1 - segue um m\u00e9todo bem diferente e, nacionalismos\u2026","rel":"","context":"Em &quot;'Baixa' Gastronomia&quot;","block_context":{"text":"'Baixa' Gastronomia","link":"https:\/\/yuri.com.br\/claudio\/category\/baixa-gastronomia\/"},"img":{"alt_text":"","src":"https:\/\/i0.wp.com\/yuri.com.br\/claudio\/wp-content\/uploads\/2011\/07\/paodequeijo.jpg?resize=350%2C200&ssl=1","width":350,"height":200,"srcset":"https:\/\/i0.wp.com\/yuri.com.br\/claudio\/wp-content\/uploads\/2011\/07\/paodequeijo.jpg?resize=350%2C200&ssl=1 1x, https:\/\/i0.wp.com\/yuri.com.br\/claudio\/wp-content\/uploads\/2011\/07\/paodequeijo.jpg?resize=525%2C300&ssl=1 1.5x, https:\/\/i0.wp.com\/yuri.com.br\/claudio\/wp-content\/uploads\/2011\/07\/paodequeijo.jpg?resize=700%2C400&ssl=1 2x"},"classes":[]},{"id":3849,"url":"https:\/\/yuri.com.br\/claudio\/2012\/07\/25\/mais-uma-tarde-ordinaria\/","url_meta":{"origin":7837,"position":2},"title":"Mais uma tarde &#8220;ordin\u00e1ria&#8221;&#8230;","author":"claudio","date":"25\/jul\/2012","format":false,"excerpt":"Tentando desenferrujar um pouco nas fotos com o cl\u00e1ssico \"S\u00e3o Carlos\" na Vista A\u00e9rea. O nome do setor \u00e9 justo! Esta composi\u00e7\u00e3o me deixou satisfeito por retratar bem a situa\u00e7\u00e3o: a buc\u00f3lica paisagem bem mineira, os carros ali na estrada que corta o vale, a session com a galera -\u2026","rel":"","context":"Em &quot;Escalada&quot;","block_context":{"text":"Escalada","link":"https:\/\/yuri.com.br\/claudio\/category\/escalada\/"},"img":{"alt_text":"","src":"https:\/\/i0.wp.com\/yuri.com.br\/claudio\/wp-content\/uploads\/2012\/07\/vistaaerea_saocarlos_diogo_small.jpg?resize=350%2C200&ssl=1","width":350,"height":200,"srcset":"https:\/\/i0.wp.com\/yuri.com.br\/claudio\/wp-content\/uploads\/2012\/07\/vistaaerea_saocarlos_diogo_small.jpg?resize=350%2C200&ssl=1 1x, https:\/\/i0.wp.com\/yuri.com.br\/claudio\/wp-content\/uploads\/2012\/07\/vistaaerea_saocarlos_diogo_small.jpg?resize=525%2C300&ssl=1 1.5x, https:\/\/i0.wp.com\/yuri.com.br\/claudio\/wp-content\/uploads\/2012\/07\/vistaaerea_saocarlos_diogo_small.jpg?resize=700%2C400&ssl=1 2x"},"classes":[]},{"id":8239,"url":"https:\/\/yuri.com.br\/claudio\/2014\/09\/16\/frango-empanado\/","url_meta":{"origin":7837,"position":3},"title":"Frango empanado","author":"Cl\u00e1udio Brisighello","date":"16\/set\/2014","format":false,"excerpt":"Filezinho de frango grelhado me remete a rango de marombeiro querendo umas prote\u00ednas limpas, sem gra\u00e7a. Hora de melhorar essa impress\u00e3o utilit\u00e1ria da comida e apreciar um bom e simples fil\u00e9 de frango, empanado com farinha de rosca de p\u00e3o de fermenta\u00e7\u00e3o natural. Fica fant\u00e1stico! mais um almo\u00e7o feliz Mas\u2026","rel":"","context":"Em &quot;'Baixa' Gastronomia&quot;","block_context":{"text":"'Baixa' Gastronomia","link":"https:\/\/yuri.com.br\/claudio\/category\/baixa-gastronomia\/"},"img":{"alt_text":"","src":"https:\/\/i0.wp.com\/yuri.com.br\/claudio\/wp-content\/uploads\/2014\/09\/FrangoEmpanado1.jpg?resize=350%2C200&ssl=1","width":350,"height":200,"srcset":"https:\/\/i0.wp.com\/yuri.com.br\/claudio\/wp-content\/uploads\/2014\/09\/FrangoEmpanado1.jpg?resize=350%2C200&ssl=1 1x, https:\/\/i0.wp.com\/yuri.com.br\/claudio\/wp-content\/uploads\/2014\/09\/FrangoEmpanado1.jpg?resize=525%2C300&ssl=1 1.5x, https:\/\/i0.wp.com\/yuri.com.br\/claudio\/wp-content\/uploads\/2014\/09\/FrangoEmpanado1.jpg?resize=700%2C400&ssl=1 2x, https:\/\/i0.wp.com\/yuri.com.br\/claudio\/wp-content\/uploads\/2014\/09\/FrangoEmpanado1.jpg?resize=1050%2C600&ssl=1 3x"},"classes":[]},{"id":379,"url":"https:\/\/yuri.com.br\/claudio\/2009\/01\/20\/colorado-demoiselle\/","url_meta":{"origin":7837,"position":4},"title":"Colorado Demoiselle","author":"claudio","date":"20\/jan\/2009","format":false,"excerpt":"O ano de 2008 foi marcado pelo avan\u00e7o (em qualidade) das cervejas brasileiras... viva! Para comemorar, aqui vai o que considero um dos melhores lan\u00e7amentos recentes: Colorado Demoiselle, cuja receita foi criada por um homebrewer, o Ricardo Rosa da Acerva Carioca em parceria com a cervejaria Colorado. Ela simplesmente faturou\u2026","rel":"","context":"Em &quot;'Baixa' Gastronomia&quot;","block_context":{"text":"'Baixa' Gastronomia","link":"https:\/\/yuri.com.br\/claudio\/category\/baixa-gastronomia\/"},"img":{"alt_text":"","src":"https:\/\/i0.wp.com\/farm4.static.flickr.com\/3217\/3157495223_7345ce6eae.jpg?resize=350%2C200","width":350,"height":200},"classes":[]},{"id":2641,"url":"https:\/\/yuri.com.br\/claudio\/2011\/04\/07\/carne-moida\/","url_meta":{"origin":7837,"position":5},"title":"Carne mo\u00edda","author":"claudio","date":"7\/abr\/2011","format":false,"excerpt":"Combust\u00edvel de muitas del\u00edcias mundo afora! Desde a vers\u00e3o crua at\u00e9 as mais irreconhec\u00edveis, a carne mo\u00edda dificilmente escapa de n\u00f3s em alguma de suas muitas formas. Eis algumas maneiras simples e gostosas de se fazer: Confesso que n\u00e3o achava gra\u00e7a nenhuma no polpetone. E seu parente menor, as alm\u00f4ndegas,\u2026","rel":"","context":"Em &quot;'Baixa' Gastronomia&quot;","block_context":{"text":"'Baixa' Gastronomia","link":"https:\/\/yuri.com.br\/claudio\/category\/baixa-gastronomia\/"},"img":{"alt_text":"","src":"https:\/\/i0.wp.com\/yuri.com.br\/claudio\/wp-content\/uploads\/2011\/04\/polpetone.jpg?resize=350%2C200&ssl=1","width":350,"height":200,"srcset":"https:\/\/i0.wp.com\/yuri.com.br\/claudio\/wp-content\/uploads\/2011\/04\/polpetone.jpg?resize=350%2C200&ssl=1 1x, https:\/\/i0.wp.com\/yuri.com.br\/claudio\/wp-content\/uploads\/2011\/04\/polpetone.jpg?resize=525%2C300&ssl=1 1.5x, https:\/\/i0.wp.com\/yuri.com.br\/claudio\/wp-content\/uploads\/2011\/04\/polpetone.jpg?resize=700%2C400&ssl=1 2x"},"classes":[]}],"_links":{"self":[{"href":"https:\/\/yuri.com.br\/claudio\/wp-json\/wp\/v2\/posts\/7837","targetHints":{"allow":["GET"]}}],"collection":[{"href":"https:\/\/yuri.com.br\/claudio\/wp-json\/wp\/v2\/posts"}],"about":[{"href":"https:\/\/yuri.com.br\/claudio\/wp-json\/wp\/v2\/types\/post"}],"author":[{"embeddable":true,"href":"https:\/\/yuri.com.br\/claudio\/wp-json\/wp\/v2\/users\/1"}],"replies":[{"embeddable":true,"href":"https:\/\/yuri.com.br\/claudio\/wp-json\/wp\/v2\/comments?post=7837"}],"version-history":[{"count":19,"href":"https:\/\/yuri.com.br\/claudio\/wp-json\/wp\/v2\/posts\/7837\/revisions"}],"predecessor-version":[{"id":10329,"href":"https:\/\/yuri.com.br\/claudio\/wp-json\/wp\/v2\/posts\/7837\/revisions\/10329"}],"wp:featuredmedia":[{"embeddable":true,"href":"https:\/\/yuri.com.br\/claudio\/wp-json\/wp\/v2\/media\/7838"}],"wp:attachment":[{"href":"https:\/\/yuri.com.br\/claudio\/wp-json\/wp\/v2\/media?parent=7837"}],"wp:term":[{"taxonomy":"category","embeddable":true,"href":"https:\/\/yuri.com.br\/claudio\/wp-json\/wp\/v2\/categories?post=7837"},{"taxonomy":"post_tag","embeddable":true,"href":"https:\/\/yuri.com.br\/claudio\/wp-json\/wp\/v2\/tags?post=7837"}],"curies":[{"name":"wp","href":"https:\/\/api.w.org\/{rel}","templated":true}]}}