{"id":783,"date":"2009-06-22T17:46:44","date_gmt":"2009-06-22T17:46:44","guid":{"rendered":"http:\/\/claudiobr.wordpress.com\/?p=783"},"modified":"2009-06-22T17:46:44","modified_gmt":"2009-06-22T17:46:44","slug":"via-gozma-petzl","status":"publish","type":"post","link":"https:\/\/yuri.com.br\/claudio\/2009\/06\/22\/via-gozma-petzl\/","title":{"rendered":"Via: Gozma Petzl"},"content":{"rendered":"<p>Neste \u00faltimo fds, estive no <strong>Campo Escola 2000<\/strong>, e aproveitei para captar algumas imagens do Tadeu e do Alexis tentando o Gozma. Sempre quis &#8220;eternizar&#8221; o bote dessa via. Gostei do \u00e2ngulo que obtive, mostrando bem a impon\u00eancia negativa daquele granito incr\u00edvel, por\u00e9m a falta de luz naquele local dificulta bastante.<\/p>\n<p style=\"text-align:center;\"><a href=\"http:\/\/www.flickr.com\/photos\/cbrisighello\/3648101401\/\"><img loading=\"lazy\" decoding=\"async\" class=\"aligncenter\" title=\"Gozma Petzl\" src=\"http:\/\/farm4.static.flickr.com\/3652\/3648101401_c05b59ce11.jpg\" alt=\"\" width=\"500\" height=\"332\" \/><\/a><\/p>\n<p style=\"text-align:center;\"><a href=\"http:\/\/www.flickr.com\/photos\/cbrisighello\/3648143723\/\"><img loading=\"lazy\" decoding=\"async\" class=\"aligncenter\" title=\"Gozma Petzl\" src=\"http:\/\/farm4.static.flickr.com\/3609\/3648143723_238a62ba96.jpg\" alt=\"\" width=\"500\" height=\"332\" \/><\/a><\/p>\n<p>A via Gozma Petzl, um 9b da d\u00e9cada de 90 conquistado pelo Pita e Helmut, \u00e9 de consenso geral uma das vias (a cerca desta gradua\u00e7\u00e3o) mais bonitas e completas do RJ, sendo tamb\u00e9m minha forte recomenda\u00e7\u00e3o, satisfa\u00e7\u00e3o garantida&#8230; principalmente devido a um incr\u00edvel movimento din\u00e2mico, feito sob medida em termos de dist\u00e2ncia entre as agarras e a qualidade\/dificuldade das mesmas: sai de um &#8216;reglet\u00e3o-power&#8217; e voa-se para uma pin\u00e7a abaulada. Os mais altos conseguem n\u00e3o perder os p\u00e9s, enquanto os mais baixos precisam &#8220;bater asas&#8221; mesmo. Este movimento \u00e9 t\u00e3o alucinante que deu o nome \u00e0 via, numa \u00e9poca que diziam ser imposs\u00edvel realiz\u00e1-lo a n\u00e3o ser que houvesse uma gosma da Petzl para te &#8220;grudar&#8221; l\u00e1 (explicando a piada perde a gra\u00e7a :-). Abaixo uma foto mais antiga do Diego, tirada do ch\u00e3o:<\/p>\n<p style=\"text-align:center;\"><a href=\"http:\/\/www.flickr.com\/photos\/cbrisighello\/2865460754\/\"><img loading=\"lazy\" decoding=\"async\" class=\"aligncenter\" title=\"Gozma Petzl\" src=\"http:\/\/farm4.static.flickr.com\/3115\/2865460754_a411317df8.jpg?v=0\" alt=\"\" width=\"500\" height=\"332\" \/><\/a><\/p>\n<p style=\"text-align:left;\">Boa semana a todos!<\/p>\n","protected":false},"excerpt":{"rendered":"<p>Neste \u00faltimo fds, estive no Campo Escola 2000, e aproveitei para captar algumas imagens do Tadeu e do Alexis tentando o Gozma. Sempre quis &#8220;eternizar&#8221; o bote dessa via. Gostei do \u00e2ngulo que obtive, mostrando bem a impon\u00eancia negativa daquele granito incr\u00edvel, por\u00e9m a falta de luz naquele local dificulta bastante. A via Gozma Petzl,&hellip;&nbsp;<a href=\"https:\/\/yuri.com.br\/claudio\/2009\/06\/22\/via-gozma-petzl\/\" rel=\"bookmark\">Continue a ler &raquo;<span class=\"screen-reader-text\">Via: Gozma Petzl<\/span><\/a><\/p>\n","protected":false},"author":2,"featured_media":0,"comment_status":"open","ping_status":"open","sticky":false,"template":"","format":"standard","meta":{"neve_meta_sidebar":"","neve_meta_container":"","neve_meta_enable_content_width":"","neve_meta_content_width":0,"neve_meta_title_alignment":"","neve_meta_author_avatar":"","neve_post_elements_order":"","neve_meta_disable_header":"","neve_meta_disable_footer":"","neve_meta_disable_title":"","jetpack_post_was_ever_published":false,"_jetpack_newsletter_access":"","_jetpack_dont_email_post_to_subs":false,"_jetpack_newsletter_tier_id":0,"_jetpack_memberships_contains_paywalled_content":false,"_jetpack_memberships_contains_paid_content":false,"footnotes":"","jetpack_publicize_message":"","jetpack_publicize_feature_enabled":true,"jetpack_social_post_already_shared":false,"jetpack_social_options":{"image_generator_settings":{"template":"highway","default_image_id":0,"font":"","enabled":false},"version":2}},"categories":[3],"tags":[],"class_list":["post-783","post","type-post","status-publish","format-standard","hentry","category-escalada"],"jetpack_publicize_connections":[],"jetpack_featured_media_url":"","jetpack_shortlink":"https:\/\/wp.me\/p4i7cB-cD","jetpack_sharing_enabled":true,"jetpack-related-posts":[{"id":531,"url":"https:\/\/yuri.com.br\/claudio\/2009\/03\/27\/mais-fotos-comentadas\/","url_meta":{"origin":783,"position":0},"title":"Mais fotos comentadas","author":"claudio","date":"27\/mar\/2009","format":false,"excerpt":"Continuando com as fotos comentadas, ilustro abaixo mais 2 exemplos: (clique nas imagens para ampli\u00e1-las) Nesta foto o Cesinha est\u00e1 na 2a. de suas 3 entradas na via Coquetel de Energia, em um dia de *muita* chuva, ou seja, bem mais escuro do que j\u00e1 costuma ser no Campo Escola\u2026","rel":"","context":"Em &quot;Escalada&quot;","block_context":{"text":"Escalada","link":"https:\/\/yuri.com.br\/claudio\/category\/escalada\/"},"img":{"alt_text":"","src":"https:\/\/i0.wp.com\/farm4.static.flickr.com\/3004\/2797103658_64e24a0076_o.jpg?resize=350%2C200","width":350,"height":200},"classes":[]},{"id":458,"url":"https:\/\/yuri.com.br\/claudio\/2009\/03\/19\/algumas-fotos-recentes-comentadas\/","url_meta":{"origin":783,"position":1},"title":"Algumas fotos recentes, comentadas","author":"claudio","date":"19\/mar\/2009","format":false,"excerpt":"Abaixo compartilho a concep\u00e7\u00e3o de algumas\u00a0fotos recentes: O bloco do \"Banana Amassada\" no Graja\u00fa\/RJ, fica no setor ao lado dos banheiros do parque, n\u00e3o exatamente o local mais bonito para uma foto. Fotografia \u00e9 luz, e ultimamente tenho experimentado a combina\u00e7\u00e3o de ilumina\u00e7\u00e3o artificial (flash) em plena luz do dia\u2026","rel":"","context":"Em &quot;Escalada&quot;","block_context":{"text":"Escalada","link":"https:\/\/yuri.com.br\/claudio\/category\/escalada\/"},"img":{"alt_text":"","src":"https:\/\/i0.wp.com\/farm4.static.flickr.com\/3585\/3320196043_a5fae6cc1e.jpg?resize=350%2C200","width":350,"height":200},"classes":[]},{"id":1000,"url":"https:\/\/yuri.com.br\/claudio\/2009\/08\/24\/itajuba-festival-do-sul-de-minas\/","url_meta":{"origin":783,"position":2},"title":"Itajub\u00e1 &#8211; Festival do Sul de Minas","author":"claudio","date":"24\/ago\/2009","format":false,"excerpt":"Neste \u00faltimo fds, mais uma viagem maneira, desta vez fomos respirar os ares do sul de minas e prestigiar o festival anual que rola em Itajub\u00e1. Felizmente, S\u00e3o Pedro colaborou abrindo uma janela no meio dessa frente fria molhada! Foi apenas a minha 3a. visita, mas cada ida tem servido\u2026","rel":"","context":"Em &quot;Escalada&quot;","block_context":{"text":"Escalada","link":"https:\/\/yuri.com.br\/claudio\/category\/escalada\/"},"img":{"alt_text":"","src":"https:\/\/i0.wp.com\/yuri.com.br\/claudio\/wp-content\/uploads\/2009\/08\/itajuba_paraiso_psyco_claud.jpg?resize=350%2C200&ssl=1","width":350,"height":200,"srcset":"https:\/\/i0.wp.com\/yuri.com.br\/claudio\/wp-content\/uploads\/2009\/08\/itajuba_paraiso_psyco_claud.jpg?resize=350%2C200&ssl=1 1x, https:\/\/i0.wp.com\/yuri.com.br\/claudio\/wp-content\/uploads\/2009\/08\/itajuba_paraiso_psyco_claud.jpg?resize=525%2C300&ssl=1 1.5x"},"classes":[]},{"id":1167,"url":"https:\/\/yuri.com.br\/claudio\/2009\/11\/03\/finados\/","url_meta":{"origin":783,"position":3},"title":"Finados","author":"claudio","date":"3\/nov\/2009","format":false,"excerpt":"O feriad\u00e3o por aqui foi tranquilo. Tijolado de rodar pelas estradas nas f\u00e9rias, ficamos no RJ onde eu pude reencontrar o granito e lembrar como \u00e9 bom escalar neste tipo de pedra, principalmente se for na Barrinha! :-) Fiz algumas fotos, mesmo que sem muita inspira\u00e7\u00e3o... aproveitei 10% do que\u2026","rel":"","context":"Em &quot;'Baixa' Gastronomia&quot;","block_context":{"text":"'Baixa' Gastronomia","link":"https:\/\/yuri.com.br\/claudio\/category\/baixa-gastronomia\/"},"img":{"alt_text":"","src":"https:\/\/i0.wp.com\/farm3.static.flickr.com\/2633\/4068778188_398b6ca944_o.jpg?resize=350%2C200","width":350,"height":200},"classes":[]},{"id":543,"url":"https:\/\/yuri.com.br\/claudio\/2009\/04\/07\/mais-fotos-comentadas-2\/","url_meta":{"origin":783,"position":4},"title":"Mais fotos comentadas&#8230;","author":"claudio","date":"7\/abr\/2009","format":false,"excerpt":"Mais uma foto do CE2000, com o Alexis no crux da 1a. parte da Epit\u00e1fios, uma sequ\u00eancia que atravessa aquela bela se\u00e7\u00e3o \"ondulada\" da pedra. H\u00e1 um jogo de diagonais nesta imagem. Repare na extremidade direita da parede, coincidindo com o \u00e2ngulo superior direito da imagem, procurei montar uma certa\u2026","rel":"","context":"Em &quot;Escalada&quot;","block_context":{"text":"Escalada","link":"https:\/\/yuri.com.br\/claudio\/category\/escalada\/"},"img":{"alt_text":"","src":"https:\/\/i0.wp.com\/farm4.static.flickr.com\/3639\/3321025322_e01308bb1f.jpg?resize=350%2C200","width":350,"height":200},"classes":[]},{"id":4868,"url":"https:\/\/yuri.com.br\/claudio\/2013\/04\/22\/rubinho\/","url_meta":{"origin":783,"position":5},"title":"Rubinho?","author":"claudio","date":"22\/abr\/2013","format":false,"excerpt":"*Atualiza\u00e7\u00e3o: esta linha foi batizada em homenagem ao grande escalador e pessoa F\u00e1bio Muniz, que faleceu este ano em (mais) um acidente de bicicleta no RJ. Desde ent\u00e3o vinha procurando uma linha nova que merecesse a refer\u00eancia, essa da\u00ed possui movimenta\u00e7\u00e3o bem t\u00e9cnica, aqueles drop-knees caracter\u00edsticos dele... e um final\u2026","rel":"","context":"Em &quot;Escalada&quot;","block_context":{"text":"Escalada","link":"https:\/\/yuri.com.br\/claudio\/category\/escalada\/"},"img":{"alt_text":"","src":"https:\/\/i0.wp.com\/yuri.com.br\/claudio\/wp-content\/uploads\/2013\/04\/rubinho_babaleia_blocosuper.jpg?resize=350%2C200&ssl=1","width":350,"height":200,"srcset":"https:\/\/i0.wp.com\/yuri.com.br\/claudio\/wp-content\/uploads\/2013\/04\/rubinho_babaleia_blocosuper.jpg?resize=350%2C200&ssl=1 1x, https:\/\/i0.wp.com\/yuri.com.br\/claudio\/wp-content\/uploads\/2013\/04\/rubinho_babaleia_blocosuper.jpg?resize=525%2C300&ssl=1 1.5x, https:\/\/i0.wp.com\/yuri.com.br\/claudio\/wp-content\/uploads\/2013\/04\/rubinho_babaleia_blocosuper.jpg?resize=700%2C400&ssl=1 2x"},"classes":[]}],"_links":{"self":[{"href":"https:\/\/yuri.com.br\/claudio\/wp-json\/wp\/v2\/posts\/783","targetHints":{"allow":["GET"]}}],"collection":[{"href":"https:\/\/yuri.com.br\/claudio\/wp-json\/wp\/v2\/posts"}],"about":[{"href":"https:\/\/yuri.com.br\/claudio\/wp-json\/wp\/v2\/types\/post"}],"author":[{"embeddable":true,"href":"https:\/\/yuri.com.br\/claudio\/wp-json\/wp\/v2\/users\/2"}],"replies":[{"embeddable":true,"href":"https:\/\/yuri.com.br\/claudio\/wp-json\/wp\/v2\/comments?post=783"}],"version-history":[{"count":0,"href":"https:\/\/yuri.com.br\/claudio\/wp-json\/wp\/v2\/posts\/783\/revisions"}],"wp:attachment":[{"href":"https:\/\/yuri.com.br\/claudio\/wp-json\/wp\/v2\/media?parent=783"}],"wp:term":[{"taxonomy":"category","embeddable":true,"href":"https:\/\/yuri.com.br\/claudio\/wp-json\/wp\/v2\/categories?post=783"},{"taxonomy":"post_tag","embeddable":true,"href":"https:\/\/yuri.com.br\/claudio\/wp-json\/wp\/v2\/tags?post=783"}],"curies":[{"name":"wp","href":"https:\/\/api.w.org\/{rel}","templated":true}]}}