{"id":7703,"date":"2014-05-19T12:10:25","date_gmt":"2014-05-19T12:10:25","guid":{"rendered":"http:\/\/yuri.com.br\/claudio\/?p=7703"},"modified":"2014-05-19T12:34:13","modified_gmt":"2014-05-19T12:34:13","slug":"p-z","status":"publish","type":"post","link":"https:\/\/yuri.com.br\/claudio\/2014\/05\/19\/p-z\/","title":{"rendered":"P. Z."},"content":{"rendered":"<p style=\"text-align: center;\"><a href=\"http:\/\/yuri.com.br\/claudio\/wp-content\/uploads\/2013\/05\/Cruzeiro_Babaleia_PuraZica.jpg\"><img loading=\"lazy\" decoding=\"async\" class=\"aligncenter\" alt=\"\" src=\"http:\/\/yuri.com.br\/claudio\/wp-content\/uploads\/2013\/05\/Cruzeiro_Babaleia_PuraZica.jpg\" width=\"700\" height=\"411\" \/><\/a><\/p>\n<p>Sabad\u00e3o foi dia de nova investida no Cruzeiro: acima, Babaleia providencia mais uma linha &#8211; <strong>Pura Zica<\/strong> &#8211; neste bloco bonito<!--more--> por\u00e9m sempre na sombra escura. Para os <em>photo-geeks<\/em>, o flash \u00e9 um Vivitar 285HV (vis\u00edvel na imagem) e estava a 1\/16 de for\u00e7a, sob um filtro CTO, com lente em 11mm f\/2.8 1\/200s ISO-320. E abaixo, um registro com a pouca luz natural (ISO-1250), me inclinando a processar em p\/b. \u00c9 o Lellones, algumas tentativas antes de encadenar o <strong>Puro Zinco<\/strong>, logo ao lado. Pra variar, sequer comentamos sobre grau mas creio que ambos se situem na classe moderada.<\/p>\n<p style=\"text-align: center;\"><a href=\"http:\/\/yuri.com.br\/claudio\/wp-content\/uploads\/2013\/05\/Cruzeiro_Lello_PuroZinco.jpg\"><img loading=\"lazy\" decoding=\"async\" class=\"aligncenter\" alt=\"\" src=\"http:\/\/yuri.com.br\/claudio\/wp-content\/uploads\/2013\/05\/Cruzeiro_Lello_PuroZinco.jpg\" width=\"700\" height=\"394\" \/><\/a><\/p>\n<p>E n\u00e3o pude deixar de aproveitar a presen\u00e7a ilustre de alguns &#8220;peso-pesados&#8221; para arrastar outros pesos pesados. O trampinho em quest\u00e3o precisou do nosso <a href=\"http:\/\/yuri.com.br\/claudio\/2013\/03\/19\/base-arrumaitor-tabajara\/\" target=\"_blank\">base-arrumator-tabajara<\/a>, mais o <a href=\"http:\/\/www.ubtboulder.com\" target=\"_blank\">Gordras<\/a> mostrando porque tem um boulder no Rubinho chamado <a href=\"http:\/\/yuri.com.br\/claudio\/wp-content\/uploads\/2013\/10\/rubinho_bbloc3.jpg\">Cofrinho do Panda<\/a>, e outra <em>celebrity<\/em>, <a href=\"http:\/\/yuri.com.br\/claudio\/wp-content\/uploads\/2014\/05\/chongli-300x229.jpg\">Mr. Chong Li<\/a>, sem falar dos magrelos a\u00ed da foto (rachando o bico, entenda como quiser :-).<\/p>\n<p>J\u00e1 adianto, com as m\u00e3os suando e uma boa dose de exagero fan\u00e1tico, que o respectivo boulder ser\u00e1 uma verdadeira majestade&#8230; quem viver ver\u00e1! Boa semana a todos!!<\/p>\n<p><img loading=\"lazy\" decoding=\"async\" data-attachment-id=\"7705\" data-permalink=\"https:\/\/yuri.com.br\/claudio\/2014\/05\/19\/p-z\/cruzeiro_mutirao2-2\/\" data-orig-file=\"https:\/\/yuri.com.br\/claudio\/wp-content\/uploads\/2014\/05\/Cruzeiro_Mutirao21.jpg\" data-orig-size=\"700,394\" data-comments-opened=\"1\" data-image-meta=\"{&quot;aperture&quot;:&quot;0&quot;,&quot;credit&quot;:&quot;&quot;,&quot;camera&quot;:&quot;&quot;,&quot;caption&quot;:&quot;&quot;,&quot;created_timestamp&quot;:&quot;0&quot;,&quot;copyright&quot;:&quot;&quot;,&quot;focal_length&quot;:&quot;0&quot;,&quot;iso&quot;:&quot;0&quot;,&quot;shutter_speed&quot;:&quot;0&quot;,&quot;title&quot;:&quot;&quot;}\" data-image-title=\"Rodras &amp;#038; cia\" data-image-description=\"\" data-image-caption=\"\" data-medium-file=\"https:\/\/yuri.com.br\/claudio\/wp-content\/uploads\/2014\/05\/Cruzeiro_Mutirao21-300x168.jpg\" data-large-file=\"https:\/\/yuri.com.br\/claudio\/wp-content\/uploads\/2014\/05\/Cruzeiro_Mutirao21.jpg\" class=\"alignnone size-full wp-image-7705 aligncenter\" alt=\"Rodras &amp; cia\" src=\"http:\/\/yuri.com.br\/claudio\/wp-content\/uploads\/2014\/05\/Cruzeiro_Mutirao21.jpg\" width=\"700\" height=\"394\" srcset=\"https:\/\/yuri.com.br\/claudio\/wp-content\/uploads\/2014\/05\/Cruzeiro_Mutirao21.jpg 700w, https:\/\/yuri.com.br\/claudio\/wp-content\/uploads\/2014\/05\/Cruzeiro_Mutirao21-150x84.jpg 150w, https:\/\/yuri.com.br\/claudio\/wp-content\/uploads\/2014\/05\/Cruzeiro_Mutirao21-300x168.jpg 300w, https:\/\/yuri.com.br\/claudio\/wp-content\/uploads\/2014\/05\/Cruzeiro_Mutirao21-695x391.jpg 695w\" sizes=\"auto, (max-width: 700px) 100vw, 700px\" \/><\/p>\n","protected":false},"excerpt":{"rendered":"<p>Sabad\u00e3o foi dia de nova investida no Cruzeiro: acima, Babaleia providencia mais uma linha &#8211; Pura Zica &#8211; neste bloco bonito<\/p>\n","protected":false},"author":1,"featured_media":7705,"comment_status":"open","ping_status":"open","sticky":false,"template":"","format":"standard","meta":{"neve_meta_sidebar":"","neve_meta_container":"","neve_meta_enable_content_width":"","neve_meta_content_width":0,"neve_meta_title_alignment":"","neve_meta_author_avatar":"","neve_post_elements_order":"","neve_meta_disable_header":"","neve_meta_disable_footer":"","neve_meta_disable_title":"","jetpack_post_was_ever_published":false,"_jetpack_newsletter_access":"","_jetpack_dont_email_post_to_subs":false,"_jetpack_newsletter_tier_id":0,"_jetpack_memberships_contains_paywalled_content":false,"_jetpack_memberships_contains_paid_content":false,"footnotes":"","jetpack_publicize_message":"","jetpack_publicize_feature_enabled":true,"jetpack_social_post_already_shared":true,"jetpack_social_options":{"image_generator_settings":{"template":"highway","default_image_id":0,"font":"","enabled":false},"version":2}},"categories":[3],"tags":[],"class_list":["post-7703","post","type-post","status-publish","format-standard","has-post-thumbnail","hentry","category-escalada"],"jetpack_publicize_connections":[],"jetpack_featured_media_url":"https:\/\/yuri.com.br\/claudio\/wp-content\/uploads\/2014\/05\/Cruzeiro_Mutirao21.jpg","jetpack_shortlink":"https:\/\/wp.me\/p4i7cB-20f","jetpack_sharing_enabled":true,"jetpack-related-posts":[{"id":7628,"url":"https:\/\/yuri.com.br\/claudio\/2014\/04\/28\/a-parceira\/","url_meta":{"origin":7703,"position":0},"title":"A Parceira","author":"Cl\u00e1udio Brisighello","date":"28\/abr\/2014","format":false,"excerpt":"Tentando variar um pouco com outras lentes (50mm f\/1.8 1\/250s ISO-320). Que boulder \u00e9 esse? Visu do Ba\u00fa V4, clique aqui para uma foto de 2011 e entenda o porqu\u00ea do nome do boulder... Boa \"semana curta\" a todos! Viva a temporada!!","rel":"","context":"Em &quot;Escalada&quot;","block_context":{"text":"Escalada","link":"https:\/\/yuri.com.br\/claudio\/category\/escalada\/"},"img":{"alt_text":"","src":"","width":0,"height":0},"classes":[]},{"id":3335,"url":"https:\/\/yuri.com.br\/claudio\/2012\/01\/22\/mais-do-aranha\/","url_meta":{"origin":7703,"position":1},"title":"Mais do Aranha","author":"claudio","date":"22\/jan\/2012","format":false,"excerpt":"Compartilhando mais linhas novas de dificuldade \"moderada\" na cave do Aranha (a prova d\u00b4\u00e1gua!)... Desta vez falamos do bloco levemente negativo logo atr\u00e1s do Derretidos, acredito que sempre passou despercebido devido \u00e0 sua base ruim, mas na \u00faltima semana fomos l\u00e1 alavancar as pedras e limpar as 2 linhas \u00f3bvias,\u2026","rel":"","context":"Em &quot;Escalada&quot;","block_context":{"text":"Escalada","link":"https:\/\/yuri.com.br\/claudio\/category\/escalada\/"},"img":{"alt_text":"","src":"https:\/\/i0.wp.com\/yuri.com.br\/claudio\/wp-content\/uploads\/2012\/01\/aranha_popfingerscaca.jpg?resize=350%2C200&ssl=1","width":350,"height":200,"srcset":"https:\/\/i0.wp.com\/yuri.com.br\/claudio\/wp-content\/uploads\/2012\/01\/aranha_popfingerscaca.jpg?resize=350%2C200&ssl=1 1x, https:\/\/i0.wp.com\/yuri.com.br\/claudio\/wp-content\/uploads\/2012\/01\/aranha_popfingerscaca.jpg?resize=525%2C300&ssl=1 1.5x, https:\/\/i0.wp.com\/yuri.com.br\/claudio\/wp-content\/uploads\/2012\/01\/aranha_popfingerscaca.jpg?resize=700%2C400&ssl=1 2x"},"classes":[]},{"id":1236,"url":"https:\/\/yuri.com.br\/claudio\/2009\/12\/21\/o-retorno-das-fotos-comentadas\/","url_meta":{"origin":7703,"position":2},"title":"O retorno das fotos comentadas","author":"claudio","date":"21\/dez\/2009","format":false,"excerpt":"N\u00e3o, ainda n\u00e3o desisti desta id\u00e9ia! Como houve algum retorno positivo, volto a compartilhar minhas experi\u00eancias fotogr\u00e1ficas. \u00c9 tudo uma quest\u00e3o de tempo para que eu possa escrever essas coisas... As duas imagens acima mostram o mesmo local (o cl\u00e1ssico bloco do Rala Peito na Urca, RJ), em circunst\u00e2ncias similares\u2026","rel":"","context":"Em &quot;Escalada&quot;","block_context":{"text":"Escalada","link":"https:\/\/yuri.com.br\/claudio\/category\/escalada\/"},"img":{"alt_text":"","src":"https:\/\/i0.wp.com\/farm3.static.flickr.com\/2577\/4088067628_1d7d7f2f57.jpg?resize=350%2C200","width":350,"height":200},"classes":[]},{"id":661,"url":"https:\/\/yuri.com.br\/claudio\/2009\/05\/07\/ubatuba-report-video\/","url_meta":{"origin":7703,"position":3},"title":"Ubatuba report (v\u00eddeo)","author":"claudio","date":"7\/maio\/2009","format":false,"excerpt":"Finalizei o \"souvenir\/curta\" do \u00faltimo feriado: Estrelando: galera se divertindo no Pro Abaulado V2, eu no Ur\u00e9ia V8, e o Alexis em seu Puro Cambur y Peo V4 (FA), este \u00faltimo gra\u00e7as as imagens cedidas pelo Gabriel. (caso sua conex\u00e3o seja lenta, pause o v\u00eddeo e espere a barrinha cinza\u2026","rel":"","context":"Em &quot;Escalada&quot;","block_context":{"text":"Escalada","link":"https:\/\/yuri.com.br\/claudio\/category\/escalada\/"},"img":{"alt_text":"","src":"","width":0,"height":0},"classes":[]},{"id":3256,"url":"https:\/\/yuri.com.br\/claudio\/2011\/12\/07\/creme-de-mandioquinha\/","url_meta":{"origin":7703,"position":4},"title":"Creme de mandioquinha","author":"claudio","date":"7\/dez\/2011","format":false,"excerpt":"Essa sopa n\u00e3o tem erro, \u00e9 s\u00f3 cozinhar na \u00e1gua um monte de mandioquinhas (batata baroa) descascadas e picadas, se tiver com pressa utilize uma panela de press\u00e3o. Reserve o caldo e amasse as mandioquinhas formando um pur\u00ea. Em um panel\u00e3o, refogue no azeite os temperos que achar apropriados: alho\u2026","rel":"","context":"Em &quot;'Baixa' Gastronomia&quot;","block_context":{"text":"'Baixa' Gastronomia","link":"https:\/\/yuri.com.br\/claudio\/category\/baixa-gastronomia\/"},"img":{"alt_text":"","src":"https:\/\/i0.wp.com\/yuri.com.br\/claudio\/wp-content\/uploads\/2011\/12\/mandioquinha_sopa.jpg?resize=350%2C200&ssl=1","width":350,"height":200,"srcset":"https:\/\/i0.wp.com\/yuri.com.br\/claudio\/wp-content\/uploads\/2011\/12\/mandioquinha_sopa.jpg?resize=350%2C200&ssl=1 1x, https:\/\/i0.wp.com\/yuri.com.br\/claudio\/wp-content\/uploads\/2011\/12\/mandioquinha_sopa.jpg?resize=525%2C300&ssl=1 1.5x, https:\/\/i0.wp.com\/yuri.com.br\/claudio\/wp-content\/uploads\/2011\/12\/mandioquinha_sopa.jpg?resize=700%2C400&ssl=1 2x"},"classes":[]},{"id":4735,"url":"https:\/\/yuri.com.br\/claudio\/2013\/03\/31\/saudosismo-empanado\/","url_meta":{"origin":7703,"position":5},"title":"Saudosismo empanado","author":"claudio","date":"31\/mar\/2013","format":false,"excerpt":"Fil\u00e9 empanado costuma lembrar comida de mam\u00e3e. Que nem carne de panela, alm\u00f4ndegas com pur\u00ea. Sinto que culin\u00e1ria tamb\u00e9m \u00e9 nostalgia. Vale a pena matar essa saudade, fazendo vc mesmo! Eu gosto \u00e9 de fazer com peito de frango. \u00c9 recomend\u00e1vel fazer um corte tipo \"borboleta\", abrindo em 2 fil\u00e9s\u2026","rel":"","context":"Em &quot;'Baixa' Gastronomia&quot;","block_context":{"text":"'Baixa' Gastronomia","link":"https:\/\/yuri.com.br\/claudio\/category\/baixa-gastronomia\/"},"img":{"alt_text":"","src":"https:\/\/i0.wp.com\/yuri.com.br\/claudio\/wp-content\/uploads\/2013\/03\/frango_empanado.jpg?resize=350%2C200&ssl=1","width":350,"height":200,"srcset":"https:\/\/i0.wp.com\/yuri.com.br\/claudio\/wp-content\/uploads\/2013\/03\/frango_empanado.jpg?resize=350%2C200&ssl=1 1x, https:\/\/i0.wp.com\/yuri.com.br\/claudio\/wp-content\/uploads\/2013\/03\/frango_empanado.jpg?resize=525%2C300&ssl=1 1.5x, https:\/\/i0.wp.com\/yuri.com.br\/claudio\/wp-content\/uploads\/2013\/03\/frango_empanado.jpg?resize=700%2C400&ssl=1 2x"},"classes":[]}],"_links":{"self":[{"href":"https:\/\/yuri.com.br\/claudio\/wp-json\/wp\/v2\/posts\/7703","targetHints":{"allow":["GET"]}}],"collection":[{"href":"https:\/\/yuri.com.br\/claudio\/wp-json\/wp\/v2\/posts"}],"about":[{"href":"https:\/\/yuri.com.br\/claudio\/wp-json\/wp\/v2\/types\/post"}],"author":[{"embeddable":true,"href":"https:\/\/yuri.com.br\/claudio\/wp-json\/wp\/v2\/users\/1"}],"replies":[{"embeddable":true,"href":"https:\/\/yuri.com.br\/claudio\/wp-json\/wp\/v2\/comments?post=7703"}],"version-history":[{"count":20,"href":"https:\/\/yuri.com.br\/claudio\/wp-json\/wp\/v2\/posts\/7703\/revisions"}],"predecessor-version":[{"id":7728,"href":"https:\/\/yuri.com.br\/claudio\/wp-json\/wp\/v2\/posts\/7703\/revisions\/7728"}],"wp:featuredmedia":[{"embeddable":true,"href":"https:\/\/yuri.com.br\/claudio\/wp-json\/wp\/v2\/media\/7705"}],"wp:attachment":[{"href":"https:\/\/yuri.com.br\/claudio\/wp-json\/wp\/v2\/media?parent=7703"}],"wp:term":[{"taxonomy":"category","embeddable":true,"href":"https:\/\/yuri.com.br\/claudio\/wp-json\/wp\/v2\/categories?post=7703"},{"taxonomy":"post_tag","embeddable":true,"href":"https:\/\/yuri.com.br\/claudio\/wp-json\/wp\/v2\/tags?post=7703"}],"curies":[{"name":"wp","href":"https:\/\/api.w.org\/{rel}","templated":true}]}}