{"id":769,"date":"2009-06-14T22:22:05","date_gmt":"2009-06-14T22:22:05","guid":{"rendered":"http:\/\/claudiobr.wordpress.com\/?p=769"},"modified":"2009-06-14T22:22:05","modified_gmt":"2009-06-14T22:22:05","slug":"havana-anisio-santiago","status":"publish","type":"post","link":"https:\/\/yuri.com.br\/claudio\/2009\/06\/14\/havana-anisio-santiago\/","title":{"rendered":"Havana &#8211; An\u00edsio Santiago"},"content":{"rendered":"<p>Mais um &#8220;post-homenagem&#8221;.<\/p>\n<p>Desta vez, como por obriga\u00e7\u00e3o, presto minhas honras ao que \u00e9 por muitos considerado o melhor aguardente de cana do Brasil: a cacha\u00e7a <strong>Havana<\/strong>, que durante alguns anos recentes levou o nome de seu produtor, <strong>An\u00edsio Santiago<\/strong>, de Salinas\/MG.<\/p>\n<p>Em minha lembran\u00e7a pessoal, tive muita expectativa ao experiment\u00e1-la pela primeir\u00edssima vez alguns anos atr\u00e1s, lembrando que uma dose deste l\u00edquido pode custar mais de 20 reais por a\u00ed afora. A primeira impress\u00e3o, pressionada por um misto de ansiedade e respeito, foi sensacional, uma in\u00e9dita invas\u00e3o sensorial indefens\u00e1vel e emocionante. Algo que traz ao alcance de seu nariz os ton\u00e9is de b\u00e1lsamo da distante fazenda Havana e seus canaviais, uma verdadeira viagem conduzida impecavelmente pelo exemplar hors concurs das cacha\u00e7as, s\u00edmbolo tradicional da cultura de nosso pa\u00eds.<\/p>\n<p>Para complementar o pouco que escrevi, recomendo um post do car\u00edssimo neto de An\u00edsio Santiago, quem me enviou a garrafa fotografada por mim abaixo: <a href=\"http:\/\/robertosantiago.blogspot.com\/2006\/10\/o-mito-da-cachaa-havana-ansio-santiago.html\" target=\"_blank\">Roberto Santiago<\/a>.<\/p>\n<p style=\"text-align:center;\"><a href=\"http:\/\/www.flickr.com\/photos\/cbrisighello\/3626821022\/\"><img loading=\"lazy\" decoding=\"async\" class=\"aligncenter\" title=\"An\u00edsio Santiago (Havana)\" src=\"http:\/\/farm4.static.flickr.com\/3408\/3626821022_bf60450671_o.jpg\" alt=\"\" width=\"614\" height=\"410\" \/><\/a><\/p>\n<p style=\"text-align:center;\"><em>Uma cuidadosa lembran\u00e7a da \u00faltima dose desta preciosa garrafa<\/em><\/p>\n","protected":false},"excerpt":{"rendered":"<p>Mais um &#8220;post-homenagem&#8221;. Desta vez, como por obriga\u00e7\u00e3o, presto minhas honras ao que \u00e9 por muitos considerado o melhor aguardente de cana do Brasil: a cacha\u00e7a Havana, que durante alguns anos recentes levou o nome de seu produtor, An\u00edsio Santiago, de Salinas\/MG. Em minha lembran\u00e7a pessoal, tive muita expectativa ao experiment\u00e1-la pela primeir\u00edssima vez alguns&hellip;&nbsp;<a href=\"https:\/\/yuri.com.br\/claudio\/2009\/06\/14\/havana-anisio-santiago\/\" rel=\"bookmark\">Continue a ler &raquo;<span class=\"screen-reader-text\">Havana &#8211; An\u00edsio Santiago<\/span><\/a><\/p>\n","protected":false},"author":2,"featured_media":0,"comment_status":"open","ping_status":"open","sticky":false,"template":"","format":"standard","meta":{"neve_meta_sidebar":"","neve_meta_container":"","neve_meta_enable_content_width":"","neve_meta_content_width":0,"neve_meta_title_alignment":"","neve_meta_author_avatar":"","neve_post_elements_order":"","neve_meta_disable_header":"","neve_meta_disable_footer":"","neve_meta_disable_title":"","jetpack_post_was_ever_published":false,"_jetpack_newsletter_access":"","_jetpack_dont_email_post_to_subs":false,"_jetpack_newsletter_tier_id":0,"_jetpack_memberships_contains_paywalled_content":false,"_jetpack_memberships_contains_paid_content":false,"footnotes":"","jetpack_publicize_message":"","jetpack_publicize_feature_enabled":true,"jetpack_social_post_already_shared":false,"jetpack_social_options":{"image_generator_settings":{"template":"highway","default_image_id":0,"font":"","enabled":false},"version":2}},"categories":[2],"tags":[24,33,58],"class_list":["post-769","post","type-post","status-publish","format-standard","hentry","category-baixa-gastronomia","tag-anisio-santiago","tag-cachaca","tag-havana"],"jetpack_publicize_connections":[],"jetpack_featured_media_url":"","jetpack_shortlink":"https:\/\/wp.me\/p4i7cB-cp","jetpack_sharing_enabled":true,"jetpack-related-posts":[{"id":3692,"url":"https:\/\/yuri.com.br\/claudio\/2012\/05\/29\/cachacas-da-regiao\/","url_meta":{"origin":769,"position":0},"title":"Cacha\u00e7as da regi\u00e3o","author":"claudio","date":"29\/maio\/2012","format":false,"excerpt":"As 2 boas canas das redondezas de S\u00e3o Bento do Sapuca\u00ed: Luminosa e Gon\u00e7alves. No garraf\u00e3o temos um l\u00edquido com 9 anos de idade, envelhecido com lascas de carvalho. E na direita, cacha\u00e7a envelhecida com folha de figo. Os 6 litros acima est\u00e3o destinados a um casamento. Pressinto que ao\u2026","rel":"","context":"Em &quot;'Baixa' Gastronomia&quot;","block_context":{"text":"'Baixa' Gastronomia","link":"https:\/\/yuri.com.br\/claudio\/category\/baixa-gastronomia\/"},"img":{"alt_text":"","src":"https:\/\/i0.wp.com\/yuri.com.br\/claudio\/wp-content\/uploads\/2012\/05\/presente_cesinhatati.jpg?resize=350%2C200&ssl=1","width":350,"height":200,"srcset":"https:\/\/i0.wp.com\/yuri.com.br\/claudio\/wp-content\/uploads\/2012\/05\/presente_cesinhatati.jpg?resize=350%2C200&ssl=1 1x, https:\/\/i0.wp.com\/yuri.com.br\/claudio\/wp-content\/uploads\/2012\/05\/presente_cesinhatati.jpg?resize=525%2C300&ssl=1 1.5x, https:\/\/i0.wp.com\/yuri.com.br\/claudio\/wp-content\/uploads\/2012\/05\/presente_cesinhatati.jpg?resize=700%2C400&ssl=1 2x"},"classes":[]},{"id":5492,"url":"https:\/\/yuri.com.br\/claudio\/2013\/07\/24\/5-anos\/","url_meta":{"origin":769,"position":1},"title":"5 anos enchendo lingui\u00e7a","author":"claudio","date":"24\/jul\/2013","format":false,"excerpt":"N\u00e3o \u00e9 todo dia que fazemos \"5 anos de alguma coisa\", ent\u00e3o fiquei surpreso ao ser avisado pelo wordpress que este blog completou 5 aninhos. Olhando para tr\u00e1s, percebo que a fotografia tem desempenhado bastante neste blog, tanto que movi meu acervo de imagens para c\u00e1. Ent\u00e3o vamos falar um\u2026","rel":"","context":"Em &quot;Outros&quot;","block_context":{"text":"Outros","link":"https:\/\/yuri.com.br\/claudio\/category\/outros\/"},"img":{"alt_text":"","src":"","width":0,"height":0},"classes":[]},{"id":1697,"url":"https:\/\/yuri.com.br\/claudio\/2010\/03\/09\/cachacas-do-sul\/","url_meta":{"origin":769,"position":2},"title":"Cacha\u00e7as do sul","author":"claudio","date":"9\/mar\/2010","format":false,"excerpt":"Uma pequena homenagem \u00e0s boas canas do sul do Brasil. Afinal n\u00e3o \u00e9 s\u00f3 Minas Gerais que produz uma boa cacha\u00e7a. Temos a famosa Armaz\u00e9m Vieira de Floripa, a Solar de Blumenau boa para se tomar geladinha, a Casa Bucco na serra ga\u00facha com a qual tive a alegria de\u2026","rel":"","context":"Em &quot;'Baixa' Gastronomia&quot;","block_context":{"text":"'Baixa' Gastronomia","link":"https:\/\/yuri.com.br\/claudio\/category\/baixa-gastronomia\/"},"img":{"alt_text":"","src":"https:\/\/i0.wp.com\/farm5.static.flickr.com\/4067\/4414004947_8486000423_o.jpg?resize=350%2C200","width":350,"height":200,"srcset":"https:\/\/i0.wp.com\/farm5.static.flickr.com\/4067\/4414004947_8486000423_o.jpg?resize=350%2C200 1x, https:\/\/i0.wp.com\/farm5.static.flickr.com\/4067\/4414004947_8486000423_o.jpg?resize=525%2C300 1.5x"},"classes":[]},{"id":2257,"url":"https:\/\/yuri.com.br\/claudio\/2010\/06\/24\/way-underground\/","url_meta":{"origin":769,"position":3},"title":"Way underground","author":"claudio","date":"24\/jun\/2010","format":false,"excerpt":"Recentemente em minhas andan\u00e7as sem carro pelo Rio, fui at\u00e9 o Real Chopp pela profunda esta\u00e7\u00e3o Cardeal Arcoverde do metr\u00f4 carioca. Aquele esquema de sempre: treino \u00e0 noite na Limite e caldinho de feij\u00e3o com cacha\u00e7a pra repor. O que eu n\u00e3o esperava \u00e9 que na volta eu fosse pirar\u2026","rel":"","context":"Em &quot;Outros&quot;","block_context":{"text":"Outros","link":"https:\/\/yuri.com.br\/claudio\/category\/outros\/"},"img":{"alt_text":"","src":"https:\/\/i0.wp.com\/farm5.static.flickr.com\/4022\/4712385838_9e93cee308_b.jpg?resize=350%2C200","width":350,"height":200,"srcset":"https:\/\/i0.wp.com\/farm5.static.flickr.com\/4022\/4712385838_9e93cee308_b.jpg?resize=350%2C200 1x, https:\/\/i0.wp.com\/farm5.static.flickr.com\/4022\/4712385838_9e93cee308_b.jpg?resize=525%2C300 1.5x"},"classes":[]},{"id":5132,"url":"https:\/\/yuri.com.br\/claudio\/2013\/05\/16\/paraiso-em-camadas\/","url_meta":{"origin":769,"position":4},"title":"Para\u00edso em camadas","author":"claudio","date":"16\/maio\/2013","format":false,"excerpt":"Esse friozinho que est\u00e1 chegando n\u00e3o \u00e9 s\u00f3 bom pra escalar ou tomar aquele caldinho de feij\u00e3o com uma boa cacha\u00e7a. Dessa vez n\u00e3o deixarei escapar a oportunidade de me aventurar no estilo vienense e suas massas ricas e laminadas. Assim como o pain au levain, o croissant \u00e9 um\u2026","rel":"","context":"Em &quot;'Baixa' Gastronomia&quot;","block_context":{"text":"'Baixa' Gastronomia","link":"https:\/\/yuri.com.br\/claudio\/category\/baixa-gastronomia\/"},"img":{"alt_text":"","src":"https:\/\/i0.wp.com\/yuri.com.br\/claudio\/wp-content\/uploads\/2013\/05\/croissant_learning.jpg?resize=350%2C200&ssl=1","width":350,"height":200,"srcset":"https:\/\/i0.wp.com\/yuri.com.br\/claudio\/wp-content\/uploads\/2013\/05\/croissant_learning.jpg?resize=350%2C200&ssl=1 1x, https:\/\/i0.wp.com\/yuri.com.br\/claudio\/wp-content\/uploads\/2013\/05\/croissant_learning.jpg?resize=525%2C300&ssl=1 1.5x, https:\/\/i0.wp.com\/yuri.com.br\/claudio\/wp-content\/uploads\/2013\/05\/croissant_learning.jpg?resize=700%2C400&ssl=1 2x"},"classes":[]},{"id":3937,"url":"https:\/\/yuri.com.br\/claudio\/2012\/08\/06\/luminosa\/","url_meta":{"origin":769,"position":5},"title":"Luminosa","author":"claudio","date":"6\/ago\/2012","format":false,"excerpt":"Sou fregu\u00eas do alambique de Luminosa. Trouxe 30 litros de cacha\u00e7a de l\u00e1 neste domingo, 15 deles com 9 anos de idade. E pra juntar \u00fatil e agrad\u00e1vel, no caminho tem um setor hom\u00f4nimo, n\u00e3o muito frequentado mas que merece uma visita pelo visual e por esse bloc\u00e3o superior que\u2026","rel":"","context":"Em &quot;'Baixa' Gastronomia&quot;","block_context":{"text":"'Baixa' Gastronomia","link":"https:\/\/yuri.com.br\/claudio\/category\/baixa-gastronomia\/"},"img":{"alt_text":"","src":"https:\/\/i0.wp.com\/yuri.com.br\/claudio\/wp-content\/uploads\/2012\/08\/luminosa_emeu.jpg?resize=350%2C200&ssl=1","width":350,"height":200,"srcset":"https:\/\/i0.wp.com\/yuri.com.br\/claudio\/wp-content\/uploads\/2012\/08\/luminosa_emeu.jpg?resize=350%2C200&ssl=1 1x, https:\/\/i0.wp.com\/yuri.com.br\/claudio\/wp-content\/uploads\/2012\/08\/luminosa_emeu.jpg?resize=525%2C300&ssl=1 1.5x, https:\/\/i0.wp.com\/yuri.com.br\/claudio\/wp-content\/uploads\/2012\/08\/luminosa_emeu.jpg?resize=700%2C400&ssl=1 2x"},"classes":[]}],"_links":{"self":[{"href":"https:\/\/yuri.com.br\/claudio\/wp-json\/wp\/v2\/posts\/769","targetHints":{"allow":["GET"]}}],"collection":[{"href":"https:\/\/yuri.com.br\/claudio\/wp-json\/wp\/v2\/posts"}],"about":[{"href":"https:\/\/yuri.com.br\/claudio\/wp-json\/wp\/v2\/types\/post"}],"author":[{"embeddable":true,"href":"https:\/\/yuri.com.br\/claudio\/wp-json\/wp\/v2\/users\/2"}],"replies":[{"embeddable":true,"href":"https:\/\/yuri.com.br\/claudio\/wp-json\/wp\/v2\/comments?post=769"}],"version-history":[{"count":0,"href":"https:\/\/yuri.com.br\/claudio\/wp-json\/wp\/v2\/posts\/769\/revisions"}],"wp:attachment":[{"href":"https:\/\/yuri.com.br\/claudio\/wp-json\/wp\/v2\/media?parent=769"}],"wp:term":[{"taxonomy":"category","embeddable":true,"href":"https:\/\/yuri.com.br\/claudio\/wp-json\/wp\/v2\/categories?post=769"},{"taxonomy":"post_tag","embeddable":true,"href":"https:\/\/yuri.com.br\/claudio\/wp-json\/wp\/v2\/tags?post=769"}],"curies":[{"name":"wp","href":"https:\/\/api.w.org\/{rel}","templated":true}]}}