{"id":7670,"date":"2014-05-12T13:27:10","date_gmt":"2014-05-12T13:27:10","guid":{"rendered":"http:\/\/yuri.com.br\/claudio\/?p=7670"},"modified":"2014-05-12T13:39:19","modified_gmt":"2014-05-12T13:39:19","slug":"rodrigo-nunes-leoncio-v6-cruzeiro","status":"publish","type":"post","link":"https:\/\/yuri.com.br\/claudio\/2014\/05\/12\/rodrigo-nunes-leoncio-v6-cruzeiro\/","title":{"rendered":"Rodrigo Nunes @ Le\u00f4ncio V6 (Cruzeiro)"},"content":{"rendered":"<p><a href=\"http:\/\/yuri.com.br\/claudio\/wp-content\/uploads\/2014\/05\/Cruzeiro_Leoncio_Rodrigo.jpg\"><img loading=\"lazy\" decoding=\"async\" data-attachment-id=\"7680\" data-permalink=\"https:\/\/yuri.com.br\/claudio\/2014\/05\/12\/rodrigo-nunes-leoncio-v6-cruzeiro\/cruzeiro_leoncio_rodrigo\/\" data-orig-file=\"https:\/\/yuri.com.br\/claudio\/wp-content\/uploads\/2014\/05\/Cruzeiro_Leoncio_Rodrigo.jpg\" data-orig-size=\"1200,675\" data-comments-opened=\"1\" data-image-meta=\"{&quot;aperture&quot;:&quot;2.8&quot;,&quot;credit&quot;:&quot;Claudio Brisighello&quot;,&quot;camera&quot;:&quot;Canon EOS 7D&quot;,&quot;caption&quot;:&quot;&quot;,&quot;created_timestamp&quot;:&quot;1399040820&quot;,&quot;copyright&quot;:&quot;&quot;,&quot;focal_length&quot;:&quot;11&quot;,&quot;iso&quot;:&quot;640&quot;,&quot;shutter_speed&quot;:&quot;0.004&quot;,&quot;title&quot;:&quot;&quot;}\" data-image-title=\"Rodrigo Nunes @ Le\u00f4ncio V6 (Cruzeiro)\" data-image-description=\"\" data-image-caption=\"&lt;p&gt;Rodrigo Nunes @ Le\u00f4ncio V6 (Cruzeiro)&lt;\/p&gt;\n\" data-medium-file=\"https:\/\/yuri.com.br\/claudio\/wp-content\/uploads\/2014\/05\/Cruzeiro_Leoncio_Rodrigo-300x168.jpg\" data-large-file=\"https:\/\/yuri.com.br\/claudio\/wp-content\/uploads\/2014\/05\/Cruzeiro_Leoncio_Rodrigo.jpg\" class=\" wp-image-7680 aligncenter\" alt=\"Rodrigo Nunes @ Le\u00f4ncio V6 (Cruzeiro)\" src=\"http:\/\/yuri.com.br\/claudio\/wp-content\/uploads\/2014\/05\/Cruzeiro_Leoncio_Rodrigo.jpg\" width=\"700\" height=\"394\" srcset=\"https:\/\/yuri.com.br\/claudio\/wp-content\/uploads\/2014\/05\/Cruzeiro_Leoncio_Rodrigo.jpg 1200w, https:\/\/yuri.com.br\/claudio\/wp-content\/uploads\/2014\/05\/Cruzeiro_Leoncio_Rodrigo-150x84.jpg 150w, https:\/\/yuri.com.br\/claudio\/wp-content\/uploads\/2014\/05\/Cruzeiro_Leoncio_Rodrigo-300x168.jpg 300w, https:\/\/yuri.com.br\/claudio\/wp-content\/uploads\/2014\/05\/Cruzeiro_Leoncio_Rodrigo-695x390.jpg 695w, https:\/\/yuri.com.br\/claudio\/wp-content\/uploads\/2014\/05\/Cruzeiro_Leoncio_Rodrigo-930x523.jpg 930w\" sizes=\"auto, (max-width: 700px) 100vw, 700px\" \/><\/a><\/p>\n<p>Mais uma linha nasce no Cruzeiro, dessa vez uma contribui\u00e7\u00e3o carioca.\u00a0 Rodrigo Nunes inaugura o rec\u00e9m-escovado Le\u00f4ncio V6, extens\u00e3o <em>a la<\/em> <em>Cabron<\/em> do Zeca Uruboo na democr\u00e1tica &#8220;saleta&#8221;. E assim vamos colocando uma linha ap\u00f3s a outra nessa temporada que promete muitos cl\u00e1ssicos!<\/p>\n<p><strong>Aproveito para atualizar a ra\u00e7a boulderista: ap\u00f3s 3 meses de trabalho, estamos alinhados com os propriet\u00e1rios do local e em breve teremos este setor &#8220;oficialmente&#8221; no mapa! :D<\/strong><\/p>\n<p>Bons ventos gelados a todos&#8230;<\/p>\n","protected":false},"excerpt":{"rendered":"<p>Mais uma linha nasce no Cruzeiro, dessa vez uma contribui\u00e7\u00e3o carioca.\u00a0 Rodrigo Nunes inaugura o rec\u00e9m-escovado Le\u00f4ncio V6, extens\u00e3o a la Cabron do Zeca Uruboo na democr\u00e1tica &#8220;saleta&#8221;. E assim vamos colocando uma linha ap\u00f3s a outra nessa temporada que promete muitos cl\u00e1ssicos! Aproveito para atualizar a ra\u00e7a boulderista: ap\u00f3s 3 meses de trabalho, estamos&hellip;&nbsp;<a href=\"https:\/\/yuri.com.br\/claudio\/2014\/05\/12\/rodrigo-nunes-leoncio-v6-cruzeiro\/\" rel=\"bookmark\">Continue a ler &raquo;<span class=\"screen-reader-text\">Rodrigo Nunes @ Le\u00f4ncio V6 (Cruzeiro)<\/span><\/a><\/p>\n","protected":false},"author":1,"featured_media":7672,"comment_status":"open","ping_status":"open","sticky":false,"template":"","format":"standard","meta":{"neve_meta_sidebar":"","neve_meta_container":"","neve_meta_enable_content_width":"","neve_meta_content_width":0,"neve_meta_title_alignment":"","neve_meta_author_avatar":"","neve_post_elements_order":"","neve_meta_disable_header":"","neve_meta_disable_footer":"","neve_meta_disable_title":"","jetpack_post_was_ever_published":false,"_jetpack_newsletter_access":"","_jetpack_dont_email_post_to_subs":false,"_jetpack_newsletter_tier_id":0,"_jetpack_memberships_contains_paywalled_content":false,"_jetpack_memberships_contains_paid_content":false,"footnotes":"","jetpack_publicize_message":"","jetpack_publicize_feature_enabled":true,"jetpack_social_post_already_shared":true,"jetpack_social_options":{"image_generator_settings":{"template":"highway","default_image_id":0,"font":"","enabled":false},"version":2}},"categories":[3],"tags":[],"class_list":["post-7670","post","type-post","status-publish","format-standard","has-post-thumbnail","hentry","category-escalada"],"jetpack_publicize_connections":[],"jetpack_featured_media_url":"https:\/\/yuri.com.br\/claudio\/wp-content\/uploads\/2014\/05\/Cruzeiro_Leoncio_Rodrigo1.jpg","jetpack_shortlink":"https:\/\/wp.me\/p4i7cB-1ZI","jetpack_sharing_enabled":true,"jetpack-related-posts":[{"id":7649,"url":"https:\/\/yuri.com.br\/claudio\/2014\/05\/06\/rodrigo-nunes-batore-v9-rubinho\/","url_meta":{"origin":7670,"position":0},"title":"Rodrigo Nunes @ Bator\u00e9 V9 (Rubinho)","author":"Cl\u00e1udio Brisighello","date":"6\/maio\/2014","format":false,"excerpt":"E o Rodrigo levou pra casa uma \"belezura\" l\u00e1 do Rubinho, o Bator\u00e9 V9. Uma coisa eu aprendi com essa cadena: quando as coisas parecem ruins, de repente tudo pode mudar e te surpreender... Essa perspectiva, que evidencia bem a inclina\u00e7\u00e3o da linha, \u00e9 dif\u00edcil de compor sem luz artificial.\u2026","rel":"","context":"Em &quot;Escalada&quot;","block_context":{"text":"Escalada","link":"https:\/\/yuri.com.br\/claudio\/category\/escalada\/"},"img":{"alt_text":"","src":"https:\/\/i0.wp.com\/yuri.com.br\/claudio\/wp-content\/uploads\/2013\/05\/Rubinho_Batore_RNunes.jpg?resize=350%2C200&ssl=1","width":350,"height":200,"srcset":"https:\/\/i0.wp.com\/yuri.com.br\/claudio\/wp-content\/uploads\/2013\/05\/Rubinho_Batore_RNunes.jpg?resize=350%2C200&ssl=1 1x, https:\/\/i0.wp.com\/yuri.com.br\/claudio\/wp-content\/uploads\/2013\/05\/Rubinho_Batore_RNunes.jpg?resize=525%2C300&ssl=1 1.5x, https:\/\/i0.wp.com\/yuri.com.br\/claudio\/wp-content\/uploads\/2013\/05\/Rubinho_Batore_RNunes.jpg?resize=700%2C400&ssl=1 2x, https:\/\/i0.wp.com\/yuri.com.br\/claudio\/wp-content\/uploads\/2013\/05\/Rubinho_Batore_RNunes.jpg?resize=1050%2C600&ssl=1 3x"},"classes":[]},{"id":8179,"url":"https:\/\/yuri.com.br\/claudio\/2014\/08\/13\/cruzeiro-ep-6\/","url_meta":{"origin":7670,"position":1},"title":"V\u00cdDEO: Cruzeiro Ep.6","author":"Cl\u00e1udio Brisighello","date":"13\/ago\/2014","format":false,"excerpt":"Mais um epis\u00f3dio estrelado, dessa vez com a participa\u00e7\u00e3o dos \"legends\"\u00a0 P.Rob, Felipinho e Thais! O Espiral dos Sentidos V11 \u00e9 aquela linha logo na entrada da\u00a0\"darkness cave\", \u00e0s vezes passa despercebida por conta da chamativa caverna ao lado. A movimenta\u00e7\u00e3o \u00e9 irada, com in\u00edcio duro que me custou para\u2026","rel":"","context":"Em &quot;Escalada&quot;","block_context":{"text":"Escalada","link":"https:\/\/yuri.com.br\/claudio\/category\/escalada\/"},"img":{"alt_text":"","src":"https:\/\/i0.wp.com\/yuri.com.br\/claudio\/wp-content\/uploads\/2014\/08\/Embed.jpg?resize=350%2C200&ssl=1","width":350,"height":200,"srcset":"https:\/\/i0.wp.com\/yuri.com.br\/claudio\/wp-content\/uploads\/2014\/08\/Embed.jpg?resize=350%2C200&ssl=1 1x, https:\/\/i0.wp.com\/yuri.com.br\/claudio\/wp-content\/uploads\/2014\/08\/Embed.jpg?resize=525%2C300&ssl=1 1.5x, https:\/\/i0.wp.com\/yuri.com.br\/claudio\/wp-content\/uploads\/2014\/08\/Embed.jpg?resize=700%2C400&ssl=1 2x"},"classes":[]},{"id":7923,"url":"https:\/\/yuri.com.br\/claudio\/2014\/07\/09\/video-cruzeiro-ep-2\/","url_meta":{"origin":7670,"position":2},"title":"V\u00eddeo: Cruzeiro Ep.2","author":"Cl\u00e1udio Brisighello","date":"9\/jul\/2014","format":false,"excerpt":"Agora que \"acabou\" a Copa, voltemos \u00e0 vida normal (leia-se: estamos na temporada!! :-)... Aqui vai o segundo epis\u00f3dio da s\u00e9rie Cruzeiro, come\u00e7ando a esquentar os motores: Fiz quest\u00e3o de mostrar um pouco do acesso, que \u00e0s vezes passa despercebido. Ah, \u00e9 ali pertinho que o dono do pico mora?\u2026","rel":"","context":"Em &quot;Escalada&quot;","block_context":{"text":"Escalada","link":"https:\/\/yuri.com.br\/claudio\/category\/escalada\/"},"img":{"alt_text":"","src":"https:\/\/i0.wp.com\/yuri.com.br\/claudio\/wp-content\/uploads\/2014\/07\/Vimeo.jpg?resize=350%2C200&ssl=1","width":350,"height":200,"srcset":"https:\/\/i0.wp.com\/yuri.com.br\/claudio\/wp-content\/uploads\/2014\/07\/Vimeo.jpg?resize=350%2C200&ssl=1 1x, https:\/\/i0.wp.com\/yuri.com.br\/claudio\/wp-content\/uploads\/2014\/07\/Vimeo.jpg?resize=525%2C300&ssl=1 1.5x, https:\/\/i0.wp.com\/yuri.com.br\/claudio\/wp-content\/uploads\/2014\/07\/Vimeo.jpg?resize=700%2C400&ssl=1 2x"},"classes":[]},{"id":7362,"url":"https:\/\/yuri.com.br\/claudio\/2014\/03\/05\/cruzeiro\/","url_meta":{"origin":7670,"position":3},"title":"Cruzeiro?","author":"Cl\u00e1udio Brisighello","date":"5\/mar\/2014","format":false,"excerpt":"Na foto acima, Thais Makino tenta um pogo no \"crucificador\" projeto Calv\u00e1rio, uma das linhas de compress\u00e3o mais incr\u00edveis que eu j\u00e1 vi! Abaixo, a Yuri me clicou em uma das tentativas, ap\u00f3s mais um dia de trabalho pesado neste que vem sendo conhecido como setor Cruzeiro, em Gon\u00e7alves. O\u2026","rel":"","context":"Em &quot;Escalada&quot;","block_context":{"text":"Escalada","link":"https:\/\/yuri.com.br\/claudio\/category\/escalada\/"},"img":{"alt_text":"","src":"https:\/\/i0.wp.com\/yuri.com.br\/claudio\/wp-content\/uploads\/2014\/03\/Cruzeiro_Calvario_Claudio.jpg?resize=350%2C200&ssl=1","width":350,"height":200,"srcset":"https:\/\/i0.wp.com\/yuri.com.br\/claudio\/wp-content\/uploads\/2014\/03\/Cruzeiro_Calvario_Claudio.jpg?resize=350%2C200&ssl=1 1x, https:\/\/i0.wp.com\/yuri.com.br\/claudio\/wp-content\/uploads\/2014\/03\/Cruzeiro_Calvario_Claudio.jpg?resize=525%2C300&ssl=1 1.5x, https:\/\/i0.wp.com\/yuri.com.br\/claudio\/wp-content\/uploads\/2014\/03\/Cruzeiro_Calvario_Claudio.jpg?resize=700%2C400&ssl=1 2x"},"classes":[]},{"id":7864,"url":"https:\/\/yuri.com.br\/claudio\/2014\/06\/30\/video-cruzeiro-ep-1\/","url_meta":{"origin":7670,"position":4},"title":"V\u00eddeo: Cruzeiro Ep.1","author":"Cl\u00e1udio Brisighello","date":"30\/jun\/2014","format":false,"excerpt":"Pra motivar o in\u00edcio deste t\u00e3o esperado inverno, aguardem por uma sequ\u00eancia de videozinhos do setor Cruzeiro! Aqui vai a primeira amostra com o \"epis\u00f3dio 1\" da s\u00e9rie, aumentem o volume... Pra quem n\u00e3o viu, n\u00e3o deixem de conferir uns betas importantes no blog do SumbaBoulder. Outra dica, que vale\u2026","rel":"","context":"Em &quot;Escalada&quot;","block_context":{"text":"Escalada","link":"https:\/\/yuri.com.br\/claudio\/category\/escalada\/"},"img":{"alt_text":"Vimeo","src":"https:\/\/i0.wp.com\/yuri.com.br\/claudio\/wp-content\/uploads\/2014\/06\/Vimeo1.jpg?resize=350%2C200","width":350,"height":200,"srcset":"https:\/\/i0.wp.com\/yuri.com.br\/claudio\/wp-content\/uploads\/2014\/06\/Vimeo1.jpg?resize=350%2C200 1x, https:\/\/i0.wp.com\/yuri.com.br\/claudio\/wp-content\/uploads\/2014\/06\/Vimeo1.jpg?resize=525%2C300 1.5x, https:\/\/i0.wp.com\/yuri.com.br\/claudio\/wp-content\/uploads\/2014\/06\/Vimeo1.jpg?resize=700%2C400 2x"},"classes":[]},{"id":9177,"url":"https:\/\/yuri.com.br\/claudio\/2015\/06\/25\/croqui-do-cruzeiro\/","url_meta":{"origin":7670,"position":5},"title":"Croqui do Cruzeiro","author":"Cl\u00e1udio Brisighello","date":"25\/jun\/2015","format":false,"excerpt":"O que eu ia escrever aqui, t\u00e1 l\u00e1 no site do SumbaBoulder. Vai l\u00e1! E enquanto essa temporada esquisita (leia-se: chuvosa) rola, o guia j\u00e1 vai ficando desatualizado. - Berezoski inaugurou o maior highball do setor com \"F\u00faria Cega\" V9, no bloco do Jornada. Uma linha alucinante com in\u00edcio bem\u2026","rel":"","context":"Em &quot;Escalada&quot;","block_context":{"text":"Escalada","link":"https:\/\/yuri.com.br\/claudio\/category\/escalada\/"},"img":{"alt_text":"","src":"https:\/\/i0.wp.com\/yuri.com.br\/claudio\/wp-content\/uploads\/2015\/06\/cruzeiro1.jpg?resize=350%2C200&ssl=1","width":350,"height":200,"srcset":"https:\/\/i0.wp.com\/yuri.com.br\/claudio\/wp-content\/uploads\/2015\/06\/cruzeiro1.jpg?resize=350%2C200&ssl=1 1x, https:\/\/i0.wp.com\/yuri.com.br\/claudio\/wp-content\/uploads\/2015\/06\/cruzeiro1.jpg?resize=525%2C300&ssl=1 1.5x"},"classes":[]}],"_links":{"self":[{"href":"https:\/\/yuri.com.br\/claudio\/wp-json\/wp\/v2\/posts\/7670","targetHints":{"allow":["GET"]}}],"collection":[{"href":"https:\/\/yuri.com.br\/claudio\/wp-json\/wp\/v2\/posts"}],"about":[{"href":"https:\/\/yuri.com.br\/claudio\/wp-json\/wp\/v2\/types\/post"}],"author":[{"embeddable":true,"href":"https:\/\/yuri.com.br\/claudio\/wp-json\/wp\/v2\/users\/1"}],"replies":[{"embeddable":true,"href":"https:\/\/yuri.com.br\/claudio\/wp-json\/wp\/v2\/comments?post=7670"}],"version-history":[{"count":14,"href":"https:\/\/yuri.com.br\/claudio\/wp-json\/wp\/v2\/posts\/7670\/revisions"}],"predecessor-version":[{"id":7699,"href":"https:\/\/yuri.com.br\/claudio\/wp-json\/wp\/v2\/posts\/7670\/revisions\/7699"}],"wp:featuredmedia":[{"embeddable":true,"href":"https:\/\/yuri.com.br\/claudio\/wp-json\/wp\/v2\/media\/7672"}],"wp:attachment":[{"href":"https:\/\/yuri.com.br\/claudio\/wp-json\/wp\/v2\/media?parent=7670"}],"wp:term":[{"taxonomy":"category","embeddable":true,"href":"https:\/\/yuri.com.br\/claudio\/wp-json\/wp\/v2\/categories?post=7670"},{"taxonomy":"post_tag","embeddable":true,"href":"https:\/\/yuri.com.br\/claudio\/wp-json\/wp\/v2\/tags?post=7670"}],"curies":[{"name":"wp","href":"https:\/\/api.w.org\/{rel}","templated":true}]}}