{"id":7642,"date":"2014-04-30T13:15:09","date_gmt":"2014-04-30T13:15:09","guid":{"rendered":"http:\/\/yuri.com.br\/claudio\/?p=7642"},"modified":"2014-04-30T13:15:09","modified_gmt":"2014-04-30T13:15:09","slug":"rubinho-v2-0","status":"publish","type":"post","link":"https:\/\/yuri.com.br\/claudio\/2014\/04\/30\/rubinho-v2-0\/","title":{"rendered":"Rubinho v2.0"},"content":{"rendered":"<p>Segunda edi\u00e7\u00e3o do croqui, t\u00e1 l\u00e1 no <a href=\"http:\/\/sumbaboulder.blogspot.com.br\/2014\/04\/novo-croqui-do-rubinho.html\" target=\"_blank\">blog do Sumba<\/a>! Algumas faces imperd\u00edveis entraram nesta edi\u00e7\u00e3o<!--more-->, como o 45 graus da entrada (Bator\u00e9\/Vera Ver\u00e3o) e os blocos do Sr. Juca (Tumulus Nimbus).<a href=\"http:\/\/sumbaboulder.blogspot.com.br\/2014\/04\/novo-croqui-do-rubinho.html\" target=\"_blank\"><img loading=\"lazy\" decoding=\"async\" data-attachment-id=\"7643\" data-permalink=\"https:\/\/yuri.com.br\/claudio\/2014\/04\/30\/rubinho-v2-0\/croqui700\/\" data-orig-file=\"https:\/\/yuri.com.br\/claudio\/wp-content\/uploads\/2014\/04\/Croqui700.jpg\" data-orig-size=\"700,486\" data-comments-opened=\"1\" data-image-meta=\"{&quot;aperture&quot;:&quot;0&quot;,&quot;credit&quot;:&quot;&quot;,&quot;camera&quot;:&quot;&quot;,&quot;caption&quot;:&quot;&quot;,&quot;created_timestamp&quot;:&quot;0&quot;,&quot;copyright&quot;:&quot;&quot;,&quot;focal_length&quot;:&quot;0&quot;,&quot;iso&quot;:&quot;0&quot;,&quot;shutter_speed&quot;:&quot;0&quot;,&quot;title&quot;:&quot;&quot;}\" data-image-title=\"Croqui\" data-image-description=\"\" data-image-caption=\"\" data-medium-file=\"https:\/\/yuri.com.br\/claudio\/wp-content\/uploads\/2014\/04\/Croqui700-300x208.jpg\" data-large-file=\"https:\/\/yuri.com.br\/claudio\/wp-content\/uploads\/2014\/04\/Croqui700.jpg\" class=\"size-full wp-image-7643 aligncenter\" alt=\"Croqui\" src=\"http:\/\/yuri.com.br\/claudio\/wp-content\/uploads\/2014\/04\/Croqui700.jpg\" width=\"700\" height=\"486\" srcset=\"https:\/\/yuri.com.br\/claudio\/wp-content\/uploads\/2014\/04\/Croqui700.jpg 700w, https:\/\/yuri.com.br\/claudio\/wp-content\/uploads\/2014\/04\/Croqui700-150x104.jpg 150w, https:\/\/yuri.com.br\/claudio\/wp-content\/uploads\/2014\/04\/Croqui700-300x208.jpg 300w, https:\/\/yuri.com.br\/claudio\/wp-content\/uploads\/2014\/04\/Croqui700-695x482.jpg 695w\" sizes=\"auto, (max-width: 700px) 100vw, 700px\" \/><\/a><br \/>\nE o &#8220;grip&#8221; do frio finalmente chegou! Hora de diminuir os trampos e treinos&#8230; e dar a cara pra bater!<\/p>\n","protected":false},"excerpt":{"rendered":"<p>Segunda edi\u00e7\u00e3o do croqui, t\u00e1 l\u00e1 no blog do Sumba! Algumas faces imperd\u00edveis entraram nesta edi\u00e7\u00e3o<\/p>\n","protected":false},"author":1,"featured_media":7643,"comment_status":"open","ping_status":"open","sticky":false,"template":"","format":"standard","meta":{"neve_meta_sidebar":"","neve_meta_container":"","neve_meta_enable_content_width":"","neve_meta_content_width":0,"neve_meta_title_alignment":"","neve_meta_author_avatar":"","neve_post_elements_order":"","neve_meta_disable_header":"","neve_meta_disable_footer":"","neve_meta_disable_title":"","jetpack_post_was_ever_published":false,"_jetpack_newsletter_access":"","_jetpack_dont_email_post_to_subs":false,"_jetpack_newsletter_tier_id":0,"_jetpack_memberships_contains_paywalled_content":false,"_jetpack_memberships_contains_paid_content":false,"footnotes":"","jetpack_publicize_message":"","jetpack_publicize_feature_enabled":true,"jetpack_social_post_already_shared":true,"jetpack_social_options":{"image_generator_settings":{"template":"highway","default_image_id":0,"font":"","enabled":false},"version":2}},"categories":[3],"tags":[],"class_list":["post-7642","post","type-post","status-publish","format-standard","has-post-thumbnail","hentry","category-escalada"],"jetpack_publicize_connections":[],"jetpack_featured_media_url":"https:\/\/yuri.com.br\/claudio\/wp-content\/uploads\/2014\/04\/Croqui700.jpg","jetpack_shortlink":"https:\/\/wp.me\/p4i7cB-1Zg","jetpack_sharing_enabled":true,"jetpack-related-posts":[{"id":1200,"url":"https:\/\/yuri.com.br\/claudio\/2009\/11\/19\/video\/","url_meta":{"origin":7642,"position":0},"title":"V\u00eddeo","author":"claudio","date":"19\/nov\/2009","format":false,"excerpt":"Edi\u00e7\u00e3o r\u00e1pida do \u00faltimo domingo em Itacoatiara (filmado com a 7D)","rel":"","context":"Em &quot;Escalada&quot;","block_context":{"text":"Escalada","link":"https:\/\/yuri.com.br\/claudio\/category\/escalada\/"},"img":{"alt_text":"","src":"","width":0,"height":0},"classes":[]},{"id":388,"url":"https:\/\/yuri.com.br\/claudio\/2009\/01\/23\/video-do-grajaurj\/","url_meta":{"origin":7642,"position":1},"title":"V\u00eddeo do Graja\u00fa\/RJ","author":"claudio","date":"23\/jan\/2009","format":false,"excerpt":"A homage to the friends and the boulders. \u00a0\"Curta-metragem\" sobre uma tarde de escalada em um dos melhores locais de boulder da cidade. Foquei a edi\u00e7\u00e3o\/trilha no aspecto mais social, portanto n\u00e3o espere aquele rock'n'roll de morder a pedra... Bons ventos!","rel":"","context":"Em &quot;Escalada&quot;","block_context":{"text":"Escalada","link":"https:\/\/yuri.com.br\/claudio\/category\/escalada\/"},"img":{"alt_text":"","src":"","width":0,"height":0},"classes":[]},{"id":5838,"url":"https:\/\/yuri.com.br\/claudio\/2013\/10\/07\/coming-soon-sos-sapatilha\/","url_meta":{"origin":7642,"position":2},"title":"Coming soon: SOS Sapatilha","author":"claudio","date":"7\/out\/2013","format":false,"excerpt":"Na ilha de edi\u00e7\u00e3o neste momento, o pr\u00f3ximo curta que vai mostrar um pouco da hist\u00f3ria da SOS Sapatilha do mestre Bel\u00ea, incluindo dicas pra galera e o FA do nov\u00edssimo \"Bator\u00e9\" no 45 graus l\u00e1 do Rubinho. Aguardem... em breve! \u00a0","rel":"","context":"Em &quot;Escalada&quot;","block_context":{"text":"Escalada","link":"https:\/\/yuri.com.br\/claudio\/category\/escalada\/"},"img":{"alt_text":"","src":"https:\/\/i0.wp.com\/yuri.com.br\/claudio\/wp-content\/uploads\/2013\/10\/screenshot.jpg?resize=350%2C200&ssl=1","width":350,"height":200,"srcset":"https:\/\/i0.wp.com\/yuri.com.br\/claudio\/wp-content\/uploads\/2013\/10\/screenshot.jpg?resize=350%2C200&ssl=1 1x, https:\/\/i0.wp.com\/yuri.com.br\/claudio\/wp-content\/uploads\/2013\/10\/screenshot.jpg?resize=525%2C300&ssl=1 1.5x, https:\/\/i0.wp.com\/yuri.com.br\/claudio\/wp-content\/uploads\/2013\/10\/screenshot.jpg?resize=700%2C400&ssl=1 2x"},"classes":[]},{"id":3240,"url":"https:\/\/yuri.com.br\/claudio\/2011\/11\/29\/video-carlera-itaipava-v12\/","url_meta":{"origin":7642,"position":3},"title":"V\u00eddeo: Carlera @ ITAIPAVA V12","author":"claudio","date":"29\/nov\/2011","format":false,"excerpt":"Mini-curta do Carlera realizando a 4a. ascens\u00e3o do Itaipava V12, e o tal movimento de ombro que desafia as leis da f\u00edsica! Se no v\u00eddeo do Criador o Lars Von Trier deu o tom, desta vez foi Tarantino e Sergio Leone quem inspiraram a edi\u00e7\u00e3o :-) e\u00a0 n\u00e3o posso reclamar\u2026","rel":"","context":"Em &quot;Escalada&quot;","block_context":{"text":"Escalada","link":"https:\/\/yuri.com.br\/claudio\/category\/escalada\/"},"img":{"alt_text":"","src":"","width":0,"height":0},"classes":[]},{"id":8049,"url":"https:\/\/yuri.com.br\/claudio\/2014\/07\/22\/mountain-voices-137\/","url_meta":{"origin":7642,"position":4},"title":"Mountain Voices #137","author":"Cl\u00e1udio Brisighello","date":"22\/jul\/2014","format":false,"excerpt":"Recentemente, escrevi sobre os boulders daqui da regi\u00e3o de S\u00e3o Bento para o Mountain Voices. Acabou rendendo a mat\u00e9ria de capa, agrade\u00e7o ao Eliseu pelo convite\/espa\u00e7o! (clique na imagem para acessar a edi\u00e7\u00e3o online)","rel":"","context":"Em &quot;Escalada&quot;","block_context":{"text":"Escalada","link":"https:\/\/yuri.com.br\/claudio\/category\/escalada\/"},"img":{"alt_text":"","src":"https:\/\/i0.wp.com\/yuri.com.br\/claudio\/wp-content\/uploads\/2014\/07\/MV137.jpg?resize=350%2C200&ssl=1","width":350,"height":200},"classes":[]},{"id":327,"url":"https:\/\/yuri.com.br\/claudio\/2008\/12\/15\/bazar-de-natal-da-limite-vertical-2008-sucesso\/","url_meta":{"origin":7642,"position":5},"title":"Bazar de Natal da Limite Vertical 2008 &#8211; SUCESSO","author":"claudio","date":"15\/dez\/2008","format":false,"excerpt":"A 1a. edi\u00e7\u00e3o do \"bazar de natal + mercado de equipos usados + desafio de boulder\", realizado no \u00faltimo s\u00e1bado na Limite Vertical, superou as expectativas. Houve uma enorme circula\u00e7\u00e3o de pessoas (muitas jamais vistas) durante v\u00e1rias horas, expositores vendendo e se divulgando, muita m\u00fasica, o bar bombando e a\u2026","rel":"","context":"Em &quot;Escalada&quot;","block_context":{"text":"Escalada","link":"https:\/\/yuri.com.br\/claudio\/category\/escalada\/"},"img":{"alt_text":"","src":"","width":0,"height":0},"classes":[]}],"_links":{"self":[{"href":"https:\/\/yuri.com.br\/claudio\/wp-json\/wp\/v2\/posts\/7642","targetHints":{"allow":["GET"]}}],"collection":[{"href":"https:\/\/yuri.com.br\/claudio\/wp-json\/wp\/v2\/posts"}],"about":[{"href":"https:\/\/yuri.com.br\/claudio\/wp-json\/wp\/v2\/types\/post"}],"author":[{"embeddable":true,"href":"https:\/\/yuri.com.br\/claudio\/wp-json\/wp\/v2\/users\/1"}],"replies":[{"embeddable":true,"href":"https:\/\/yuri.com.br\/claudio\/wp-json\/wp\/v2\/comments?post=7642"}],"version-history":[{"count":4,"href":"https:\/\/yuri.com.br\/claudio\/wp-json\/wp\/v2\/posts\/7642\/revisions"}],"predecessor-version":[{"id":7648,"href":"https:\/\/yuri.com.br\/claudio\/wp-json\/wp\/v2\/posts\/7642\/revisions\/7648"}],"wp:featuredmedia":[{"embeddable":true,"href":"https:\/\/yuri.com.br\/claudio\/wp-json\/wp\/v2\/media\/7643"}],"wp:attachment":[{"href":"https:\/\/yuri.com.br\/claudio\/wp-json\/wp\/v2\/media?parent=7642"}],"wp:term":[{"taxonomy":"category","embeddable":true,"href":"https:\/\/yuri.com.br\/claudio\/wp-json\/wp\/v2\/categories?post=7642"},{"taxonomy":"post_tag","embeddable":true,"href":"https:\/\/yuri.com.br\/claudio\/wp-json\/wp\/v2\/tags?post=7642"}],"curies":[{"name":"wp","href":"https:\/\/api.w.org\/{rel}","templated":true}]}}