{"id":7561,"date":"2014-03-29T13:45:23","date_gmt":"2014-03-29T13:45:23","guid":{"rendered":"http:\/\/yuri.com.br\/claudio\/?p=7561"},"modified":"2018-10-25T18:52:29","modified_gmt":"2018-10-25T18:52:29","slug":"quiche","status":"publish","type":"post","link":"https:\/\/yuri.com.br\/claudio\/2014\/03\/29\/quiche\/","title":{"rendered":"Quiche"},"content":{"rendered":"<p>Tortas abertas, empadas ou quiches&#8230; a id\u00e9ia \u00e9 a mesma: uma base e um recheio<!--more-->, e dependendo de como se elabora, ganha o nome de um ou de outro. Desta vez vamos da vers\u00e3o francesa:<\/p>\n<p><img loading=\"lazy\" decoding=\"async\" data-attachment-id=\"7562\" data-permalink=\"https:\/\/yuri.com.br\/claudio\/2014\/03\/29\/quiche\/quiche-2\/\" data-orig-file=\"https:\/\/yuri.com.br\/claudio\/wp-content\/uploads\/2014\/03\/Quiche.jpg\" data-orig-size=\"700,394\" data-comments-opened=\"1\" data-image-meta=\"{&quot;aperture&quot;:&quot;3.5&quot;,&quot;credit&quot;:&quot;Claudio Brisighello&quot;,&quot;camera&quot;:&quot;Canon EOS 7D&quot;,&quot;caption&quot;:&quot;&quot;,&quot;created_timestamp&quot;:&quot;1391890064&quot;,&quot;copyright&quot;:&quot;&quot;,&quot;focal_length&quot;:&quot;50&quot;,&quot;iso&quot;:&quot;320&quot;,&quot;shutter_speed&quot;:&quot;0.2&quot;,&quot;title&quot;:&quot;&quot;}\" data-image-title=\"Quiche\" data-image-description=\"\" data-image-caption=\"\" data-medium-file=\"https:\/\/yuri.com.br\/claudio\/wp-content\/uploads\/2014\/03\/Quiche-300x168.jpg\" data-large-file=\"https:\/\/yuri.com.br\/claudio\/wp-content\/uploads\/2014\/03\/Quiche.jpg\" class=\"size-full wp-image-7562 aligncenter\" src=\"http:\/\/yuri.com.br\/claudio\/wp-content\/uploads\/2014\/03\/Quiche.jpg\" alt=\"Quiche\" width=\"700\" height=\"394\" srcset=\"https:\/\/yuri.com.br\/claudio\/wp-content\/uploads\/2014\/03\/Quiche.jpg 700w, https:\/\/yuri.com.br\/claudio\/wp-content\/uploads\/2014\/03\/Quiche-150x84.jpg 150w, https:\/\/yuri.com.br\/claudio\/wp-content\/uploads\/2014\/03\/Quiche-300x168.jpg 300w, https:\/\/yuri.com.br\/claudio\/wp-content\/uploads\/2014\/03\/Quiche-695x391.jpg 695w\" sizes=\"auto, (max-width: 700px) 100vw, 700px\" \/><\/p>\n<p>A massa dessas tortas tem uma caracter\u00edstica comum: sequinhas e quebradi\u00e7as, que desmancham na boca. Uma perdi\u00e7\u00e3o que contradiz o nome de &#8220;massa podre&#8221;, das empadinhas brasileiras. Com quiches, fazemos um neg\u00f3cio chamado <em>p\u00e2te bris\u00e9e<\/em>. Em ambos os casos, a gordura \u00e9 essencial para que essa m\u00e1gica deliciosa aconte\u00e7a, al\u00e9m da t\u00e9cnica de preparo:<\/p>\n<h5><strong>Ingredientes para 1 torta (~30cm de di\u00e2metro)<\/strong><\/h5>\n<ul>\n<li>200g farinha de trigo<\/li>\n<li>100g manteiga gelada em cubinhos<\/li>\n<li>1 ovo batido<\/li>\n<li>1 colher de ch\u00e1 (5g) de sal<\/li>\n<li>\u00e1gua gelada (o quanto bastar)<\/li>\n<\/ul>\n<p>Em uma bacia gelada, disponha a farinha mais a manteiga em pedacinhos. Esfregue bem com os dedos at\u00e9 obter um ponto homog\u00eaneo parecido com areia. Fa\u00e7a um buraco ao centro e adicione o ovo e um pouco d\u00b4\u00e1gua (gelada para n\u00e3o derreter a manteiga). Misture tudo, at\u00e9 que a meleca vire uma bola male\u00e1vel, n\u00e3o muito grudenta nem muito seca. Ajuste este ponto com mais ou menos \u00e1gua. Caso a manteiga n\u00e3o esteja bem distribu\u00edda, coloque a massa na mesa e pressione-a algumas vezes com a parte inferior da palma, em linha reta, rapidamente para n\u00e3o esquentar (m\u00e9todo <em>fraisage<\/em>). N\u00e3o sove a massa, a \u00faltima coisa que queremos \u00e9 deix\u00e1-la el\u00e1stica e dif\u00edcil de abrir (al\u00e9m de fofinha com o gl\u00faten, acabando com a textura quebradi\u00e7a). Leve \u00e0 geladeira para descansar por pelo menos 20 minutos. Voc\u00ea pode ajustar as medidas e fazer mais massa, guardando sobras por uma semana para outras ocasi\u00f5es. Eu ouvi mini-tortinhas? Biscoitinhos com queijo gratinado?<\/p>\n<p>Abrir a massa com um rolo, em mesa levemente enfarinhada. Para transfer\u00ed-la \u00e0 forma, uma dica \u00e9 dobrar 2 vezes e posicion\u00e1-la no centro da assadeira previamente untada com manteiga. Desdobre com cuidado e pressione uniformemente, cortando os excessos passando o rolo pela borda.<\/p>\n<p>Como o recheio \u00e9 l\u00edquido, devemos pr\u00e9-assar a massa por uns 15-20 minutos para evitar que ela encharque. Antes de levar ao forno, coloque uma folha de alum\u00ednio sobre a forma e encha de feij\u00f5es velhos, eu tenho um saquinho cheio deles que sempre reutilizo. Isso ajuda a manter as bordas altas. Utilize formas de fundo falso caso queira desenformar a torta depois de pronta.<\/p>\n<p>Se o seu quiche n\u00e3o ficar com o fundo sequinho depois de pronto (um dos grandes desafios dessas tortas), voc\u00ea pode pincelar clara de ovo na massa antes de pr\u00e9-assar, o que ajuda na impermeabiliza\u00e7\u00e3o.<\/p>\n<h5><strong>Recheio<\/strong><\/h5>\n<p>O cl\u00e1ssico <em>quiche lorraine<\/em> leva somente bacon e, em alguns casos, queijo Gruy\u00e8re. A &#8220;liga&#8221; \u00e9 feita com cr\u00e8me fra\u00eeche (frequentemente substitu\u00eddo por creme de leite). Eu gosto de simplificar e uso uma mistura de ovos batidos com leite, na propor\u00e7\u00e3o de 3 para 1 x\u00edcara e 1\/2 no caso de 1 torta m\u00e9dia, experimente o que preferir. Al\u00e9m do bacon e um bom queijo, cebolas caramelizadas combinam muito bem, ainda mais se o queijo for um gorgonzola, combina\u00e7\u00e3o que constitui o meu recheio predileto. Na vers\u00e3o da foto, usei o que tinha na geladeira: br\u00f3colis no vapor, paio refogado, cebola roxa e queijo meia cura (em finas fatias).<\/p>\n<p>Distribua os ingredientes e por \u00faltimo o l\u00edquido, tomando muito cuidado para n\u00e3o derramar ao levar ao forno. 30 minutos depois, NHAC! Um ador\u00e1vel lanchinho com clima de caf\u00e9\/bistrot, que vai bem mesmo em temperatura ambiente. De prefer\u00eancia com uma salada e um bom ch\u00e1!<\/p>\n","protected":false},"excerpt":{"rendered":"<p>Tortas abertas, empadas ou quiches&#8230; a id\u00e9ia \u00e9 a mesma: uma base e um recheio<\/p>\n","protected":false},"author":1,"featured_media":7562,"comment_status":"open","ping_status":"open","sticky":false,"template":"","format":"standard","meta":{"neve_meta_sidebar":"","neve_meta_container":"","neve_meta_enable_content_width":"","neve_meta_content_width":0,"neve_meta_title_alignment":"","neve_meta_author_avatar":"","neve_post_elements_order":"","neve_meta_disable_header":"","neve_meta_disable_footer":"","neve_meta_disable_title":"","jetpack_post_was_ever_published":false,"_jetpack_newsletter_access":"","_jetpack_dont_email_post_to_subs":false,"_jetpack_newsletter_tier_id":0,"_jetpack_memberships_contains_paywalled_content":false,"_jetpack_memberships_contains_paid_content":false,"footnotes":"","jetpack_publicize_message":"","jetpack_publicize_feature_enabled":true,"jetpack_social_post_already_shared":true,"jetpack_social_options":{"image_generator_settings":{"template":"highway","default_image_id":0,"font":"","enabled":false},"version":2}},"categories":[2,128],"tags":[],"class_list":["post-7561","post","type-post","status-publish","format-standard","has-post-thumbnail","hentry","category-baixa-gastronomia","category-receitas"],"jetpack_publicize_connections":[],"jetpack_featured_media_url":"https:\/\/yuri.com.br\/claudio\/wp-content\/uploads\/2014\/03\/Quiche.jpg","jetpack_shortlink":"https:\/\/wp.me\/s4i7cB-quiche","jetpack_sharing_enabled":true,"jetpack-related-posts":[{"id":4545,"url":"https:\/\/yuri.com.br\/claudio\/2013\/02\/06\/pao-de-cebola\/","url_meta":{"origin":7561,"position":0},"title":"P\u00e3o de cebola com fermenta\u00e7\u00e3o natural","author":"claudio","date":"6\/fev\/2013","format":false,"excerpt":"Esta postagem vai para o YeastSpotting! Pois estou em d\u00edvida com a Susan do site Wild Yeast, que publica essa cole\u00e7\u00e3o semanal de p\u00e3es artesanais elaborados mundo afora, \u00f3tima id\u00e9ia e fonte de inspira\u00e7\u00e3o para a comunidade. Este p\u00e3o de cebola \u00e9 um dos meus prediletos. O sabor da fermenta\u00e7\u00e3o\u2026","rel":"","context":"Em &quot;'Baixa' Gastronomia&quot;","block_context":{"text":"'Baixa' Gastronomia","link":"https:\/\/yuri.com.br\/claudio\/category\/baixa-gastronomia\/"},"img":{"alt_text":"","src":"https:\/\/i0.wp.com\/yuri.com.br\/claudio\/wp-content\/uploads\/2013\/02\/onionbread1.jpg?resize=350%2C200&ssl=1","width":350,"height":200,"srcset":"https:\/\/i0.wp.com\/yuri.com.br\/claudio\/wp-content\/uploads\/2013\/02\/onionbread1.jpg?resize=350%2C200&ssl=1 1x, https:\/\/i0.wp.com\/yuri.com.br\/claudio\/wp-content\/uploads\/2013\/02\/onionbread1.jpg?resize=525%2C300&ssl=1 1.5x, https:\/\/i0.wp.com\/yuri.com.br\/claudio\/wp-content\/uploads\/2013\/02\/onionbread1.jpg?resize=700%2C400&ssl=1 2x"},"classes":[]},{"id":191,"url":"https:\/\/yuri.com.br\/claudio\/2008\/09\/05\/os-caldos-de-minha-vida-estacao-saude\/","url_meta":{"origin":7561,"position":1},"title":"Os caldos de minha vida &#8211; Esta\u00e7\u00e3o Sa\u00fade","author":"claudio","date":"5\/set\/2008","format":false,"excerpt":"Ok, ok... admito: meu 'p\u00e2nceps' n\u00e3o vive s\u00f3 do trio caldinho de feij\u00e3o, chope e cacha\u00e7a. Portanto a recomenda\u00e7\u00e3o dessa vez \u00e9 o meu \"natureba\" predileto do RJ, que se chama Esta\u00e7\u00e3o Sa\u00fade. Fica na Barra, mais precisamente no shopping Barra Garden. Pode n\u00e3o ser t\u00e3o famoso quanto o Universo\u2026","rel":"","context":"Em &quot;'Baixa' Gastronomia&quot;","block_context":{"text":"'Baixa' Gastronomia","link":"https:\/\/yuri.com.br\/claudio\/category\/baixa-gastronomia\/"},"img":{"alt_text":"","src":"https:\/\/i0.wp.com\/yuri.com.br\/claudio\/wp-content\/uploads\/2008\/09\/img_4205.jpg?resize=350%2C200&ssl=1","width":350,"height":200,"srcset":"https:\/\/i0.wp.com\/yuri.com.br\/claudio\/wp-content\/uploads\/2008\/09\/img_4205.jpg?resize=350%2C200&ssl=1 1x, https:\/\/i0.wp.com\/yuri.com.br\/claudio\/wp-content\/uploads\/2008\/09\/img_4205.jpg?resize=525%2C300&ssl=1 1.5x, https:\/\/i0.wp.com\/yuri.com.br\/claudio\/wp-content\/uploads\/2008\/09\/img_4205.jpg?resize=700%2C400&ssl=1 2x"},"classes":[]},{"id":2894,"url":"https:\/\/yuri.com.br\/claudio\/2011\/08\/01\/pao-de-forma\/","url_meta":{"origin":7561,"position":2},"title":"P\u00e3o de forma","author":"claudio","date":"1\/ago\/2011","format":false,"excerpt":"Vamos fazer esse p\u00e3o que tanto vemos nas prateleiras dos supermercados e usamos em nossos sandubinhas. Bem b\u00e1sico, pra come\u00e7ar o neg\u00f3cio. Uma fatia dessas com manteiga e sal na chapa, deixa teu caf\u00e9 da manh\u00e3 mais feliz :-) Ingredientes 500g farinha de trigo --- 10g sal (2% da massa)\u2026","rel":"","context":"Em &quot;'Baixa' Gastronomia&quot;","block_context":{"text":"'Baixa' Gastronomia","link":"https:\/\/yuri.com.br\/claudio\/category\/baixa-gastronomia\/"},"img":{"alt_text":"","src":"https:\/\/i0.wp.com\/yuri.com.br\/claudio\/wp-content\/uploads\/2011\/07\/paodeforma1.jpg?resize=350%2C200&ssl=1","width":350,"height":200,"srcset":"https:\/\/i0.wp.com\/yuri.com.br\/claudio\/wp-content\/uploads\/2011\/07\/paodeforma1.jpg?resize=350%2C200&ssl=1 1x, https:\/\/i0.wp.com\/yuri.com.br\/claudio\/wp-content\/uploads\/2011\/07\/paodeforma1.jpg?resize=525%2C300&ssl=1 1.5x, https:\/\/i0.wp.com\/yuri.com.br\/claudio\/wp-content\/uploads\/2011\/07\/paodeforma1.jpg?resize=700%2C400&ssl=1 2x"},"classes":[]},{"id":3181,"url":"https:\/\/yuri.com.br\/claudio\/2011\/11\/09\/macarrao-faca-voce-mesmo\/","url_meta":{"origin":7561,"position":3},"title":"Macarr\u00e3o: fa\u00e7a voc\u00ea mesmo!","author":"claudio","date":"9\/nov\/2011","format":false,"excerpt":"Voltando com os posts de \"baixa gastronomia\" e, atendendo a pedidos, mostrarei como fazer a sua pr\u00f3pria massa de macarr\u00e3o. Garanto que uma massa fresquinha \u00e9 mais gostosa, al\u00e9m de ser um processo simples, divertido e r\u00e1pido. E assim como nos p\u00e3es caseiros, \u00e9 um item a menos para turbinar\u2026","rel":"","context":"Em &quot;'Baixa' Gastronomia&quot;","block_context":{"text":"'Baixa' Gastronomia","link":"https:\/\/yuri.com.br\/claudio\/category\/baixa-gastronomia\/"},"img":{"alt_text":"","src":"https:\/\/i0.wp.com\/yuri.com.br\/claudio\/wp-content\/uploads\/2011\/11\/pasta_ready.jpg?resize=350%2C200&ssl=1","width":350,"height":200,"srcset":"https:\/\/i0.wp.com\/yuri.com.br\/claudio\/wp-content\/uploads\/2011\/11\/pasta_ready.jpg?resize=350%2C200&ssl=1 1x, https:\/\/i0.wp.com\/yuri.com.br\/claudio\/wp-content\/uploads\/2011\/11\/pasta_ready.jpg?resize=525%2C300&ssl=1 1.5x, https:\/\/i0.wp.com\/yuri.com.br\/claudio\/wp-content\/uploads\/2011\/11\/pasta_ready.jpg?resize=700%2C400&ssl=1 2x"},"classes":[]},{"id":4735,"url":"https:\/\/yuri.com.br\/claudio\/2013\/03\/31\/saudosismo-empanado\/","url_meta":{"origin":7561,"position":4},"title":"Saudosismo empanado","author":"claudio","date":"31\/mar\/2013","format":false,"excerpt":"Fil\u00e9 empanado costuma lembrar comida de mam\u00e3e. Que nem carne de panela, alm\u00f4ndegas com pur\u00ea. Sinto que culin\u00e1ria tamb\u00e9m \u00e9 nostalgia. Vale a pena matar essa saudade, fazendo vc mesmo! Eu gosto \u00e9 de fazer com peito de frango. \u00c9 recomend\u00e1vel fazer um corte tipo \"borboleta\", abrindo em 2 fil\u00e9s\u2026","rel":"","context":"Em &quot;'Baixa' Gastronomia&quot;","block_context":{"text":"'Baixa' Gastronomia","link":"https:\/\/yuri.com.br\/claudio\/category\/baixa-gastronomia\/"},"img":{"alt_text":"","src":"https:\/\/i0.wp.com\/yuri.com.br\/claudio\/wp-content\/uploads\/2013\/03\/frango_empanado.jpg?resize=350%2C200&ssl=1","width":350,"height":200,"srcset":"https:\/\/i0.wp.com\/yuri.com.br\/claudio\/wp-content\/uploads\/2013\/03\/frango_empanado.jpg?resize=350%2C200&ssl=1 1x, https:\/\/i0.wp.com\/yuri.com.br\/claudio\/wp-content\/uploads\/2013\/03\/frango_empanado.jpg?resize=525%2C300&ssl=1 1.5x, https:\/\/i0.wp.com\/yuri.com.br\/claudio\/wp-content\/uploads\/2013\/03\/frango_empanado.jpg?resize=700%2C400&ssl=1 2x"},"classes":[]},{"id":8239,"url":"https:\/\/yuri.com.br\/claudio\/2014\/09\/16\/frango-empanado\/","url_meta":{"origin":7561,"position":5},"title":"Frango empanado","author":"Cl\u00e1udio Brisighello","date":"16\/set\/2014","format":false,"excerpt":"Filezinho de frango grelhado me remete a rango de marombeiro querendo umas prote\u00ednas limpas, sem gra\u00e7a. Hora de melhorar essa impress\u00e3o utilit\u00e1ria da comida e apreciar um bom e simples fil\u00e9 de frango, empanado com farinha de rosca de p\u00e3o de fermenta\u00e7\u00e3o natural. Fica fant\u00e1stico! mais um almo\u00e7o feliz Mas\u2026","rel":"","context":"Em &quot;'Baixa' Gastronomia&quot;","block_context":{"text":"'Baixa' Gastronomia","link":"https:\/\/yuri.com.br\/claudio\/category\/baixa-gastronomia\/"},"img":{"alt_text":"","src":"https:\/\/i0.wp.com\/yuri.com.br\/claudio\/wp-content\/uploads\/2014\/09\/FrangoEmpanado1.jpg?resize=350%2C200&ssl=1","width":350,"height":200,"srcset":"https:\/\/i0.wp.com\/yuri.com.br\/claudio\/wp-content\/uploads\/2014\/09\/FrangoEmpanado1.jpg?resize=350%2C200&ssl=1 1x, https:\/\/i0.wp.com\/yuri.com.br\/claudio\/wp-content\/uploads\/2014\/09\/FrangoEmpanado1.jpg?resize=525%2C300&ssl=1 1.5x, https:\/\/i0.wp.com\/yuri.com.br\/claudio\/wp-content\/uploads\/2014\/09\/FrangoEmpanado1.jpg?resize=700%2C400&ssl=1 2x, https:\/\/i0.wp.com\/yuri.com.br\/claudio\/wp-content\/uploads\/2014\/09\/FrangoEmpanado1.jpg?resize=1050%2C600&ssl=1 3x"},"classes":[]}],"_links":{"self":[{"href":"https:\/\/yuri.com.br\/claudio\/wp-json\/wp\/v2\/posts\/7561","targetHints":{"allow":["GET"]}}],"collection":[{"href":"https:\/\/yuri.com.br\/claudio\/wp-json\/wp\/v2\/posts"}],"about":[{"href":"https:\/\/yuri.com.br\/claudio\/wp-json\/wp\/v2\/types\/post"}],"author":[{"embeddable":true,"href":"https:\/\/yuri.com.br\/claudio\/wp-json\/wp\/v2\/users\/1"}],"replies":[{"embeddable":true,"href":"https:\/\/yuri.com.br\/claudio\/wp-json\/wp\/v2\/comments?post=7561"}],"version-history":[{"count":19,"href":"https:\/\/yuri.com.br\/claudio\/wp-json\/wp\/v2\/posts\/7561\/revisions"}],"predecessor-version":[{"id":10079,"href":"https:\/\/yuri.com.br\/claudio\/wp-json\/wp\/v2\/posts\/7561\/revisions\/10079"}],"wp:featuredmedia":[{"embeddable":true,"href":"https:\/\/yuri.com.br\/claudio\/wp-json\/wp\/v2\/media\/7562"}],"wp:attachment":[{"href":"https:\/\/yuri.com.br\/claudio\/wp-json\/wp\/v2\/media?parent=7561"}],"wp:term":[{"taxonomy":"category","embeddable":true,"href":"https:\/\/yuri.com.br\/claudio\/wp-json\/wp\/v2\/categories?post=7561"},{"taxonomy":"post_tag","embeddable":true,"href":"https:\/\/yuri.com.br\/claudio\/wp-json\/wp\/v2\/tags?post=7561"}],"curies":[{"name":"wp","href":"https:\/\/api.w.org\/{rel}","templated":true}]}}