{"id":741,"date":"2009-06-09T04:14:59","date_gmt":"2009-06-09T04:14:59","guid":{"rendered":"http:\/\/claudiobr.wordpress.com\/?p=741"},"modified":"2009-06-09T04:14:59","modified_gmt":"2009-06-09T04:14:59","slug":"comida-di-buteco-rj-2009-real-chopp","status":"publish","type":"post","link":"https:\/\/yuri.com.br\/claudio\/2009\/06\/09\/comida-di-buteco-rj-2009-real-chopp\/","title":{"rendered":"&#8216;Comida di Buteco&#8217; RJ 2009 + Real Chopp"},"content":{"rendered":"<p>Para a alegria de nossas barriguinhas, est\u00e1 de volta ao Rio de Janeiro o festival <a href=\"http:\/\/www.comidadibuteco.com.br\/rj2009_01.htm\" target=\"_blank\">Comida di Buteco<\/a>! Uma &#8220;competi\u00e7\u00e3o&#8221; em que n\u00f3s, fregueses, s\u00f3 temos a ganhar &#8211; s\u00e3o novas e velhas tradi\u00e7\u00f5es como o Rolmops (&#8220;sushi&#8221; de portugu\u00eas do  Adega P\u00e9rola) ou o lombinho com molho de tamarindo do Original do Br\u00e1s (buteco vencedor do ano passado, conforme noticiado por <a href=\"http:\/\/claudiobr.wordpress.com\/2008\/09\/10\/festival-comida-di-buteco-no-rj\/\" target=\"_blank\">aqui<\/a>). D\u00e1-lhe &#8220;baixa&#8221; gastronomia&#8230;<\/p>\n<p style=\"text-align:center;\"><img loading=\"lazy\" decoding=\"async\" data-attachment-id=\"742\" data-permalink=\"https:\/\/yuri.com.br\/claudio\/2009\/06\/09\/comida-di-buteco-rj-2009-real-chopp\/realchopp_leffe\/\" data-orig-file=\"https:\/\/yuri.com.br\/claudio\/wp-content\/uploads\/2009\/06\/realchopp_leffe.jpg\" data-orig-size=\"640,480\" data-comments-opened=\"1\" data-image-meta=\"{&quot;aperture&quot;:&quot;0&quot;,&quot;credit&quot;:&quot;&quot;,&quot;camera&quot;:&quot;&quot;,&quot;caption&quot;:&quot;&quot;,&quot;created_timestamp&quot;:&quot;0&quot;,&quot;copyright&quot;:&quot;&quot;,&quot;focal_length&quot;:&quot;0&quot;,&quot;iso&quot;:&quot;0&quot;,&quot;shutter_speed&quot;:&quot;0&quot;,&quot;title&quot;:&quot;&quot;}\" data-image-title=\"Leffe no Real Chopp\" data-image-description=\"\" data-image-caption=\"\" data-medium-file=\"https:\/\/yuri.com.br\/claudio\/wp-content\/uploads\/2009\/06\/realchopp_leffe-300x225.jpg\" data-large-file=\"https:\/\/yuri.com.br\/claudio\/wp-content\/uploads\/2009\/06\/realchopp_leffe.jpg\" class=\"aligncenter size-full wp-image-742\" title=\"Leffe no Real Chopp\" src=\"http:\/\/yuri.com.br\/claudio\/wp-content\/uploads\/2009\/06\/realchopp_leffe.jpg\" alt=\"Leffe no Real Chopp\" width=\"448\" height=\"336\" srcset=\"https:\/\/yuri.com.br\/claudio\/wp-content\/uploads\/2009\/06\/realchopp_leffe.jpg 640w, https:\/\/yuri.com.br\/claudio\/wp-content\/uploads\/2009\/06\/realchopp_leffe-300x225.jpg 300w, https:\/\/yuri.com.br\/claudio\/wp-content\/uploads\/2009\/06\/realchopp_leffe-210x157.jpg 210w\" sizes=\"auto, (max-width: 448px) 100vw, 448px\" \/><\/p>\n<p>Aproveito para avisar que o <a href=\"http:\/\/claudiobr.wordpress.com\/2008\/08\/20\/os-caldos-de-minha-vida-real-chopp\/\" target=\"_blank\">Real Chopp<\/a> (participante do festival), agora conta com cervejas Leffe, conforme se evidencia acima (escoltada pela cacha\u00e7a &#8220;Engenho Doce&#8221; e uma por\u00e7\u00e3o de favas e pimentas biquinho :-). Isso mesmo, breja belga no meu botequim-segunda-casa de Copa. PQP! It doesn&#8217;t get any better than this!! :D<\/p>\n<p>Um grande abra\u00e7o a todos! E viva o botequim carioca!!<\/p>\n","protected":false},"excerpt":{"rendered":"<p>Para a alegria de nossas barriguinhas, est\u00e1 de volta ao Rio de Janeiro o festival Comida di Buteco! Uma &#8220;competi\u00e7\u00e3o&#8221; em que n\u00f3s, fregueses, s\u00f3 temos a ganhar &#8211; s\u00e3o novas e velhas tradi\u00e7\u00f5es como o Rolmops (&#8220;sushi&#8221; de portugu\u00eas do Adega P\u00e9rola) ou o lombinho com molho de tamarindo do Original do Br\u00e1s (buteco&hellip;&nbsp;<a href=\"https:\/\/yuri.com.br\/claudio\/2009\/06\/09\/comida-di-buteco-rj-2009-real-chopp\/\" rel=\"bookmark\">Continue a ler &raquo;<span class=\"screen-reader-text\">&#8216;Comida di Buteco&#8217; RJ 2009 + Real Chopp<\/span><\/a><\/p>\n","protected":false},"author":2,"featured_media":742,"comment_status":"open","ping_status":"open","sticky":false,"template":"","format":"standard","meta":{"neve_meta_sidebar":"","neve_meta_container":"","neve_meta_enable_content_width":"","neve_meta_content_width":0,"neve_meta_title_alignment":"","neve_meta_author_avatar":"","neve_post_elements_order":"","neve_meta_disable_header":"","neve_meta_disable_footer":"","neve_meta_disable_title":"","jetpack_post_was_ever_published":false,"_jetpack_newsletter_access":"","_jetpack_dont_email_post_to_subs":false,"_jetpack_newsletter_tier_id":0,"_jetpack_memberships_contains_paywalled_content":false,"_jetpack_memberships_contains_paid_content":false,"footnotes":"","jetpack_publicize_message":"","jetpack_publicize_feature_enabled":true,"jetpack_social_post_already_shared":false,"jetpack_social_options":{"image_generator_settings":{"template":"highway","default_image_id":0,"font":"","enabled":false},"version":2}},"categories":[2],"tags":[],"class_list":["post-741","post","type-post","status-publish","format-standard","has-post-thumbnail","hentry","category-baixa-gastronomia"],"jetpack_publicize_connections":[],"jetpack_featured_media_url":"https:\/\/yuri.com.br\/claudio\/wp-content\/uploads\/2009\/06\/realchopp_leffe.jpg","jetpack_shortlink":"https:\/\/wp.me\/p4i7cB-bX","jetpack_sharing_enabled":true,"jetpack-related-posts":[{"id":203,"url":"https:\/\/yuri.com.br\/claudio\/2008\/09\/10\/festival-comida-di-buteco-no-rj\/","url_meta":{"origin":741,"position":0},"title":"Festival &#8216;Comida di Buteco&#8217; no RJ","author":"claudio","date":"10\/set\/2008","format":false,"excerpt":"Aconteceu durante o m\u00eas passado, agosto, o festival \"Comida di Buteco\", realizado pela primeira vez no Rio. O resultado (ap\u00f3s 20 mil votos durante o m\u00eas todo) saiu a pouco: 1a. Lugar MELHOR TIRA-GOSTO - Um rol\u00e9 pelo sub\u00farbio - rol\u00e9 ouri\u00e7ado com molho de Bohemia Escura em mini-ba\u00edas de\u2026","rel":"","context":"Em &quot;'Baixa' Gastronomia&quot;","block_context":{"text":"'Baixa' Gastronomia","link":"https:\/\/yuri.com.br\/claudio\/category\/baixa-gastronomia\/"},"img":{"alt_text":"","src":"https:\/\/i0.wp.com\/yuri.com.br\/claudio\/wp-content\/uploads\/2008\/09\/sururu.jpg?resize=350%2C200&ssl=1","width":350,"height":200,"srcset":"https:\/\/i0.wp.com\/yuri.com.br\/claudio\/wp-content\/uploads\/2008\/09\/sururu.jpg?resize=350%2C200&ssl=1 1x, https:\/\/i0.wp.com\/yuri.com.br\/claudio\/wp-content\/uploads\/2008\/09\/sururu.jpg?resize=525%2C300&ssl=1 1.5x"},"classes":[]},{"id":2065,"url":"https:\/\/yuri.com.br\/claudio\/2010\/05\/26\/adega-perola\/","url_meta":{"origin":741,"position":1},"title":"Adega P\u00e9rola","author":"claudio","date":"26\/maio\/2010","format":false,"excerpt":"Enquanto atravesso uma crise de abstin\u00eancia dos verdadeiros botequins cariocas, indico com saudades o Rollmops (uma esp\u00e9cie de sushi de sardinha) do Adega P\u00e9rola, recomenda\u00e7\u00e3o que eu estava devendo registrar por aqui faz tempo. Afinal trata-se de um dos bares mais antigos de Copa, com seu famoso e longo balc\u00e3o\u2026","rel":"","context":"Em &quot;'Baixa' Gastronomia&quot;","block_context":{"text":"'Baixa' Gastronomia","link":"https:\/\/yuri.com.br\/claudio\/category\/baixa-gastronomia\/"},"img":{"alt_text":"","src":"https:\/\/i0.wp.com\/yuri.com.br\/claudio\/wp-content\/uploads\/2010\/05\/rollmops.jpg?resize=350%2C200","width":350,"height":200},"classes":[]},{"id":2517,"url":"https:\/\/yuri.com.br\/claudio\/2010\/11\/19\/o-botequim-carioca\/","url_meta":{"origin":741,"position":2},"title":"Botequim carioca","author":"claudio","date":"19\/nov\/2010","format":false,"excerpt":"Ap\u00f3s deixar o Rio de Janeiro, devo aqui umas anota\u00e7\u00f5es sobre algo que muito me transformou nessa babil\u00f4nia. Achei melhor escrever logo antes que minha falha mem\u00f3ria deixe algumas importantes emo\u00e7\u00f5es para tr\u00e1s... Me mudei ao RJ por volta de 2004. Nestes 6 anos, o meu amor pelo Rio foi\u2026","rel":"","context":"Em &quot;'Baixa' Gastronomia&quot;","block_context":{"text":"'Baixa' Gastronomia","link":"https:\/\/yuri.com.br\/claudio\/category\/baixa-gastronomia\/"},"img":{"alt_text":"","src":"","width":0,"height":0},"classes":[]},{"id":305,"url":"https:\/\/yuri.com.br\/claudio\/2008\/11\/27\/aconchego-carioca-tcheca\/","url_meta":{"origin":741,"position":3},"title":"Aconchego Carioca &#038; Tcheca","author":"claudio","date":"27\/nov\/2008","format":false,"excerpt":"Foram orgasmos m\u00faltiplos. Portanto divido este post em duas partes: - Aconchego Carioca [ Rua Bar\u00e3o de Iguatemi 388 - 12h\/0h (s\u00e1b. e dom. at\u00e9 18h; fecha seg.)] Situado na regi\u00e3o da Pra\u00e7a da Bandeira, trata-se de um min\u00fasculo restaurante\/botequim\/bistr\u00f4 que pode n\u00e3o ser t\u00e3o antigo quanto as casas de\u2026","rel":"","context":"Em &quot;'Baixa' Gastronomia&quot;","block_context":{"text":"'Baixa' Gastronomia","link":"https:\/\/yuri.com.br\/claudio\/category\/baixa-gastronomia\/"},"img":{"alt_text":"","src":"https:\/\/i0.wp.com\/farm4.static.flickr.com\/3017\/3063578724_2210dd5150_o_d.jpg?resize=350%2C200","width":350,"height":200,"srcset":"https:\/\/i0.wp.com\/farm4.static.flickr.com\/3017\/3063578724_2210dd5150_o_d.jpg?resize=350%2C200 1x, https:\/\/i0.wp.com\/farm4.static.flickr.com\/3017\/3063578724_2210dd5150_o_d.jpg?resize=525%2C300 1.5x"},"classes":[]},{"id":1167,"url":"https:\/\/yuri.com.br\/claudio\/2009\/11\/03\/finados\/","url_meta":{"origin":741,"position":4},"title":"Finados","author":"claudio","date":"3\/nov\/2009","format":false,"excerpt":"O feriad\u00e3o por aqui foi tranquilo. Tijolado de rodar pelas estradas nas f\u00e9rias, ficamos no RJ onde eu pude reencontrar o granito e lembrar como \u00e9 bom escalar neste tipo de pedra, principalmente se for na Barrinha! :-) Fiz algumas fotos, mesmo que sem muita inspira\u00e7\u00e3o... aproveitei 10% do que\u2026","rel":"","context":"Em &quot;'Baixa' Gastronomia&quot;","block_context":{"text":"'Baixa' Gastronomia","link":"https:\/\/yuri.com.br\/claudio\/category\/baixa-gastronomia\/"},"img":{"alt_text":"","src":"https:\/\/i0.wp.com\/farm3.static.flickr.com\/2633\/4068778188_398b6ca944_o.jpg?resize=350%2C200","width":350,"height":200},"classes":[]},{"id":35,"url":"https:\/\/yuri.com.br\/claudio\/2008\/07\/29\/os-caldos-de-minha-vida\/","url_meta":{"origin":741,"position":5},"title":"Os caldos de minha vida &#8211; Adega da Velha","author":"claudio","date":"29\/jul\/2008","format":false,"excerpt":"Gostaria de compartilhar um pouco da minha experi\u00eancia butequeira adquirida aqui no RJ, cidade ber\u00e7o do botequim tradicional. J\u00e1 faz tempo que eu desejo me expressar em homenagem a esse \"templo\" do bem viver, mas para isto eu pretendo me dedicar com mais carinho em uma futura postagem, como se\u2026","rel":"","context":"Em &quot;'Baixa' Gastronomia&quot;","block_context":{"text":"'Baixa' Gastronomia","link":"https:\/\/yuri.com.br\/claudio\/category\/baixa-gastronomia\/"},"img":{"alt_text":"","src":"https:\/\/i0.wp.com\/yuri.com.br\/claudio\/wp-content\/uploads\/2008\/07\/wordpress_adega_caldinho.jpg?resize=350%2C200&ssl=1","width":350,"height":200},"classes":[]}],"_links":{"self":[{"href":"https:\/\/yuri.com.br\/claudio\/wp-json\/wp\/v2\/posts\/741","targetHints":{"allow":["GET"]}}],"collection":[{"href":"https:\/\/yuri.com.br\/claudio\/wp-json\/wp\/v2\/posts"}],"about":[{"href":"https:\/\/yuri.com.br\/claudio\/wp-json\/wp\/v2\/types\/post"}],"author":[{"embeddable":true,"href":"https:\/\/yuri.com.br\/claudio\/wp-json\/wp\/v2\/users\/2"}],"replies":[{"embeddable":true,"href":"https:\/\/yuri.com.br\/claudio\/wp-json\/wp\/v2\/comments?post=741"}],"version-history":[{"count":0,"href":"https:\/\/yuri.com.br\/claudio\/wp-json\/wp\/v2\/posts\/741\/revisions"}],"wp:featuredmedia":[{"embeddable":true,"href":"https:\/\/yuri.com.br\/claudio\/wp-json\/wp\/v2\/media\/742"}],"wp:attachment":[{"href":"https:\/\/yuri.com.br\/claudio\/wp-json\/wp\/v2\/media?parent=741"}],"wp:term":[{"taxonomy":"category","embeddable":true,"href":"https:\/\/yuri.com.br\/claudio\/wp-json\/wp\/v2\/categories?post=741"},{"taxonomy":"post_tag","embeddable":true,"href":"https:\/\/yuri.com.br\/claudio\/wp-json\/wp\/v2\/tags?post=741"}],"curies":[{"name":"wp","href":"https:\/\/api.w.org\/{rel}","templated":true}]}}