{"id":7374,"date":"2014-03-10T13:10:46","date_gmt":"2014-03-10T13:10:46","guid":{"rendered":"http:\/\/yuri.com.br\/claudio\/?p=7374"},"modified":"2014-03-14T22:35:22","modified_gmt":"2014-03-14T22:35:22","slug":"fofocas-nu-2","status":"publish","type":"post","link":"https:\/\/yuri.com.br\/claudio\/2014\/03\/10\/fofocas-nu-2\/","title":{"rendered":"Fofocas.nu"},"content":{"rendered":"<p>Esta bombou f\u00e1cil na net, mas vale muito ecoar por aqui tamb\u00e9m:<\/p>\n<p>&#8211; Mr. Ferragut derrubou um dos &#8220;mitos&#8221; de S\u00e3o Bento, o Navio Fantasma! Uma linha pura, coisa rara mesmo (sei o qu\u00e3o dif\u00edcil \u00e9 encontrar algo assim, sem mais nem menos, sem links, apenas o suficiente para tornar poss\u00edvel um n\u00edvel t\u00e3o extremo). Parab\u00e9ns demais ao Bet\u00e3o por nos mostrar que a evolu\u00e7\u00e3o n\u00e3o est\u00e1 no futuro, mas sim no dia que vc se compromete e resolve dar a cara pra bater. Me faz ver com otimismo todos os projetos antigos (e novos) da regi\u00e3o!<\/p>\n<p>*UPDATE: Felipinho, que j\u00e1 tinha o Navio de cor e salteado, veio e mandou com o novo beta. Viva la evoluci\u00f3n! E com essa eu encerro o post. Quem quiser mais fofoca, vai fu\u00e7ar o Facebook!<\/p>\n<p>E aproveito o tititi para lembrar:<\/p>\n<p>&#8211; No carnaval o Xit\u00e3o mandou a 3a. ascens\u00e3o do Medusa V12, mais uma belezura, esta voc\u00eas j\u00e1 ouviram falar bastante por aqui&#8230;<\/p>\n<p>&#8211; Carlera est\u00e1 de volta, entregando ao Monjolinho um merecido boulder de 2 d\u00edgitos, o Suvaqueira Cabeluda V11, uma extens\u00e3o \u00e0 primeira linha da cave, que percorre um teto dur\u00edssimo. As variantes poss\u00edveis por ali deixam o setor agora com um card\u00e1pio variado de projetos futuristas!<\/p>\n<p>&#8211; E ontem andaram presenciando o menino Davi (Itajub\u00e1) mandando a Bulls on Parade 9a nos Olhos. Idade do moleque? 12 aninhos.<\/p>\n<p>E a temporada nem come\u00e7ou ainda&#8230; vamo que vamo!<\/p>\n","protected":false},"excerpt":{"rendered":"<p>Esta bombou f\u00e1cil na net, mas vale muito ecoar por aqui tamb\u00e9m: &#8211; Mr. Ferragut derrubou um dos &#8220;mitos&#8221; de S\u00e3o Bento, o Navio Fantasma! Uma linha pura, coisa rara mesmo (sei o qu\u00e3o dif\u00edcil \u00e9 encontrar algo assim, sem mais nem menos, sem links, apenas o suficiente para tornar poss\u00edvel um n\u00edvel t\u00e3o extremo).&hellip;&nbsp;<a href=\"https:\/\/yuri.com.br\/claudio\/2014\/03\/10\/fofocas-nu-2\/\" rel=\"bookmark\">Continue a ler &raquo;<span class=\"screen-reader-text\">Fofocas.nu<\/span><\/a><\/p>\n","protected":false},"author":1,"featured_media":0,"comment_status":"open","ping_status":"open","sticky":false,"template":"","format":"standard","meta":{"neve_meta_sidebar":"","neve_meta_container":"","neve_meta_enable_content_width":"","neve_meta_content_width":0,"neve_meta_title_alignment":"","neve_meta_author_avatar":"","neve_post_elements_order":"","neve_meta_disable_header":"","neve_meta_disable_footer":"","neve_meta_disable_title":"","jetpack_post_was_ever_published":false,"_jetpack_newsletter_access":"","_jetpack_dont_email_post_to_subs":false,"_jetpack_newsletter_tier_id":0,"_jetpack_memberships_contains_paywalled_content":false,"_jetpack_memberships_contains_paid_content":false,"footnotes":"","jetpack_publicize_message":"","jetpack_publicize_feature_enabled":true,"jetpack_social_post_already_shared":true,"jetpack_social_options":{"image_generator_settings":{"template":"highway","default_image_id":0,"font":"","enabled":false},"version":2}},"categories":[3],"tags":[],"class_list":["post-7374","post","type-post","status-publish","format-standard","hentry","category-escalada"],"jetpack_publicize_connections":[],"jetpack_featured_media_url":"","jetpack_shortlink":"https:\/\/wp.me\/p4i7cB-1UW","jetpack_sharing_enabled":true,"jetpack-related-posts":[{"id":8164,"url":"https:\/\/yuri.com.br\/claudio\/2014\/08\/11\/p-rob-navio-fantasma\/","url_meta":{"origin":7374,"position":0},"title":"P.Rob @ Navio Fantasma","author":"Cl\u00e1udio Brisighello","date":"11\/ago\/2014","format":false,"excerpt":"\u00c9 sempre motivador quando algu\u00e9m de fora aparece e pira com as pedras aqui da regi\u00e3o. Fica o retrato-souvenir das 2 m\u00e1quinas: Paul Robinson tenta o Navio Fantasma V13, sob olhar atento do Facundo\u00a0Langbehn (com a cadena no bolso). Que continuem os trabalhos, vamo que vamo! Boa semana a todos...","rel":"","context":"Em &quot;Escalada&quot;","block_context":{"text":"Escalada","link":"https:\/\/yuri.com.br\/claudio\/category\/escalada\/"},"img":{"alt_text":"clique para ampliar","src":"https:\/\/i0.wp.com\/yuri.com.br\/claudio\/wp-content\/uploads\/2014\/07\/Aranha_Navio_PRob2.jpg?resize=350%2C200","width":350,"height":200,"srcset":"https:\/\/i0.wp.com\/yuri.com.br\/claudio\/wp-content\/uploads\/2014\/07\/Aranha_Navio_PRob2.jpg?resize=350%2C200 1x, https:\/\/i0.wp.com\/yuri.com.br\/claudio\/wp-content\/uploads\/2014\/07\/Aranha_Navio_PRob2.jpg?resize=525%2C300 1.5x, https:\/\/i0.wp.com\/yuri.com.br\/claudio\/wp-content\/uploads\/2014\/07\/Aranha_Navio_PRob2.jpg?resize=700%2C400 2x"},"classes":[]},{"id":5161,"url":"https:\/\/yuri.com.br\/claudio\/2013\/05\/19\/polvilho-power\/","url_meta":{"origin":7374,"position":1},"title":"Polvilho Power","author":"claudio","date":"19\/maio\/2013","format":false,"excerpt":"Com o setor Rubinho cheio neste s\u00e1bado ensolarado, acho que n\u00e3o preciso mais fazer propaganda... e quando mencionei acesso f\u00e1cil e escaladas para todos, aqui est\u00e1 mais uma prova, com o nosso vice-campe\u00e3o mundial de paraclimbing mandando o \"Polvilho Power\" (linha batizada por ele :-) ap\u00f3s v\u00e1rias tentativas... foi emocionante!\u2026","rel":"","context":"Em &quot;Escalada&quot;","block_context":{"text":"Escalada","link":"https:\/\/yuri.com.br\/claudio\/category\/escalada\/"},"img":{"alt_text":"","src":"https:\/\/i0.wp.com\/yuri.com.br\/claudio\/wp-content\/uploads\/2013\/05\/rubinho_nishimura.jpg?resize=350%2C200&ssl=1","width":350,"height":200,"srcset":"https:\/\/i0.wp.com\/yuri.com.br\/claudio\/wp-content\/uploads\/2013\/05\/rubinho_nishimura.jpg?resize=350%2C200&ssl=1 1x, https:\/\/i0.wp.com\/yuri.com.br\/claudio\/wp-content\/uploads\/2013\/05\/rubinho_nishimura.jpg?resize=525%2C300&ssl=1 1.5x, https:\/\/i0.wp.com\/yuri.com.br\/claudio\/wp-content\/uploads\/2013\/05\/rubinho_nishimura.jpg?resize=700%2C400&ssl=1 2x"},"classes":[]},{"id":4086,"url":"https:\/\/yuri.com.br\/claudio\/2012\/10\/02\/the-show-must-go-on\/","url_meta":{"origin":7374,"position":2},"title":"The show must go on&#8230;","author":"claudio","date":"2\/out\/2012","format":false,"excerpt":"E as novidades no Aranha n\u00e3o param... o \"card\u00e1pio\" do setor est\u00e1 cada vez mais completo! Ap\u00f3s alguns bons dias de empreitada nas \u00faltimas semanas, temos agora no \"menu\" um bloc\u00e3o de 45 graus, al\u00e9m de uma proa de compress\u00e3o perfeita. Recomendo!! Abaixo, Marcelo Balestero na sequ\u00eancia cruzada\/drop-knee do \"Mandar\u2026","rel":"","context":"Em &quot;Escalada&quot;","block_context":{"text":"Escalada","link":"https:\/\/yuri.com.br\/claudio\/category\/escalada\/"},"img":{"alt_text":"","src":"https:\/\/i0.wp.com\/yuri.com.br\/claudio\/wp-content\/uploads\/2012\/10\/aranha_mandaroumorrer_babaleia.jpg?resize=350%2C200","width":350,"height":200,"srcset":"https:\/\/i0.wp.com\/yuri.com.br\/claudio\/wp-content\/uploads\/2012\/10\/aranha_mandaroumorrer_babaleia.jpg?resize=350%2C200 1x, https:\/\/i0.wp.com\/yuri.com.br\/claudio\/wp-content\/uploads\/2012\/10\/aranha_mandaroumorrer_babaleia.jpg?resize=525%2C300 1.5x, https:\/\/i0.wp.com\/yuri.com.br\/claudio\/wp-content\/uploads\/2012\/10\/aranha_mandaroumorrer_babaleia.jpg?resize=700%2C400 2x"},"classes":[]},{"id":5609,"url":"https:\/\/yuri.com.br\/claudio\/2013\/08\/20\/medusa\/","url_meta":{"origin":7374,"position":3},"title":"Medusa&#8230;","author":"claudio","date":"20\/ago\/2013","format":false,"excerpt":"J\u00e1 que desta vez me propus a relatar o processo, aqui v\u00e3o uns frames da pancadaria: Babaleia, eu e Bel\u00ea quase chegando no final desse \"corredor polon\u00eas\". S\u00e3o 3 contra 1, agora sim a porteira est\u00e1 amea\u00e7ando abrir! Sem d\u00favidas trabalhar projetos em conjunto \u00e9 bem mais produtivo, ainda mais\u2026","rel":"","context":"Em &quot;Escalada&quot;","block_context":{"text":"Escalada","link":"https:\/\/yuri.com.br\/claudio\/category\/escalada\/"},"img":{"alt_text":"","src":"https:\/\/i0.wp.com\/yuri.com.br\/claudio\/wp-content\/uploads\/2013\/08\/medusa_crux.jpg?resize=350%2C200&ssl=1","width":350,"height":200,"srcset":"https:\/\/i0.wp.com\/yuri.com.br\/claudio\/wp-content\/uploads\/2013\/08\/medusa_crux.jpg?resize=350%2C200&ssl=1 1x, https:\/\/i0.wp.com\/yuri.com.br\/claudio\/wp-content\/uploads\/2013\/08\/medusa_crux.jpg?resize=525%2C300&ssl=1 1.5x, https:\/\/i0.wp.com\/yuri.com.br\/claudio\/wp-content\/uploads\/2013\/08\/medusa_crux.jpg?resize=700%2C400&ssl=1 2x"},"classes":[]},{"id":5255,"url":"https:\/\/yuri.com.br\/claudio\/2013\/06\/04\/pra-variar\/","url_meta":{"origin":7374,"position":4},"title":"Pra variar&#8230;","author":"claudio","date":"4\/jun\/2013","format":false,"excerpt":"Mais fotos do setor Rubinho: Edu Belis\u00e1rio mandando o cl\u00e1ssico Buracos (V4? Depende da sua estatura!), foto tirada no topo do projeto Medusa, com o bloco do Rollerblade acima e a galera sentada no bloco do Fontainebinho. D\u00e1 pra ter uma no\u00e7\u00e3o da proximidade entre os boulders. Camila Ferreira mandando\u2026","rel":"","context":"Em &quot;Escalada&quot;","block_context":{"text":"Escalada","link":"https:\/\/yuri.com.br\/claudio\/category\/escalada\/"},"img":{"alt_text":"","src":"https:\/\/i0.wp.com\/yuri.com.br\/claudio\/wp-content\/uploads\/2013\/06\/rubinho_edubelisario_buracos.jpg?resize=350%2C200&ssl=1","width":350,"height":200},"classes":[]},{"id":3270,"url":"https:\/\/yuri.com.br\/claudio\/2011\/12\/15\/vertigo\/","url_meta":{"origin":7374,"position":5},"title":"Vertigo","author":"claudio","date":"15\/dez\/2011","format":false,"excerpt":"Essa vai pra vc que t\u00e1 emburrado no trampo, naquele ritmo de fim de ano e n\u00e3o aguenta mais jogar paci\u00eancia. O joguinho n\u00e3o \u00e9 mto novo mas dos que eu j\u00e1 vi por a\u00ed afora, me pareceu o melhorzinho! Bem realista (na medida do poss\u00edvel) e ainda em desenvolvimento,\u2026","rel":"","context":"Em &quot;Escalada&quot;","block_context":{"text":"Escalada","link":"https:\/\/yuri.com.br\/claudio\/category\/escalada\/"},"img":{"alt_text":"","src":"https:\/\/i0.wp.com\/yuri.com.br\/claudio\/wp-content\/uploads\/2011\/12\/vertigo.gif?resize=350%2C200&ssl=1","width":350,"height":200,"srcset":"https:\/\/i0.wp.com\/yuri.com.br\/claudio\/wp-content\/uploads\/2011\/12\/vertigo.gif?resize=350%2C200&ssl=1 1x, https:\/\/i0.wp.com\/yuri.com.br\/claudio\/wp-content\/uploads\/2011\/12\/vertigo.gif?resize=525%2C300&ssl=1 1.5x"},"classes":[]}],"_links":{"self":[{"href":"https:\/\/yuri.com.br\/claudio\/wp-json\/wp\/v2\/posts\/7374","targetHints":{"allow":["GET"]}}],"collection":[{"href":"https:\/\/yuri.com.br\/claudio\/wp-json\/wp\/v2\/posts"}],"about":[{"href":"https:\/\/yuri.com.br\/claudio\/wp-json\/wp\/v2\/types\/post"}],"author":[{"embeddable":true,"href":"https:\/\/yuri.com.br\/claudio\/wp-json\/wp\/v2\/users\/1"}],"replies":[{"embeddable":true,"href":"https:\/\/yuri.com.br\/claudio\/wp-json\/wp\/v2\/comments?post=7374"}],"version-history":[{"count":11,"href":"https:\/\/yuri.com.br\/claudio\/wp-json\/wp\/v2\/posts\/7374\/revisions"}],"predecessor-version":[{"id":7412,"href":"https:\/\/yuri.com.br\/claudio\/wp-json\/wp\/v2\/posts\/7374\/revisions\/7412"}],"wp:attachment":[{"href":"https:\/\/yuri.com.br\/claudio\/wp-json\/wp\/v2\/media?parent=7374"}],"wp:term":[{"taxonomy":"category","embeddable":true,"href":"https:\/\/yuri.com.br\/claudio\/wp-json\/wp\/v2\/categories?post=7374"},{"taxonomy":"post_tag","embeddable":true,"href":"https:\/\/yuri.com.br\/claudio\/wp-json\/wp\/v2\/tags?post=7374"}],"curies":[{"name":"wp","href":"https:\/\/api.w.org\/{rel}","templated":true}]}}