{"id":736,"date":"2009-06-04T18:35:47","date_gmt":"2009-06-04T18:35:47","guid":{"rendered":"http:\/\/claudiobr.wordpress.com\/?p=736"},"modified":"2009-06-04T18:35:47","modified_gmt":"2009-06-04T18:35:47","slug":"back-home-2","status":"publish","type":"post","link":"https:\/\/yuri.com.br\/claudio\/2009\/06\/04\/back-home-2\/","title":{"rendered":"Back home"},"content":{"rendered":"<p>2 semanas em Sampa foram suficientes pra matar algumas boas saudades. Uma delas \u00e9 da <a href=\"http:\/\/noventagraus.com.br\" target=\"_blank\">90 Graus<\/a> e um monte de gente por l\u00e1. Colhi algumas fotos, e separei uma meio &#8220;espacial&#8221; aqui:<\/p>\n<p><a href=\"http:\/\/www.flickr.com\/photos\/cbrisighello\/3574373612\/\"><img loading=\"lazy\" decoding=\"async\" class=\"aligncenter\" title=\"Cesinha na 90\" src=\"http:\/\/farm4.static.flickr.com\/3312\/3574373612_5658eb08b7.jpg\" alt=\"\" width=\"500\" height=\"333\" \/><\/a><\/p>\n<p>Os coment\u00e1rios, desta vez, s\u00e3o da ilumina\u00e7\u00e3o.<br \/>\nTemos em uso o seguinte: 2 flashes Vivitar velhos adquiridos no ML e no eBay, + acionadores via r\u00e1dio achados na Sta. Efig\u00eania (vers\u00e3o &#8220;ching-ling&#8221; do Pocket Wizard) e um light-stand com sombrinha prateada\/branca, que localiza-se a ~2m de altura sobre a cabe\u00e7a do sujeito, enquanto o outro flash est\u00e1 na lateral direita inferior.<\/p>\n<p>O &#8220;modelo&#8221; <a href=\"http:\/\/cesargrosso.wordpress.com\" target=\"_blank\">Cesar Grosso<\/a> estava treinando para o\u00a0 <a href=\"http:\/\/www.casadepedra.com.br\/boulderfest\/\" target=\"_blank\">Boulderfest<\/a> que vai rolar neste pr\u00f3ximo fds, e veste a camiseta de seus apoiadores, que contribuiram para sua rifa super premiada. <a href=\"http:\/\/www.yuri.com.br\/loja\/rifa-mande-cesinha-mundial-p-115.html\" target=\"_blank\">Ainda d\u00e1 tempo de comprar a sua!<\/a> Por apenas 10 reais vc concorre, entre v\u00e1rias coisas, a uma mochila da Deuter que por si s\u00f3, j\u00e1 vale umas 500 pratas&#8230;<\/p>\n","protected":false},"excerpt":{"rendered":"<p>2 semanas em Sampa foram suficientes pra matar algumas boas saudades. Uma delas \u00e9 da 90 Graus e um monte de gente por l\u00e1. Colhi algumas fotos, e separei uma meio &#8220;espacial&#8221; aqui: Os coment\u00e1rios, desta vez, s\u00e3o da ilumina\u00e7\u00e3o. Temos em uso o seguinte: 2 flashes Vivitar velhos adquiridos no ML e no eBay,&hellip;&nbsp;<a href=\"https:\/\/yuri.com.br\/claudio\/2009\/06\/04\/back-home-2\/\" rel=\"bookmark\">Continue a ler &raquo;<span class=\"screen-reader-text\">Back home<\/span><\/a><\/p>\n","protected":false},"author":2,"featured_media":0,"comment_status":"open","ping_status":"open","sticky":false,"template":"","format":"standard","meta":{"neve_meta_sidebar":"","neve_meta_container":"","neve_meta_enable_content_width":"","neve_meta_content_width":0,"neve_meta_title_alignment":"","neve_meta_author_avatar":"","neve_post_elements_order":"","neve_meta_disable_header":"","neve_meta_disable_footer":"","neve_meta_disable_title":"","jetpack_post_was_ever_published":false,"_jetpack_newsletter_access":"","_jetpack_dont_email_post_to_subs":false,"_jetpack_newsletter_tier_id":0,"_jetpack_memberships_contains_paywalled_content":false,"_jetpack_memberships_contains_paid_content":false,"footnotes":"","jetpack_publicize_message":"","jetpack_publicize_feature_enabled":true,"jetpack_social_post_already_shared":false,"jetpack_social_options":{"image_generator_settings":{"template":"highway","default_image_id":0,"font":"","enabled":false},"version":2}},"categories":[3],"tags":[],"class_list":["post-736","post","type-post","status-publish","format-standard","hentry","category-escalada"],"jetpack_publicize_connections":[],"jetpack_featured_media_url":"","jetpack_shortlink":"https:\/\/wp.me\/p4i7cB-bS","jetpack_sharing_enabled":true,"jetpack-related-posts":[{"id":1236,"url":"https:\/\/yuri.com.br\/claudio\/2009\/12\/21\/o-retorno-das-fotos-comentadas\/","url_meta":{"origin":736,"position":0},"title":"O retorno das fotos comentadas","author":"claudio","date":"21\/dez\/2009","format":false,"excerpt":"N\u00e3o, ainda n\u00e3o desisti desta id\u00e9ia! Como houve algum retorno positivo, volto a compartilhar minhas experi\u00eancias fotogr\u00e1ficas. \u00c9 tudo uma quest\u00e3o de tempo para que eu possa escrever essas coisas... As duas imagens acima mostram o mesmo local (o cl\u00e1ssico bloco do Rala Peito na Urca, RJ), em circunst\u00e2ncias similares\u2026","rel":"","context":"Em &quot;Escalada&quot;","block_context":{"text":"Escalada","link":"https:\/\/yuri.com.br\/claudio\/category\/escalada\/"},"img":{"alt_text":"","src":"https:\/\/i0.wp.com\/farm3.static.flickr.com\/2577\/4088067628_1d7d7f2f57.jpg?resize=350%2C200","width":350,"height":200},"classes":[]},{"id":458,"url":"https:\/\/yuri.com.br\/claudio\/2009\/03\/19\/algumas-fotos-recentes-comentadas\/","url_meta":{"origin":736,"position":1},"title":"Algumas fotos recentes, comentadas","author":"claudio","date":"19\/mar\/2009","format":false,"excerpt":"Abaixo compartilho a concep\u00e7\u00e3o de algumas\u00a0fotos recentes: O bloco do \"Banana Amassada\" no Graja\u00fa\/RJ, fica no setor ao lado dos banheiros do parque, n\u00e3o exatamente o local mais bonito para uma foto. Fotografia \u00e9 luz, e ultimamente tenho experimentado a combina\u00e7\u00e3o de ilumina\u00e7\u00e3o artificial (flash) em plena luz do dia\u2026","rel":"","context":"Em &quot;Escalada&quot;","block_context":{"text":"Escalada","link":"https:\/\/yuri.com.br\/claudio\/category\/escalada\/"},"img":{"alt_text":"","src":"https:\/\/i0.wp.com\/farm4.static.flickr.com\/3585\/3320196043_a5fae6cc1e.jpg?resize=350%2C200","width":350,"height":200},"classes":[]},{"id":531,"url":"https:\/\/yuri.com.br\/claudio\/2009\/03\/27\/mais-fotos-comentadas\/","url_meta":{"origin":736,"position":2},"title":"Mais fotos comentadas","author":"claudio","date":"27\/mar\/2009","format":false,"excerpt":"Continuando com as fotos comentadas, ilustro abaixo mais 2 exemplos: (clique nas imagens para ampli\u00e1-las) Nesta foto o Cesinha est\u00e1 na 2a. de suas 3 entradas na via Coquetel de Energia, em um dia de *muita* chuva, ou seja, bem mais escuro do que j\u00e1 costuma ser no Campo Escola\u2026","rel":"","context":"Em &quot;Escalada&quot;","block_context":{"text":"Escalada","link":"https:\/\/yuri.com.br\/claudio\/category\/escalada\/"},"img":{"alt_text":"","src":"https:\/\/i0.wp.com\/farm4.static.flickr.com\/3004\/2797103658_64e24a0076_o.jpg?resize=350%2C200","width":350,"height":200},"classes":[]},{"id":946,"url":"https:\/\/yuri.com.br\/claudio\/2009\/08\/10\/limite-vertical-c-e-l-v\/","url_meta":{"origin":736,"position":3},"title":"Limite Vertical (C.E.L.V.)","author":"claudio","date":"10\/ago\/2009","format":false,"excerpt":"A Limite Vertical (C.E.L.V.) \u00e9 um tradicional reduto underground de escaladores aqui no RJ\/capital, onde vc pode treinar, arrumar parcerias ou simplesmente bater aquele bom papo \"et\u00edlico\" entre amigos. Uns dias atr\u00e1s o Naoki me pilhou pra fazer umas fotos por l\u00e1, ent\u00e3o na \u00faltima quinta-feira levei meus flashes e\u2026","rel":"","context":"Em &quot;Escalada&quot;","block_context":{"text":"Escalada","link":"https:\/\/yuri.com.br\/claudio\/category\/escalada\/"},"img":{"alt_text":"","src":"https:\/\/i0.wp.com\/farm3.static.flickr.com\/2576\/3808027430_07475e2319.jpg?resize=350%2C200","width":350,"height":200},"classes":[]},{"id":7649,"url":"https:\/\/yuri.com.br\/claudio\/2014\/05\/06\/rodrigo-nunes-batore-v9-rubinho\/","url_meta":{"origin":736,"position":4},"title":"Rodrigo Nunes @ Bator\u00e9 V9 (Rubinho)","author":"Cl\u00e1udio Brisighello","date":"6\/maio\/2014","format":false,"excerpt":"E o Rodrigo levou pra casa uma \"belezura\" l\u00e1 do Rubinho, o Bator\u00e9 V9. Uma coisa eu aprendi com essa cadena: quando as coisas parecem ruins, de repente tudo pode mudar e te surpreender... Essa perspectiva, que evidencia bem a inclina\u00e7\u00e3o da linha, \u00e9 dif\u00edcil de compor sem luz artificial.\u2026","rel":"","context":"Em &quot;Escalada&quot;","block_context":{"text":"Escalada","link":"https:\/\/yuri.com.br\/claudio\/category\/escalada\/"},"img":{"alt_text":"","src":"https:\/\/i0.wp.com\/yuri.com.br\/claudio\/wp-content\/uploads\/2013\/05\/Rubinho_Batore_RNunes.jpg?resize=350%2C200&ssl=1","width":350,"height":200,"srcset":"https:\/\/i0.wp.com\/yuri.com.br\/claudio\/wp-content\/uploads\/2013\/05\/Rubinho_Batore_RNunes.jpg?resize=350%2C200&ssl=1 1x, https:\/\/i0.wp.com\/yuri.com.br\/claudio\/wp-content\/uploads\/2013\/05\/Rubinho_Batore_RNunes.jpg?resize=525%2C300&ssl=1 1.5x, https:\/\/i0.wp.com\/yuri.com.br\/claudio\/wp-content\/uploads\/2013\/05\/Rubinho_Batore_RNunes.jpg?resize=700%2C400&ssl=1 2x, https:\/\/i0.wp.com\/yuri.com.br\/claudio\/wp-content\/uploads\/2013\/05\/Rubinho_Batore_RNunes.jpg?resize=1050%2C600&ssl=1 3x"},"classes":[]},{"id":1697,"url":"https:\/\/yuri.com.br\/claudio\/2010\/03\/09\/cachacas-do-sul\/","url_meta":{"origin":736,"position":5},"title":"Cacha\u00e7as do sul","author":"claudio","date":"9\/mar\/2010","format":false,"excerpt":"Uma pequena homenagem \u00e0s boas canas do sul do Brasil. Afinal n\u00e3o \u00e9 s\u00f3 Minas Gerais que produz uma boa cacha\u00e7a. Temos a famosa Armaz\u00e9m Vieira de Floripa, a Solar de Blumenau boa para se tomar geladinha, a Casa Bucco na serra ga\u00facha com a qual tive a alegria de\u2026","rel":"","context":"Em &quot;'Baixa' Gastronomia&quot;","block_context":{"text":"'Baixa' Gastronomia","link":"https:\/\/yuri.com.br\/claudio\/category\/baixa-gastronomia\/"},"img":{"alt_text":"","src":"https:\/\/i0.wp.com\/farm5.static.flickr.com\/4067\/4414004947_8486000423_o.jpg?resize=350%2C200","width":350,"height":200,"srcset":"https:\/\/i0.wp.com\/farm5.static.flickr.com\/4067\/4414004947_8486000423_o.jpg?resize=350%2C200 1x, https:\/\/i0.wp.com\/farm5.static.flickr.com\/4067\/4414004947_8486000423_o.jpg?resize=525%2C300 1.5x"},"classes":[]}],"_links":{"self":[{"href":"https:\/\/yuri.com.br\/claudio\/wp-json\/wp\/v2\/posts\/736","targetHints":{"allow":["GET"]}}],"collection":[{"href":"https:\/\/yuri.com.br\/claudio\/wp-json\/wp\/v2\/posts"}],"about":[{"href":"https:\/\/yuri.com.br\/claudio\/wp-json\/wp\/v2\/types\/post"}],"author":[{"embeddable":true,"href":"https:\/\/yuri.com.br\/claudio\/wp-json\/wp\/v2\/users\/2"}],"replies":[{"embeddable":true,"href":"https:\/\/yuri.com.br\/claudio\/wp-json\/wp\/v2\/comments?post=736"}],"version-history":[{"count":0,"href":"https:\/\/yuri.com.br\/claudio\/wp-json\/wp\/v2\/posts\/736\/revisions"}],"wp:attachment":[{"href":"https:\/\/yuri.com.br\/claudio\/wp-json\/wp\/v2\/media?parent=736"}],"wp:term":[{"taxonomy":"category","embeddable":true,"href":"https:\/\/yuri.com.br\/claudio\/wp-json\/wp\/v2\/categories?post=736"},{"taxonomy":"post_tag","embeddable":true,"href":"https:\/\/yuri.com.br\/claudio\/wp-json\/wp\/v2\/tags?post=736"}],"curies":[{"name":"wp","href":"https:\/\/api.w.org\/{rel}","templated":true}]}}