{"id":7344,"date":"2014-02-28T15:13:35","date_gmt":"2014-02-28T15:13:35","guid":{"rendered":"http:\/\/yuri.com.br\/claudio\/?p=7344"},"modified":"2014-02-28T15:13:35","modified_gmt":"2014-02-28T15:13:35","slug":"pitaias-do-rubinho","status":"publish","type":"post","link":"https:\/\/yuri.com.br\/claudio\/2014\/02\/28\/pitaias-do-rubinho\/","title":{"rendered":"Pitaias do Rubinho"},"content":{"rendered":"<p><a href=\"http:\/\/yuri.com.br\/claudio\/wp-content\/uploads\/2013\/05\/Pitaya_Flor.jpg\"><img decoding=\"async\" class=\"aligncenter\" alt=\"\" src=\"http:\/\/yuri.com.br\/claudio\/wp-content\/uploads\/2013\/05\/Pitaya_Flor.jpg\" width=\"700\" \/><\/a><\/p>\n<p>Quem diria que esse cactus espinhudo que tanto atrapalha os dom\u00ednios do Rubinho, rende uma flor t\u00e3o linda? E a ex\u00f3tica fruta, popularmente conhecida como <em>saborosa<\/em>? Nome mais que justo! Se n\u00e3o quiser pagar mais de <a href=\"http:\/\/come-se.blogspot.com.br\/2009\/05\/quanto-vale-uma-pitaia-ou-sorbet-de.html\" target=\"_blank\">R$100,00 o quilo<\/a>, corra pois ela s\u00f3 d\u00e1 no ver\u00e3o! Essas fotos s\u00e3o de l\u00e1.<\/p>\n<p><a href=\"http:\/\/yuri.com.br\/claudio\/wp-content\/uploads\/2013\/05\/Pitaya_Fruta.jpg\"><img decoding=\"async\" class=\"aligncenter\" alt=\"\" src=\"http:\/\/yuri.com.br\/claudio\/wp-content\/uploads\/2013\/05\/Pitaya_Fruta.jpg\" width=\"700\" \/><\/a><\/p>\n<p>Ali\u00e1s, t\u00e1 faltando um boulder no setor batizado em homenagem a esta &#8220;dili\u00e7a&#8221;. Projetos n\u00e3o faltam&#8230;<br \/>\nBom carnaval a todos! Desculpe o trocadilho infame mas, minha folia ser\u00e1 literalmente nos blocos!<br \/>\n(se o tempo deixar =)<\/p>\n","protected":false},"excerpt":{"rendered":"<p>Quem diria que esse cactus espinhudo que tanto atrapalha os dom\u00ednios do Rubinho, rende uma flor t\u00e3o linda? E a ex\u00f3tica fruta, popularmente conhecida como saborosa? Nome mais que justo! Se n\u00e3o quiser pagar mais de R$100,00 o quilo, corra pois ela s\u00f3 d\u00e1 no ver\u00e3o! Essas fotos s\u00e3o de l\u00e1. Ali\u00e1s, t\u00e1 faltando um&hellip;&nbsp;<a href=\"https:\/\/yuri.com.br\/claudio\/2014\/02\/28\/pitaias-do-rubinho\/\" rel=\"bookmark\">Continue a ler &raquo;<span class=\"screen-reader-text\">Pitaias do Rubinho<\/span><\/a><\/p>\n","protected":false},"author":1,"featured_media":7358,"comment_status":"open","ping_status":"open","sticky":false,"template":"","format":"standard","meta":{"neve_meta_sidebar":"","neve_meta_container":"","neve_meta_enable_content_width":"","neve_meta_content_width":0,"neve_meta_title_alignment":"","neve_meta_author_avatar":"","neve_post_elements_order":"","neve_meta_disable_header":"","neve_meta_disable_footer":"","neve_meta_disable_title":"","jetpack_post_was_ever_published":false,"_jetpack_newsletter_access":"","_jetpack_dont_email_post_to_subs":false,"_jetpack_newsletter_tier_id":0,"_jetpack_memberships_contains_paywalled_content":false,"_jetpack_memberships_contains_paid_content":false,"footnotes":"","jetpack_publicize_message":"","jetpack_publicize_feature_enabled":true,"jetpack_social_post_already_shared":true,"jetpack_social_options":{"image_generator_settings":{"template":"highway","default_image_id":0,"font":"","enabled":false},"version":2}},"categories":[3,5],"tags":[],"class_list":["post-7344","post","type-post","status-publish","format-standard","has-post-thumbnail","hentry","category-escalada","category-outros"],"jetpack_publicize_connections":[],"jetpack_featured_media_url":"https:\/\/yuri.com.br\/claudio\/wp-content\/uploads\/2014\/02\/Pitaya_thumb.jpg","jetpack_shortlink":"https:\/\/wp.me\/p4i7cB-1Us","jetpack_sharing_enabled":true,"jetpack-related-posts":[{"id":4897,"url":"https:\/\/yuri.com.br\/claudio\/2013\/04\/29\/rubinho-2\/","url_meta":{"origin":7344,"position":0},"title":"Rubinho!","author":"claudio","date":"29\/abr\/2013","format":false,"excerpt":"Faltou a Lia Sati no \u00faltimo post, mas ontem ela estava de volta l\u00e1 no Rubinho e pude registrar a cadena de seu 1\u00ba boulder! Alegria geral ao ver uma crian\u00e7a subir um bloco desses, rec\u00e9m limpo, com esse sorriso no rosto... Aproveito para deixar mais uma amostra, desta vez\u2026","rel":"","context":"Em &quot;Escalada&quot;","block_context":{"text":"Escalada","link":"https:\/\/yuri.com.br\/claudio\/category\/escalada\/"},"img":{"alt_text":"","src":"https:\/\/i0.wp.com\/yuri.com.br\/claudio\/wp-content\/uploads\/2013\/04\/rubinho_liasati.jpg?resize=350%2C200&ssl=1","width":350,"height":200,"srcset":"https:\/\/i0.wp.com\/yuri.com.br\/claudio\/wp-content\/uploads\/2013\/04\/rubinho_liasati.jpg?resize=350%2C200&ssl=1 1x, https:\/\/i0.wp.com\/yuri.com.br\/claudio\/wp-content\/uploads\/2013\/04\/rubinho_liasati.jpg?resize=525%2C300&ssl=1 1.5x, https:\/\/i0.wp.com\/yuri.com.br\/claudio\/wp-content\/uploads\/2013\/04\/rubinho_liasati.jpg?resize=700%2C400&ssl=1 2x"},"classes":[]},{"id":7649,"url":"https:\/\/yuri.com.br\/claudio\/2014\/05\/06\/rodrigo-nunes-batore-v9-rubinho\/","url_meta":{"origin":7344,"position":1},"title":"Rodrigo Nunes @ Bator\u00e9 V9 (Rubinho)","author":"Cl\u00e1udio Brisighello","date":"6\/maio\/2014","format":false,"excerpt":"E o Rodrigo levou pra casa uma \"belezura\" l\u00e1 do Rubinho, o Bator\u00e9 V9. Uma coisa eu aprendi com essa cadena: quando as coisas parecem ruins, de repente tudo pode mudar e te surpreender... Essa perspectiva, que evidencia bem a inclina\u00e7\u00e3o da linha, \u00e9 dif\u00edcil de compor sem luz artificial.\u2026","rel":"","context":"Em &quot;Escalada&quot;","block_context":{"text":"Escalada","link":"https:\/\/yuri.com.br\/claudio\/category\/escalada\/"},"img":{"alt_text":"","src":"https:\/\/i0.wp.com\/yuri.com.br\/claudio\/wp-content\/uploads\/2013\/05\/Rubinho_Batore_RNunes.jpg?resize=350%2C200&ssl=1","width":350,"height":200,"srcset":"https:\/\/i0.wp.com\/yuri.com.br\/claudio\/wp-content\/uploads\/2013\/05\/Rubinho_Batore_RNunes.jpg?resize=350%2C200&ssl=1 1x, https:\/\/i0.wp.com\/yuri.com.br\/claudio\/wp-content\/uploads\/2013\/05\/Rubinho_Batore_RNunes.jpg?resize=525%2C300&ssl=1 1.5x, https:\/\/i0.wp.com\/yuri.com.br\/claudio\/wp-content\/uploads\/2013\/05\/Rubinho_Batore_RNunes.jpg?resize=700%2C400&ssl=1 2x, https:\/\/i0.wp.com\/yuri.com.br\/claudio\/wp-content\/uploads\/2013\/05\/Rubinho_Batore_RNunes.jpg?resize=1050%2C600&ssl=1 3x"},"classes":[]},{"id":4868,"url":"https:\/\/yuri.com.br\/claudio\/2013\/04\/22\/rubinho\/","url_meta":{"origin":7344,"position":2},"title":"Rubinho?","author":"claudio","date":"22\/abr\/2013","format":false,"excerpt":"*Atualiza\u00e7\u00e3o: esta linha foi batizada em homenagem ao grande escalador e pessoa F\u00e1bio Muniz, que faleceu este ano em (mais) um acidente de bicicleta no RJ. Desde ent\u00e3o vinha procurando uma linha nova que merecesse a refer\u00eancia, essa da\u00ed possui movimenta\u00e7\u00e3o bem t\u00e9cnica, aqueles drop-knees caracter\u00edsticos dele... e um final\u2026","rel":"","context":"Em &quot;Escalada&quot;","block_context":{"text":"Escalada","link":"https:\/\/yuri.com.br\/claudio\/category\/escalada\/"},"img":{"alt_text":"","src":"https:\/\/i0.wp.com\/yuri.com.br\/claudio\/wp-content\/uploads\/2013\/04\/rubinho_babaleia_blocosuper.jpg?resize=350%2C200&ssl=1","width":350,"height":200,"srcset":"https:\/\/i0.wp.com\/yuri.com.br\/claudio\/wp-content\/uploads\/2013\/04\/rubinho_babaleia_blocosuper.jpg?resize=350%2C200&ssl=1 1x, https:\/\/i0.wp.com\/yuri.com.br\/claudio\/wp-content\/uploads\/2013\/04\/rubinho_babaleia_blocosuper.jpg?resize=525%2C300&ssl=1 1.5x, https:\/\/i0.wp.com\/yuri.com.br\/claudio\/wp-content\/uploads\/2013\/04\/rubinho_babaleia_blocosuper.jpg?resize=700%2C400&ssl=1 2x"},"classes":[]},{"id":5404,"url":"https:\/\/yuri.com.br\/claudio\/2013\/07\/09\/oportunidade-nao-nega-desaforo-v2-rubinho\/","url_meta":{"origin":7344,"position":3},"title":"Oportunidade n\u00e3o nega desaforo V2 @ Rubinho","author":"claudio","date":"9\/jul\/2013","format":false,"excerpt":"Mais uma \"family session\" no Rubinho, com mais uma nova linha: Goro encadenando com um estiloso p\u00e9 na m\u00e3o...","rel":"","context":"Em &quot;Escalada&quot;","block_context":{"text":"Escalada","link":"https:\/\/yuri.com.br\/claudio\/category\/escalada\/"},"img":{"alt_text":"","src":"https:\/\/i0.wp.com\/yuri.com.br\/claudio\/wp-content\/uploads\/2013\/07\/rubinho_oportunidade_goro.jpg?resize=350%2C200&ssl=1","width":350,"height":200,"srcset":"https:\/\/i0.wp.com\/yuri.com.br\/claudio\/wp-content\/uploads\/2013\/07\/rubinho_oportunidade_goro.jpg?resize=350%2C200&ssl=1 1x, https:\/\/i0.wp.com\/yuri.com.br\/claudio\/wp-content\/uploads\/2013\/07\/rubinho_oportunidade_goro.jpg?resize=525%2C300&ssl=1 1.5x, https:\/\/i0.wp.com\/yuri.com.br\/claudio\/wp-content\/uploads\/2013\/07\/rubinho_oportunidade_goro.jpg?resize=700%2C400&ssl=1 2x"},"classes":[]},{"id":5801,"url":"https:\/\/yuri.com.br\/claudio\/2013\/09\/25\/primavera-arabe-rubinho\/","url_meta":{"origin":7344,"position":4},"title":"Primavera \u00c1rabe @ Rubinho","author":"claudio","date":"25\/set\/2013","format":false,"excerpt":"Essa linha pode n\u00e3o parecer t\u00e3o bonita \u00e0 primeira vista, ent\u00e3o aqui vai uma foto pra embelezar um pouco o neg\u00f3cio: Yuri no Primavera \u00c1rabe V5 no Rubinho, corra porque os abaolados do crux est\u00e3o ficando cada vez piores conforme acaba a temporada... e os regletinhos do final est\u00e3o sumindo.\u2026","rel":"","context":"Em &quot;Escalada&quot;","block_context":{"text":"Escalada","link":"https:\/\/yuri.com.br\/claudio\/category\/escalada\/"},"img":{"alt_text":"","src":"https:\/\/i0.wp.com\/yuri.com.br\/claudio\/wp-content\/uploads\/2013\/09\/rubinho_primaveraarabe_yuri.jpg?resize=350%2C200&ssl=1","width":350,"height":200,"srcset":"https:\/\/i0.wp.com\/yuri.com.br\/claudio\/wp-content\/uploads\/2013\/09\/rubinho_primaveraarabe_yuri.jpg?resize=350%2C200&ssl=1 1x, https:\/\/i0.wp.com\/yuri.com.br\/claudio\/wp-content\/uploads\/2013\/09\/rubinho_primaveraarabe_yuri.jpg?resize=525%2C300&ssl=1 1.5x, https:\/\/i0.wp.com\/yuri.com.br\/claudio\/wp-content\/uploads\/2013\/09\/rubinho_primaveraarabe_yuri.jpg?resize=700%2C400&ssl=1 2x"},"classes":[]},{"id":5467,"url":"https:\/\/yuri.com.br\/claudio\/2013\/07\/22\/cassoulet-paraibano-rubinho\/","url_meta":{"origin":7344,"position":5},"title":"Cassoulet Paraibano @ Rubinho","author":"claudio","date":"22\/jul\/2013","format":false,"excerpt":"Beto Ferragut tenta o explosivo Cassoulet Paraibano, no Rubinho, a 1\u00aa linha da categoria \"hard\" por l\u00e1. E por pouco ela n\u00e3o existiria: sempre admirava essa face negativa no bloco do Fontainebinho, com uma agarra perfeita de sa\u00edda na m\u00e3o direita, por\u00e9m muito ruim para sequer tirar a bunda do\u2026","rel":"","context":"Em &quot;Escalada&quot;","block_context":{"text":"Escalada","link":"https:\/\/yuri.com.br\/claudio\/category\/escalada\/"},"img":{"alt_text":"","src":"","width":0,"height":0},"classes":[]}],"_links":{"self":[{"href":"https:\/\/yuri.com.br\/claudio\/wp-json\/wp\/v2\/posts\/7344","targetHints":{"allow":["GET"]}}],"collection":[{"href":"https:\/\/yuri.com.br\/claudio\/wp-json\/wp\/v2\/posts"}],"about":[{"href":"https:\/\/yuri.com.br\/claudio\/wp-json\/wp\/v2\/types\/post"}],"author":[{"embeddable":true,"href":"https:\/\/yuri.com.br\/claudio\/wp-json\/wp\/v2\/users\/1"}],"replies":[{"embeddable":true,"href":"https:\/\/yuri.com.br\/claudio\/wp-json\/wp\/v2\/comments?post=7344"}],"version-history":[{"count":13,"href":"https:\/\/yuri.com.br\/claudio\/wp-json\/wp\/v2\/posts\/7344\/revisions"}],"predecessor-version":[{"id":7361,"href":"https:\/\/yuri.com.br\/claudio\/wp-json\/wp\/v2\/posts\/7344\/revisions\/7361"}],"wp:featuredmedia":[{"embeddable":true,"href":"https:\/\/yuri.com.br\/claudio\/wp-json\/wp\/v2\/media\/7358"}],"wp:attachment":[{"href":"https:\/\/yuri.com.br\/claudio\/wp-json\/wp\/v2\/media?parent=7344"}],"wp:term":[{"taxonomy":"category","embeddable":true,"href":"https:\/\/yuri.com.br\/claudio\/wp-json\/wp\/v2\/categories?post=7344"},{"taxonomy":"post_tag","embeddable":true,"href":"https:\/\/yuri.com.br\/claudio\/wp-json\/wp\/v2\/tags?post=7344"}],"curies":[{"name":"wp","href":"https:\/\/api.w.org\/{rel}","templated":true}]}}