{"id":7281,"date":"2014-02-13T12:35:32","date_gmt":"2014-02-13T12:35:32","guid":{"rendered":"http:\/\/yuri.com.br\/claudio\/?p=7281"},"modified":"2014-02-13T15:07:57","modified_gmt":"2014-02-13T15:07:57","slug":"video-bala-na-agulha-revival-pos-quebra","status":"publish","type":"post","link":"https:\/\/yuri.com.br\/claudio\/2014\/02\/13\/video-bala-na-agulha-revival-pos-quebra\/","title":{"rendered":"V\u00eddeo: Bala na Agulha REVIVAL (p\u00f3s-quebra)"},"content":{"rendered":"<p>Domingo passado fiz uma visita cedinho no <strong>Aranha<\/strong> &#8211; \u00fanico hor\u00e1rio diurno vi\u00e1vel nesse tempo &#8211; para finalmente provar o <strong>Bala na Agulha<\/strong> ap\u00f3s a restaura\u00e7\u00e3o (perfeita, diga-se de passagem) que o Bel\u00ea fez no que sobrou das agarras ali (leia mais a respeito <a href=\"http:\/\/sumbaboulder.blogspot.com.br\/2012\/11\/setor-aranha.html\" target=\"_blank\">aqui<\/a>). Se n\u00e3o me engano, al\u00e9m dele j\u00e1 havia rolado session por ali com o Ferragut e o Ad\u00e9bas-sangue-no-z\u00f3io, que agora deve sua vida ao Babaleia-master-seg. Portanto, a minha expectativa era de um trecho inicial bem mais complicado&#8230;<\/p>\n<p><!-- vimeo error: not a vimeo video --><br \/>\n&nbsp;<br \/>\nPara quem n\u00e3o conhece a linha, uma legenda: o final \u00e9 f\u00e1cil, por\u00e9m adrenante devido \u00e0 altura e estilo de movimenta\u00e7\u00e3o (p\u00e9 na altura das m\u00e3os, equil\u00edbrio em aresta, abrindo a porta). Aparentemente, o Ad\u00e9bas foi o primeiro sujeito a voar l\u00e1 de cima. Crian\u00e7as, n\u00e3o fa\u00e7am isso em casa! :-)<\/p>\n<p>Enfim, me encaixei na parte nova e tive a honra de reinaugurar o cl\u00e1ssico, cujo grau eu nunca sei direito, me disseram que \u00e9 pelo menos V10 (s\u00f3 sei que \u00e9 5 estrelas). Mas independente da cadena, este relato tem um gostinho mais valoroso: a &#8220;classiquez&#8221; hist\u00f3rica da linha fazem deste <em>revival<\/em> um desfecho simb\u00f3lico do epis\u00f3dio de 2012. Fui profundamente impactado pois investi bastante no setor naquele ano. Aquela frase &#8220;o tempo \u00e9 o melhor rem\u00e9dio&#8221; se aplica perfeitamente aqui, n\u00e3o por quest\u00e3o de esquecimento e apatia mas sim por demonstrar que os progressos movidos \u00e0 boas energias perduram acima de qualquer mar\u00e9: al\u00e9m da mobiliza\u00e7\u00e3o exemplar da comunidade na ocasi\u00e3o, pelo menos uma centena de novas linhas surgiu na regi\u00e3o nestes 2 anos que se passaram, a visita\u00e7\u00e3o ao setor Aranha foi melhor dilu\u00edda com o desenvolvimento de outros points e, agora com a recupera\u00e7\u00e3o deste peda\u00e7o de pedra-cart\u00e3o-postal, vendo a satisfa\u00e7\u00e3o da galera ao comemorar a &#8220;volta do Bala&#8221;, a sensa\u00e7\u00e3o \u00e9 de passado (tempo) passado (verbo) a limpo. <\/p>\n<div data-carousel-extra='{&quot;blog_id&quot;:1,&quot;permalink&quot;:&quot;https:\/\/yuri.com.br\/claudio\/2014\/02\/13\/video-bala-na-agulha-revival-pos-quebra\/&quot;}' id='gallery-1' class='gallery galleryid-7281 gallery-columns-3 gallery-size-thumbnail'><figure class='gallery-item'>\n\t\t\t<div class='gallery-icon landscape'>\n\t\t\t\t<a href='https:\/\/yuri.com.br\/claudio\/wp-content\/uploads\/2013\/05\/thais_climbing2.jpg'><img loading=\"lazy\" decoding=\"async\" width=\"150\" height=\"150\" src=\"https:\/\/yuri.com.br\/claudio\/wp-content\/uploads\/2013\/05\/thais_climbing2-150x150.jpg\" class=\"attachment-thumbnail size-thumbnail\" alt=\"\" aria-describedby=\"gallery-1-5068\" data-attachment-id=\"5068\" data-permalink=\"https:\/\/yuri.com.br\/claudio\/rock-climbing\/thais_climbing2\/\" data-orig-file=\"https:\/\/yuri.com.br\/claudio\/wp-content\/uploads\/2013\/05\/thais_climbing2.jpg\" data-orig-size=\"900,506\" data-comments-opened=\"1\" data-image-meta=\"{&quot;aperture&quot;:&quot;8&quot;,&quot;credit&quot;:&quot;Claudio Brighello&quot;,&quot;camera&quot;:&quot;Canon EOS 7D&quot;,&quot;caption&quot;:&quot;&quot;,&quot;created_timestamp&quot;:&quot;1345310892&quot;,&quot;copyright&quot;:&quot;&quot;,&quot;focal_length&quot;:&quot;10&quot;,&quot;iso&quot;:&quot;320&quot;,&quot;shutter_speed&quot;:&quot;0.003125&quot;,&quot;title&quot;:&quot;&quot;}\" data-image-title=\"Thais Makino @ Bala na Agulha (Aranha)\" data-image-description=\"\" data-image-caption=\"&lt;p&gt;Thais Makino @ Bala na Agulha (Aranha)&lt;\/p&gt;\n\" data-medium-file=\"https:\/\/yuri.com.br\/claudio\/wp-content\/uploads\/2013\/05\/thais_climbing2-300x168.jpg\" data-large-file=\"https:\/\/yuri.com.br\/claudio\/wp-content\/uploads\/2013\/05\/thais_climbing2.jpg\" \/><\/a>\n\t\t\t<\/div>\n\t\t\t\t<figcaption class='wp-caption-text gallery-caption' id='gallery-1-5068'>\n\t\t\t\tThais Makino @ Bala na Agulha (Aranha)\n\t\t\t\t<\/figcaption><\/figure><figure class='gallery-item'>\n\t\t\t<div class='gallery-icon landscape'>\n\t\t\t\t<a href='https:\/\/yuri.com.br\/claudio\/wp-content\/uploads\/2013\/05\/thais_climbing3.jpg'><img loading=\"lazy\" decoding=\"async\" width=\"150\" height=\"150\" src=\"https:\/\/yuri.com.br\/claudio\/wp-content\/uploads\/2013\/05\/thais_climbing3-150x150.jpg\" class=\"attachment-thumbnail size-thumbnail\" alt=\"\" aria-describedby=\"gallery-1-5080\" data-attachment-id=\"5080\" data-permalink=\"https:\/\/yuri.com.br\/claudio\/rock-climbing\/thais_climbing3\/\" data-orig-file=\"https:\/\/yuri.com.br\/claudio\/wp-content\/uploads\/2013\/05\/thais_climbing3.jpg\" data-orig-size=\"900,600\" data-comments-opened=\"1\" data-image-meta=\"{&quot;aperture&quot;:&quot;4&quot;,&quot;credit&quot;:&quot;Claudio Brighello&quot;,&quot;camera&quot;:&quot;Canon EOS 7D&quot;,&quot;caption&quot;:&quot;&quot;,&quot;created_timestamp&quot;:&quot;1345310445&quot;,&quot;copyright&quot;:&quot;&quot;,&quot;focal_length&quot;:&quot;10&quot;,&quot;iso&quot;:&quot;320&quot;,&quot;shutter_speed&quot;:&quot;0.004&quot;,&quot;title&quot;:&quot;&quot;}\" data-image-title=\"Thais Makino @ Bala na Agulha (Aranha)\" data-image-description=\"\" data-image-caption=\"&lt;p&gt;Thais Makino @ Bala na Agulha (Aranha)&lt;\/p&gt;\n\" data-medium-file=\"https:\/\/yuri.com.br\/claudio\/wp-content\/uploads\/2013\/05\/thais_climbing3-300x200.jpg\" data-large-file=\"https:\/\/yuri.com.br\/claudio\/wp-content\/uploads\/2013\/05\/thais_climbing3.jpg\" \/><\/a>\n\t\t\t<\/div>\n\t\t\t\t<figcaption class='wp-caption-text gallery-caption' id='gallery-1-5080'>\n\t\t\t\tThais Makino @ Bala na Agulha (Aranha)\n\t\t\t\t<\/figcaption><\/figure><figure class='gallery-item'>\n\t\t\t<div class='gallery-icon landscape'>\n\t\t\t\t<a href='https:\/\/yuri.com.br\/claudio\/wp-content\/uploads\/2014\/02\/Thais_Climbing4.jpg'><img loading=\"lazy\" decoding=\"async\" width=\"150\" height=\"84\" src=\"https:\/\/yuri.com.br\/claudio\/wp-content\/uploads\/2014\/02\/Thais_Climbing4-150x84.jpg\" class=\"attachment-thumbnail size-thumbnail\" alt=\"\" aria-describedby=\"gallery-1-7282\" srcset=\"https:\/\/yuri.com.br\/claudio\/wp-content\/uploads\/2014\/02\/Thais_Climbing4-150x84.jpg 150w, https:\/\/yuri.com.br\/claudio\/wp-content\/uploads\/2014\/02\/Thais_Climbing4-300x168.jpg 300w, https:\/\/yuri.com.br\/claudio\/wp-content\/uploads\/2014\/02\/Thais_Climbing4-695x390.jpg 695w, https:\/\/yuri.com.br\/claudio\/wp-content\/uploads\/2014\/02\/Thais_Climbing4.jpg 900w\" sizes=\"auto, (max-width: 150px) 100vw, 150px\" data-attachment-id=\"7282\" data-permalink=\"https:\/\/yuri.com.br\/claudio\/2014\/02\/13\/video-bala-na-agulha-revival-pos-quebra\/thais_climbing4\/\" data-orig-file=\"https:\/\/yuri.com.br\/claudio\/wp-content\/uploads\/2014\/02\/Thais_Climbing4.jpg\" data-orig-size=\"900,506\" data-comments-opened=\"1\" data-image-meta=\"{&quot;aperture&quot;:&quot;7.1&quot;,&quot;credit&quot;:&quot;Claudio Brighello&quot;,&quot;camera&quot;:&quot;Canon EOS 7D&quot;,&quot;caption&quot;:&quot;&quot;,&quot;created_timestamp&quot;:&quot;1345309888&quot;,&quot;copyright&quot;:&quot;&quot;,&quot;focal_length&quot;:&quot;10&quot;,&quot;iso&quot;:&quot;125&quot;,&quot;shutter_speed&quot;:&quot;0.005&quot;,&quot;title&quot;:&quot;&quot;}\" data-image-title=\"Thais Makino @ Bala na Agulha (Aranha)\" data-image-description=\"\" data-image-caption=\"&lt;p&gt;Thais Makino @ Bala na Agulha (Aranha)&lt;\/p&gt;\n\" data-medium-file=\"https:\/\/yuri.com.br\/claudio\/wp-content\/uploads\/2014\/02\/Thais_Climbing4-300x168.jpg\" data-large-file=\"https:\/\/yuri.com.br\/claudio\/wp-content\/uploads\/2014\/02\/Thais_Climbing4.jpg\" \/><\/a>\n\t\t\t<\/div>\n\t\t\t\t<figcaption class='wp-caption-text gallery-caption' id='gallery-1-7282'>\n\t\t\t\tThais Makino @ Bala na Agulha (Aranha)\n\t\t\t\t<\/figcaption><\/figure>\n\t\t<\/div>\n\n<h6 style=\"text-align: right;\"> Thais Makino no &#8220;antigo&#8221; Bala, agora reativado. Continua LINDO!<\/h6>\n<p>Como diria <del>Che Guevara<\/del> Bernd Zangerl, VIVA LA EVOLUTION!!<\/p>\n<p>obs.: aproveitei e fui at\u00e9 o desplomado Mist\u00e9rio da Alavanca conferir o que restou dele ap\u00f3s a quebra (esta acidental) de agarra. Aviso que colei o que restou (obrigado pela doa\u00e7\u00e3o de Sika ao Jo\u00e3o Ricardo &#038; cia) e a belezura est\u00e1 apta a novos apertos. J\u00e1 adianto que deve ter ficado HARD!<\/p>\n","protected":false},"excerpt":{"rendered":"<p>Domingo passado fiz uma visita cedinho no Aranha &#8211; \u00fanico hor\u00e1rio diurno vi\u00e1vel nesse tempo &#8211; para finalmente provar o Bala na Agulha ap\u00f3s a restaura\u00e7\u00e3o (perfeita, diga-se de passagem) que o Bel\u00ea fez no que sobrou das agarras ali (leia mais a respeito aqui). Se n\u00e3o me engano, al\u00e9m dele j\u00e1 havia rolado session&hellip;&nbsp;<a href=\"https:\/\/yuri.com.br\/claudio\/2014\/02\/13\/video-bala-na-agulha-revival-pos-quebra\/\" rel=\"bookmark\">Continue a ler &raquo;<span class=\"screen-reader-text\">V\u00eddeo: Bala na Agulha REVIVAL (p\u00f3s-quebra)<\/span><\/a><\/p>\n","protected":false},"author":1,"featured_media":7282,"comment_status":"open","ping_status":"open","sticky":false,"template":"","format":"standard","meta":{"neve_meta_sidebar":"","neve_meta_container":"","neve_meta_enable_content_width":"","neve_meta_content_width":0,"neve_meta_title_alignment":"","neve_meta_author_avatar":"","neve_post_elements_order":"","neve_meta_disable_header":"","neve_meta_disable_footer":"","neve_meta_disable_title":"","jetpack_post_was_ever_published":false,"_jetpack_newsletter_access":"","_jetpack_dont_email_post_to_subs":false,"_jetpack_newsletter_tier_id":0,"_jetpack_memberships_contains_paywalled_content":false,"_jetpack_memberships_contains_paid_content":false,"footnotes":"","jetpack_publicize_message":"","jetpack_publicize_feature_enabled":true,"jetpack_social_post_already_shared":true,"jetpack_social_options":{"image_generator_settings":{"template":"highway","default_image_id":0,"font":"","enabled":false},"version":2}},"categories":[3],"tags":[],"class_list":["post-7281","post","type-post","status-publish","format-standard","has-post-thumbnail","hentry","category-escalada"],"jetpack_publicize_connections":[],"jetpack_featured_media_url":"https:\/\/yuri.com.br\/claudio\/wp-content\/uploads\/2014\/02\/Thais_Climbing4.jpg","jetpack_shortlink":"https:\/\/wp.me\/p4i7cB-1Tr","jetpack_sharing_enabled":true,"jetpack-related-posts":[{"id":3779,"url":"https:\/\/yuri.com.br\/claudio\/2012\/07\/01\/vimeo-awards-2012\/","url_meta":{"origin":7281,"position":0},"title":"Vimeo Awards 2012","author":"claudio","date":"1\/jul\/2012","format":false,"excerpt":"Vale a pena conferir todos os v\u00eddeos do festival anual \"Vimeo Awards\" que rolou recentemente. Inspira\u00e7\u00e3o \u00e9 o que n\u00e3o falta... aqui vai um bel\u00edssimo curta, da categoria action\/sports (teve at\u00e9 de escalada entre os finalistas).","rel":"","context":"Em &quot;Outros&quot;","block_context":{"text":"Outros","link":"https:\/\/yuri.com.br\/claudio\/category\/outros\/"},"img":{"alt_text":"","src":"","width":0,"height":0},"classes":[]},{"id":7864,"url":"https:\/\/yuri.com.br\/claudio\/2014\/06\/30\/video-cruzeiro-ep-1\/","url_meta":{"origin":7281,"position":1},"title":"V\u00eddeo: Cruzeiro Ep.1","author":"Cl\u00e1udio Brisighello","date":"30\/jun\/2014","format":false,"excerpt":"Pra motivar o in\u00edcio deste t\u00e3o esperado inverno, aguardem por uma sequ\u00eancia de videozinhos do setor Cruzeiro! Aqui vai a primeira amostra com o \"epis\u00f3dio 1\" da s\u00e9rie, aumentem o volume... Pra quem n\u00e3o viu, n\u00e3o deixem de conferir uns betas importantes no blog do SumbaBoulder. Outra dica, que vale\u2026","rel":"","context":"Em &quot;Escalada&quot;","block_context":{"text":"Escalada","link":"https:\/\/yuri.com.br\/claudio\/category\/escalada\/"},"img":{"alt_text":"Vimeo","src":"https:\/\/i0.wp.com\/yuri.com.br\/claudio\/wp-content\/uploads\/2014\/06\/Vimeo1.jpg?resize=350%2C200","width":350,"height":200,"srcset":"https:\/\/i0.wp.com\/yuri.com.br\/claudio\/wp-content\/uploads\/2014\/06\/Vimeo1.jpg?resize=350%2C200 1x, https:\/\/i0.wp.com\/yuri.com.br\/claudio\/wp-content\/uploads\/2014\/06\/Vimeo1.jpg?resize=525%2C300 1.5x, https:\/\/i0.wp.com\/yuri.com.br\/claudio\/wp-content\/uploads\/2014\/06\/Vimeo1.jpg?resize=700%2C400 2x"},"classes":[]},{"id":8000,"url":"https:\/\/yuri.com.br\/claudio\/2014\/07\/16\/video-cruzeiro-ep-3\/","url_meta":{"origin":7281,"position":2},"title":"V\u00eddeo: Cruzeiro Ep.3","author":"Cl\u00e1udio Brisighello","date":"16\/jul\/2014","format":false,"excerpt":"Conforme prometido, aqui vai a \"overdose\" do 3\u00ba epis\u00f3dio da s\u00e9rie Cruzeiro! Aumentem o volume: Desta vez temos algumas linhas da galeria, um local que remete a um vale perdido, de beleza surreal. Ali \u00e9 mais frio e bastante escuro, \u00e9 bom levar uma headlamp, principalmente no Bola 7, linha\u2026","rel":"","context":"Em &quot;Escalada&quot;","block_context":{"text":"Escalada","link":"https:\/\/yuri.com.br\/claudio\/category\/escalada\/"},"img":{"alt_text":"","src":"https:\/\/i0.wp.com\/yuri.com.br\/claudio\/wp-content\/uploads\/2014\/07\/Vimeo1.jpg?resize=350%2C200&ssl=1","width":350,"height":200,"srcset":"https:\/\/i0.wp.com\/yuri.com.br\/claudio\/wp-content\/uploads\/2014\/07\/Vimeo1.jpg?resize=350%2C200&ssl=1 1x, https:\/\/i0.wp.com\/yuri.com.br\/claudio\/wp-content\/uploads\/2014\/07\/Vimeo1.jpg?resize=525%2C300&ssl=1 1.5x, https:\/\/i0.wp.com\/yuri.com.br\/claudio\/wp-content\/uploads\/2014\/07\/Vimeo1.jpg?resize=700%2C400&ssl=1 2x"},"classes":[]},{"id":262,"url":"https:\/\/yuri.com.br\/claudio\/2008\/11\/02\/footage\/","url_meta":{"origin":7281,"position":3},"title":"Footage","author":"claudio","date":"2\/nov\/2008","format":false,"excerpt":"Links para os recentes registros na California. - Fotos (Yosemite e Bishop): http:\/\/www.yuri.com.br\/claudio\/EXPO - ou pelo Flickr\/TripperMap: http:\/\/www.yuri.com.br\/claudio\/map - V\u00eddeos (Yosemite\/Ahwahnee & Bishop\/Happies) no Vimeo: http:\/\/www.vimeo.com\/user717408\/videos - Ou download direto: http:\/\/www.escaladabrasil.com","rel":"","context":"Em &quot;Escalada&quot;","block_context":{"text":"Escalada","link":"https:\/\/yuri.com.br\/claudio\/category\/escalada\/"},"img":{"alt_text":"","src":"","width":0,"height":0},"classes":[]},{"id":7923,"url":"https:\/\/yuri.com.br\/claudio\/2014\/07\/09\/video-cruzeiro-ep-2\/","url_meta":{"origin":7281,"position":4},"title":"V\u00eddeo: Cruzeiro Ep.2","author":"Cl\u00e1udio Brisighello","date":"9\/jul\/2014","format":false,"excerpt":"Agora que \"acabou\" a Copa, voltemos \u00e0 vida normal (leia-se: estamos na temporada!! :-)... Aqui vai o segundo epis\u00f3dio da s\u00e9rie Cruzeiro, come\u00e7ando a esquentar os motores: Fiz quest\u00e3o de mostrar um pouco do acesso, que \u00e0s vezes passa despercebido. Ah, \u00e9 ali pertinho que o dono do pico mora?\u2026","rel":"","context":"Em &quot;Escalada&quot;","block_context":{"text":"Escalada","link":"https:\/\/yuri.com.br\/claudio\/category\/escalada\/"},"img":{"alt_text":"","src":"https:\/\/i0.wp.com\/yuri.com.br\/claudio\/wp-content\/uploads\/2014\/07\/Vimeo.jpg?resize=350%2C200&ssl=1","width":350,"height":200,"srcset":"https:\/\/i0.wp.com\/yuri.com.br\/claudio\/wp-content\/uploads\/2014\/07\/Vimeo.jpg?resize=350%2C200&ssl=1 1x, https:\/\/i0.wp.com\/yuri.com.br\/claudio\/wp-content\/uploads\/2014\/07\/Vimeo.jpg?resize=525%2C300&ssl=1 1.5x, https:\/\/i0.wp.com\/yuri.com.br\/claudio\/wp-content\/uploads\/2014\/07\/Vimeo.jpg?resize=700%2C400&ssl=1 2x"},"classes":[]},{"id":8060,"url":"https:\/\/yuri.com.br\/claudio\/2014\/07\/23\/video-cruzeiro-ep-4\/","url_meta":{"origin":7281,"position":5},"title":"V\u00eddeo: Cruzeiro Ep.4","author":"Cl\u00e1udio Brisighello","date":"23\/jul\/2014","format":false,"excerpt":"Continuando a s\u00e9rie... Desta vez com a presen\u00e7a ilustre deste grande personagem: n\u00e3o estou falando do carioca Miguel \"Esteban\" :P mas sim do TOTORO, o esp\u00edrito da floresta. E o surreal Gato \u00d4nibus! Duas linhas inspiradas pela linda \u00e1rvore no canto esquerdo deste boulder, que fica em um local bastante\u2026","rel":"","context":"Em &quot;Escalada&quot;","block_context":{"text":"Escalada","link":"https:\/\/yuri.com.br\/claudio\/category\/escalada\/"},"img":{"alt_text":"","src":"https:\/\/i0.wp.com\/yuri.com.br\/claudio\/wp-content\/uploads\/2014\/07\/Vimeo3.jpg?resize=350%2C200&ssl=1","width":350,"height":200,"srcset":"https:\/\/i0.wp.com\/yuri.com.br\/claudio\/wp-content\/uploads\/2014\/07\/Vimeo3.jpg?resize=350%2C200&ssl=1 1x, https:\/\/i0.wp.com\/yuri.com.br\/claudio\/wp-content\/uploads\/2014\/07\/Vimeo3.jpg?resize=525%2C300&ssl=1 1.5x, https:\/\/i0.wp.com\/yuri.com.br\/claudio\/wp-content\/uploads\/2014\/07\/Vimeo3.jpg?resize=700%2C400&ssl=1 2x"},"classes":[]}],"_links":{"self":[{"href":"https:\/\/yuri.com.br\/claudio\/wp-json\/wp\/v2\/posts\/7281","targetHints":{"allow":["GET"]}}],"collection":[{"href":"https:\/\/yuri.com.br\/claudio\/wp-json\/wp\/v2\/posts"}],"about":[{"href":"https:\/\/yuri.com.br\/claudio\/wp-json\/wp\/v2\/types\/post"}],"author":[{"embeddable":true,"href":"https:\/\/yuri.com.br\/claudio\/wp-json\/wp\/v2\/users\/1"}],"replies":[{"embeddable":true,"href":"https:\/\/yuri.com.br\/claudio\/wp-json\/wp\/v2\/comments?post=7281"}],"version-history":[{"count":32,"href":"https:\/\/yuri.com.br\/claudio\/wp-json\/wp\/v2\/posts\/7281\/revisions"}],"predecessor-version":[{"id":7315,"href":"https:\/\/yuri.com.br\/claudio\/wp-json\/wp\/v2\/posts\/7281\/revisions\/7315"}],"wp:featuredmedia":[{"embeddable":true,"href":"https:\/\/yuri.com.br\/claudio\/wp-json\/wp\/v2\/media\/7282"}],"wp:attachment":[{"href":"https:\/\/yuri.com.br\/claudio\/wp-json\/wp\/v2\/media?parent=7281"}],"wp:term":[{"taxonomy":"category","embeddable":true,"href":"https:\/\/yuri.com.br\/claudio\/wp-json\/wp\/v2\/categories?post=7281"},{"taxonomy":"post_tag","embeddable":true,"href":"https:\/\/yuri.com.br\/claudio\/wp-json\/wp\/v2\/tags?post=7281"}],"curies":[{"name":"wp","href":"https:\/\/api.w.org\/{rel}","templated":true}]}}