{"id":717,"date":"2009-08-17T22:57:36","date_gmt":"2009-08-17T22:57:36","guid":{"rendered":"http:\/\/claudiobr.wordpress.com\/?p=717"},"modified":"2009-08-17T22:57:36","modified_gmt":"2009-08-17T22:57:36","slug":"lesimetro-update","status":"publish","type":"post","link":"https:\/\/yuri.com.br\/claudio\/2009\/08\/17\/lesimetro-update\/","title":{"rendered":"&#8220;Les\u00edmetro&#8221; (update)"},"content":{"rendered":"<p>Registro dos &#8220;preju\u00edzos&#8221; destes \u00faltimos meses de escalada. \u00daltima vez que postei isso, atraiu in\u00fameras visitas oriundas do google&#8230;<\/p>\n<p>As les\u00f5es nos dedos (polias) continuam aparecendo neste &#8220;hist\u00f3rico&#8221;, e infelizmente est\u00e1 chegando aquela hora de dar tr\u00e9gua de pelo menos 1 m\u00eas pra elas.<\/p>\n<p>A parte muscular (sobretudo ombros e cotovelos) vai bem desde que retornei \u00e0 atividade em mar\u00e7o do ano passado. Isto eu credito \u00e0 compensa\u00e7\u00e3o muscular e alongamentos da parte posterior do antebra\u00e7o, realizados em todos os dias de descanso. Fica essa dica aos lesionados&#8230; procure se informar a respeito com algu\u00e9m especializado. (exerc\u00edcios com <em>Theraband<\/em> podem te machucar mais se voc\u00ea fizer de &#8220;qualquer jeito&#8221;)<\/p>\n<p>\u2014\u2014\u2014x\u2014\u2014\u2014\u2014\u2014\u2014\u2014\u2014\u2014\u2014\u2014\u2014\u2014\u2014\u2014\u2014\u2014\u2014\u2014\u2014\u2014\u2014\u2014\u2014\u2014<br \/>\n***LES\u00d5ES (AGO\/2009) \u2013 ordem de gravidade<\/p>\n<p>1) Ruptura parcial de polia A2 dedo indicador m\u00e3o direita.<\/p>\n<p>&#8211; sintoma: dor na pega fechada ou semi-fechada.<\/p>\n<p>&#8211; causa (imediata): &#8220;juntada&#8221; em agarra irregular de boulder em rocha, com maior cabimento para o dedo indicador enquanto os outros dedos ficaram rasos. Sobrecarga de m\u00faltiplas tentativas. Percebido somente no dia seguinte.<\/p>\n<p>&#8211; tratamento realizado: Taping na base do dedo lesionado.<\/p>\n<p>&#8211; dura\u00e7\u00e3o: 2 meses<\/p>\n<p>&#8211; estado: 60% ok, dor<\/p>\n<p>2) Ruptura parcial polia A4 dedo mindinho m\u00e3o direita<\/p>\n<p>&#8211; sintoma: dor na pega fechada ou semi-fechada.<\/p>\n<p>&#8211; causa: desconhecida.<\/p>\n<p>&#8211; tratamento realizado: taping<\/p>\n<p>&#8211; dura\u00e7\u00e3o: 1 m\u00eas<\/p>\n<p>&#8211; estado: dor mais\u00a0 not\u00e1vel que a do indicador<\/p>\n<p>3) Ruptura parcial de polia A4 dedo m\u00e9dio m\u00e3o esquerda.<\/p>\n<p>&#8211; sintoma: dor na pega fechada ou semi-fechada.<\/p>\n<p>&#8211; causa (imediata): movimento est\u00e1tico em reglete bom (muro), na pega semi-fechada. Estalo aud\u00edvel no momento.<\/p>\n<p>&#8211; tratamento realizado: Gelo v\u00e1rias vezes ao dia nas primeiras semanas e taping preventivo.<\/p>\n<p>&#8211; dura\u00e7\u00e3o: 4 meses<\/p>\n<p>&#8211; estado: dor est\u00e1vel nos \u00faltimos meses<\/p>\n<p>\u2014\u2014\u2014x\u2014\u2014\u2014\u2014\u2014\u2014\u2014\u2014\u2014\u2014\u2014\u2014\u2014\u2014\u2014\u2014\u2014\u2014\u2014\u2014\u2014\u2014\u2014\u2014\u2014<br \/>\n***LES\u00d5ES (MAI\/2009) \u2013 ordem de gravidade<\/p>\n<p>1) Ruptura parcial de polia A2 dedo indicador m\u00e3o direita.<br \/>\n&#8211; sintoma: dor na pega fechada ou semi-fechada.<br \/>\n&#8211; causa (imediata): &#8220;juntada&#8221; em agarra irregular de boulder em rocha, com maior cabimento para o dedo indicador enquanto os outros dedos ficaram rasos. Sobrecarga de m\u00faltiplas tentativas. Percebido somente no dia seguinte.<\/p>\n<p>&#8211; tratamento realizado: Somente taping na base do dedo lesionado.<\/p>\n<p>&#8211; dura\u00e7\u00e3o: 1 m\u00eas<\/p>\n<p>&#8211; estado: est\u00e1vel, sendo poss\u00edvel escalar perto do limite de dificuldade.<\/p>\n<p>2) Ruptura parcial de polia A4 dedo m\u00e9dio m\u00e3o esquerda.<\/p>\n<p>&#8211; sintoma: dor na pega fechada ou semi-fechada.<\/p>\n<p>&#8211; causa (imediata): movimento est\u00e1tico em reglete bom (muro), na pega semi-fechada. Estalo aud\u00edvel no momento.<\/p>\n<p>&#8211; tratamento realizado: Gelo v\u00e1rias vezes ao dia nas primeiras semanas e taping preventivo.<\/p>\n<p>&#8211; dura\u00e7\u00e3o: 2 meses<\/p>\n<p>&#8211; estado: 70% recuperado, dor some ap\u00f3s aquecimento.<\/p>\n<p>3) Estiramento do tend\u00e3o flexor do dedo anelar direito (&#8220;climber\u2019s finger&#8221;)<\/p>\n<p>&#8211; sintoma: dor ao esticar e &#8220;fechar&#8221; o dedo<\/p>\n<p>&#8211; causa (imediata): movimento dinamico (deadpoint) para um batente diagonal de textura irregular, em linha de boulder em muro.<\/p>\n<p>&#8211; tratamento realizado: taping em &#8220;X&#8221; + exerc\u00edcios compensat\u00f3rios (Handmaster Plus ou el\u00e1stico em volta dos dedos) seguidos de alongamento. 2 meses tomando glucosamina e condroitina. Gelo p\u00f3s treino, dependendo da dor. De todas as medidas, apenas os exerc\u00edcios compensat\u00f3rios+alongamentos mostram-se eficazes.<\/p>\n<p>&#8211; dura\u00e7\u00e3o: 4 meses<\/p>\n<p>&#8211; estado: ainda sem melhorias<\/p>\n<p>\u2014\u2014\u2014x\u2014\u2014\u2014\u2014\u2014\u2014\u2014\u2014\u2014\u2014\u2014\u2014\u2014\u2014\u2014\u2014\u2014\u2014\u2014\u2014\u2014\u2014\u2014\u2014\u2014<br \/>\n***LES\u00d5ES (JAN\/2009) \u2013 ordem de gravidade<\/p>\n<p>1) Ruptura parcial de polia A2 dedo anelar m\u00e3o esquerda.<\/p>\n<p>&#8211; sintoma: forte dor ao pressionar o meio da base do dedo, ou durante pega fechada (reglete).<\/p>\n<p>&#8211; causa (imediata): deadpoint em reglete, boulder\/granito (Yosemite) em temperatura ambiente baixa (10 graus C)<\/p>\n<p>&#8211; tratamento realizado: Ap\u00f3s 1 m\u00eas de repouso e gelo, escaladas e treinos somente na pega aberta, com taping na base do dedo lesionado<\/p>\n<p>&#8211; dura\u00e7\u00e3o: 2 meses e meio<\/p>\n<p>&#8211; estado: 90% recuperado<\/p>\n<p>2) Estiramento do tend\u00e3o flexor do dedo anelar direito (&#8220;climber\u2019s finger&#8221;)<\/p>\n<p>&#8211; sintoma: dor ao esticar e &#8220;fechar&#8221; o dedo<\/p>\n<p>&#8211; causa (imediata): movimento dinamico (deadpoint) para um batente diagonal de textura irregular, em linha de boulder em muro.<\/p>\n<p>&#8211; tratamento realizado: taping em &#8220;X&#8221; + exerc\u00edcios compensat\u00f3rios (Handmaster Plus ou el\u00e1stico em volta dos dedos) seguidos de alongamento.<\/p>\n<p>&#8211; dura\u00e7\u00e3o: 2 semanas<\/p>\n<p>&#8211; estado: se agravando<\/p>\n<p>&#8211; medidas futuras: maior cuidado com agarras lesivas.<\/p>\n<p>\u2014\u2014\u2014x\u2014\u2014\u2014\u2014\u2014\u2014\u2014\u2014\u2014\u2014\u2014\u2014\u2014\u2014\u2014\u2014\u2014\u2014\u2014\u2014\u2014\u2014\u2014\u2014\u2014<\/p>\n","protected":false},"excerpt":{"rendered":"<p>Registro dos &#8220;preju\u00edzos&#8221; destes \u00faltimos meses de escalada. \u00daltima vez que postei isso, atraiu in\u00fameras visitas oriundas do google&#8230; As les\u00f5es nos dedos (polias) continuam aparecendo neste &#8220;hist\u00f3rico&#8221;, e infelizmente est\u00e1 chegando aquela hora de dar tr\u00e9gua de pelo menos 1 m\u00eas pra elas. A parte muscular (sobretudo ombros e cotovelos) vai bem desde que&hellip;&nbsp;<a href=\"https:\/\/yuri.com.br\/claudio\/2009\/08\/17\/lesimetro-update\/\" rel=\"bookmark\">Continue a ler &raquo;<span class=\"screen-reader-text\">&#8220;Les\u00edmetro&#8221; (update)<\/span><\/a><\/p>\n","protected":false},"author":2,"featured_media":0,"comment_status":"open","ping_status":"open","sticky":false,"template":"","format":"standard","meta":{"neve_meta_sidebar":"","neve_meta_container":"","neve_meta_enable_content_width":"","neve_meta_content_width":0,"neve_meta_title_alignment":"","neve_meta_author_avatar":"","neve_post_elements_order":"","neve_meta_disable_header":"","neve_meta_disable_footer":"","neve_meta_disable_title":"","jetpack_post_was_ever_published":false,"_jetpack_newsletter_access":"","_jetpack_dont_email_post_to_subs":false,"_jetpack_newsletter_tier_id":0,"_jetpack_memberships_contains_paywalled_content":false,"_jetpack_memberships_contains_paid_content":false,"footnotes":"","jetpack_publicize_message":"","jetpack_publicize_feature_enabled":true,"jetpack_social_post_already_shared":false,"jetpack_social_options":{"image_generator_settings":{"template":"highway","default_image_id":0,"font":"","enabled":false},"version":2}},"categories":[3],"tags":[61],"class_list":["post-717","post","type-post","status-publish","format-standard","hentry","category-escalada","tag-lesoes"],"jetpack_publicize_connections":[],"jetpack_featured_media_url":"","jetpack_shortlink":"https:\/\/wp.me\/p4i7cB-bz","jetpack_sharing_enabled":true,"jetpack-related-posts":[{"id":110,"url":"https:\/\/yuri.com.br\/claudio\/2009\/01\/30\/lesimetro-log-book\/","url_meta":{"origin":717,"position":0},"title":"&#8220;Les\u00edmetro&#8221; log-book","author":"claudio","date":"30\/jan\/2009","format":false,"excerpt":"Como um escalador mortal e apreciador da modalidade esportiva desde 2000, pude vivenciar incont\u00e1veis les\u00f5es: ombro, joelho, abd\u00f4men, costas, cotovelo, pulso, assim como todos os dedos das duas m\u00e3os (exceto ded\u00e3o e indicador). Apesar de tanta \"dor\" assim soar irrespons\u00e1vel, lembremos que a escalada \u00e9 uma atividade\u00a0altamente lesiva,\u00a0atingindo desde iniciantes\u2026","rel":"","context":"Em &quot;Escalada&quot;","block_context":{"text":"Escalada","link":"https:\/\/yuri.com.br\/claudio\/category\/escalada\/"},"img":{"alt_text":"","src":"https:\/\/i0.wp.com\/yuri.com.br\/claudio\/wp-content\/uploads\/2008\/08\/wordpress_handmaster.jpg?resize=350%2C200&ssl=1","width":350,"height":200},"classes":[]},{"id":5692,"url":"https:\/\/yuri.com.br\/claudio\/2013\/09\/03\/medusa-capitulo-final\/","url_meta":{"origin":717,"position":1},"title":"Medusa &#8211; cap\u00edtulo final","author":"claudio","date":"3\/set\/2013","format":false,"excerpt":"Neste \u00faltimo s\u00e1bado, fui excepcionalmente ao Rubinho desencanado do Medusa. O sol quente, a noite muito mal dormida e o \"fardo\" que o titiu Bel\u00ea tirou das minhas costas, me libertaram para curtir f\u00e9rias do projeto e escalar de tudo, for fun e a muerte. E aqui come\u00e7a a \"li\u00e7\u00e3o\u2026","rel":"","context":"Em &quot;Escalada&quot;","block_context":{"text":"Escalada","link":"https:\/\/yuri.com.br\/claudio\/category\/escalada\/"},"img":{"alt_text":"Golpe Baixo","src":"https:\/\/i0.wp.com\/farm4.staticflickr.com\/3742\/9657396537_dcc318383a.jpg?resize=350%2C200","width":350,"height":200},"classes":[]},{"id":6363,"url":"https:\/\/yuri.com.br\/claudio\/2013\/12\/28\/feliz-2014\/","url_meta":{"origin":717,"position":2},"title":"Feliz 2014!","author":"claudio","date":"28\/dez\/2013","format":false,"excerpt":"Vou seguir os \u00faltimos anos e anotar mais algumas provoca\u00e7\u00f5es bem intencionadas... Cachoeira dos Henriques\u00a0\u00a0\u00a0\u00a0\u00a0 Apesar das minhas quase-35 primaveras, me sinto na \"flor da idade\", confesso atravessar a melhor fase da vida. Um paradoxo pois n\u00e3o ganhei nenhum pr\u00eamio, n\u00e3o fui promovido, n\u00e3o sou melhor que ningu\u00e9m, nunca tive\u2026","rel":"","context":"Em &quot;Outros&quot;","block_context":{"text":"Outros","link":"https:\/\/yuri.com.br\/claudio\/category\/outros\/"},"img":{"alt_text":"","src":"https:\/\/i0.wp.com\/yuri.com.br\/claudio\/wp-content\/uploads\/2013\/12\/cachoeiradoshenriques.jpg?resize=350%2C200&ssl=1","width":350,"height":200,"srcset":"https:\/\/i0.wp.com\/yuri.com.br\/claudio\/wp-content\/uploads\/2013\/12\/cachoeiradoshenriques.jpg?resize=350%2C200&ssl=1 1x, https:\/\/i0.wp.com\/yuri.com.br\/claudio\/wp-content\/uploads\/2013\/12\/cachoeiradoshenriques.jpg?resize=525%2C300&ssl=1 1.5x, https:\/\/i0.wp.com\/yuri.com.br\/claudio\/wp-content\/uploads\/2013\/12\/cachoeiradoshenriques.jpg?resize=700%2C400&ssl=1 2x"},"classes":[]},{"id":3116,"url":"https:\/\/yuri.com.br\/claudio\/2011\/10\/06\/session-de-quarta\/","url_meta":{"origin":717,"position":3},"title":"Session de quarta","author":"claudio","date":"6\/out\/2011","format":false,"excerpt":"Session de quarta com os \"pe\u00f5es\" do Sumba Boulder (Clube dos 30 :-) no novo setor. Eu ando com m\u00faltiplas les\u00f5es,\u00a0 boa desculpa pra n\u00e3o escalar e focar nas fotos, pois n\u00e3o tirei uma sequer no evento com a c\u00e2mera s\u00f3 filmando:","rel":"","context":"Em &quot;Escalada&quot;","block_context":{"text":"Escalada","link":"https:\/\/yuri.com.br\/claudio\/category\/escalada\/"},"img":{"alt_text":"","src":"https:\/\/i0.wp.com\/yuri.com.br\/claudio\/wp-content\/uploads\/2011\/10\/areas_yuri_forcadegaia.jpg?resize=350%2C200&ssl=1","width":350,"height":200,"srcset":"https:\/\/i0.wp.com\/yuri.com.br\/claudio\/wp-content\/uploads\/2011\/10\/areas_yuri_forcadegaia.jpg?resize=350%2C200&ssl=1 1x, https:\/\/i0.wp.com\/yuri.com.br\/claudio\/wp-content\/uploads\/2011\/10\/areas_yuri_forcadegaia.jpg?resize=525%2C300&ssl=1 1.5x, https:\/\/i0.wp.com\/yuri.com.br\/claudio\/wp-content\/uploads\/2011\/10\/areas_yuri_forcadegaia.jpg?resize=700%2C400&ssl=1 2x"},"classes":[]},{"id":921,"url":"https:\/\/yuri.com.br\/claudio\/2009\/08\/03\/destaques-do-fds\/","url_meta":{"origin":717,"position":4},"title":"Destaques do fds","author":"claudio","date":"3\/ago\/2009","format":false,"excerpt":"- \"festinha\" digna de manter Ipanema acordada at\u00e9 de manh\u00e3, na cobertura quadriplex do aniversariante Matt (que anda mudando meu conceito sobre os escoceses :-) - Pracinha de Itacoatiara pra curar ressaca, com direito a session de fotos no boulder-pir\u00e2mide \"Fara\u00f3\". O clip-stick que j\u00e1 servia de escova-stick, agora foi\u2026","rel":"","context":"Em &quot;Escalada&quot;","block_context":{"text":"Escalada","link":"https:\/\/yuri.com.br\/claudio\/category\/escalada\/"},"img":{"alt_text":"","src":"https:\/\/i0.wp.com\/yuri.com.br\/claudio\/wp-content\/uploads\/2009\/08\/backstage.jpg?resize=350%2C200&ssl=1","width":350,"height":200,"srcset":"https:\/\/i0.wp.com\/yuri.com.br\/claudio\/wp-content\/uploads\/2009\/08\/backstage.jpg?resize=350%2C200&ssl=1 1x, https:\/\/i0.wp.com\/yuri.com.br\/claudio\/wp-content\/uploads\/2009\/08\/backstage.jpg?resize=525%2C300&ssl=1 1.5x, https:\/\/i0.wp.com\/yuri.com.br\/claudio\/wp-content\/uploads\/2009\/08\/backstage.jpg?resize=700%2C400&ssl=1 2x"},"classes":[]},{"id":4442,"url":"https:\/\/yuri.com.br\/claudio\/2012\/12\/03\/fim-de-temporada\/","url_meta":{"origin":717,"position":5},"title":"Fim de temporada","author":"claudio","date":"3\/dez\/2012","format":false,"excerpt":"Por aqui o fim da temporada chegou para mim com um brinde: uma dor in\u00e9dita irradiando pelo ci\u00e1tico, interditando minha perna esquerda. Sem causa imediata, um prov\u00e1vel desgaste de longo prazo devido a uma alta progress\u00e3o f\u00edsica que atravessei neste ano. Cuidem-se e n\u00e3o aprendam da pior maneira: escalador esportivo\u2026","rel":"","context":"Em &quot;Escalada&quot;","block_context":{"text":"Escalada","link":"https:\/\/yuri.com.br\/claudio\/category\/escalada\/"},"img":{"alt_text":"","src":"https:\/\/i0.wp.com\/yuri.com.br\/claudio\/wp-content\/uploads\/2012\/12\/xitao_wp.jpg?resize=350%2C200&ssl=1","width":350,"height":200,"srcset":"https:\/\/i0.wp.com\/yuri.com.br\/claudio\/wp-content\/uploads\/2012\/12\/xitao_wp.jpg?resize=350%2C200&ssl=1 1x, https:\/\/i0.wp.com\/yuri.com.br\/claudio\/wp-content\/uploads\/2012\/12\/xitao_wp.jpg?resize=525%2C300&ssl=1 1.5x, https:\/\/i0.wp.com\/yuri.com.br\/claudio\/wp-content\/uploads\/2012\/12\/xitao_wp.jpg?resize=700%2C400&ssl=1 2x"},"classes":[]}],"_links":{"self":[{"href":"https:\/\/yuri.com.br\/claudio\/wp-json\/wp\/v2\/posts\/717","targetHints":{"allow":["GET"]}}],"collection":[{"href":"https:\/\/yuri.com.br\/claudio\/wp-json\/wp\/v2\/posts"}],"about":[{"href":"https:\/\/yuri.com.br\/claudio\/wp-json\/wp\/v2\/types\/post"}],"author":[{"embeddable":true,"href":"https:\/\/yuri.com.br\/claudio\/wp-json\/wp\/v2\/users\/2"}],"replies":[{"embeddable":true,"href":"https:\/\/yuri.com.br\/claudio\/wp-json\/wp\/v2\/comments?post=717"}],"version-history":[{"count":0,"href":"https:\/\/yuri.com.br\/claudio\/wp-json\/wp\/v2\/posts\/717\/revisions"}],"wp:attachment":[{"href":"https:\/\/yuri.com.br\/claudio\/wp-json\/wp\/v2\/media?parent=717"}],"wp:term":[{"taxonomy":"category","embeddable":true,"href":"https:\/\/yuri.com.br\/claudio\/wp-json\/wp\/v2\/categories?post=717"},{"taxonomy":"post_tag","embeddable":true,"href":"https:\/\/yuri.com.br\/claudio\/wp-json\/wp\/v2\/tags?post=717"}],"curies":[{"name":"wp","href":"https:\/\/api.w.org\/{rel}","templated":true}]}}