{"id":7159,"date":"2014-02-03T12:54:40","date_gmt":"2014-02-03T12:54:40","guid":{"rendered":"http:\/\/yuri.com.br\/claudio\/?p=7159"},"modified":"2014-02-03T14:12:54","modified_gmt":"2014-02-03T14:12:54","slug":"back-to-the-future","status":"publish","type":"post","link":"https:\/\/yuri.com.br\/claudio\/2014\/02\/03\/back-to-the-future\/","title":{"rendered":"De volta para o &#8220;futuro&#8221;"},"content":{"rendered":"<p>O fim de ano aqui vem sendo marcado por um per\u00edodo de menos escaladas e mais explora\u00e7\u00f5es ou preparativos. N\u00e3o sei se \u00e9 a idade avan\u00e7ando, mas n\u00e3o consigo mais escalar nesse clima de <del>inferno<\/del> ver\u00e3o, melhor tem sido treinar o &#8220;condicionamento de guerra&#8221; limpando blocos ou, como ouvi de um amigo esses dias: se enfiar no meio do mato \u00e9 terapia! A\u00ed eu fico falando que o <a href=\"http:\/\/yuri.com.br\/claudio\/2013\/11\/25\/o-beta-do-ano\/\" target=\"_blank\">futuro promete<\/a>, que tem pedra pra anos de desenvolvimento, se eu ouvisse isso iria duvidar e achar exagerado&#8230; me resta recorrer ao recurso que vale por mil palavras:<\/p>\n<h6 style=\"text-align: right;\"><strong><a href=\"http:\/\/yuri.com.br\/claudio\/wp-content\/uploads\/2013\/05\/Cruzeiro.jpg\"><img decoding=\"async\" data-attachment-id=\"7146\" data-permalink=\"https:\/\/yuri.com.br\/claudio\/rock-climbing\/cruzeiro-3\/\" data-orig-file=\"https:\/\/yuri.com.br\/claudio\/wp-content\/uploads\/2013\/05\/Cruzeiro.jpg\" data-orig-size=\"1024,683\" data-comments-opened=\"1\" data-image-meta=\"{&quot;aperture&quot;:&quot;0&quot;,&quot;credit&quot;:&quot;&quot;,&quot;camera&quot;:&quot;&quot;,&quot;caption&quot;:&quot;&quot;,&quot;created_timestamp&quot;:&quot;0&quot;,&quot;copyright&quot;:&quot;&quot;,&quot;focal_length&quot;:&quot;0&quot;,&quot;iso&quot;:&quot;0&quot;,&quot;shutter_speed&quot;:&quot;0&quot;,&quot;title&quot;:&quot;&quot;}\" data-image-title=\"2014 new rigs (Cruzeiro)\" data-image-description=\"\" data-image-caption=\"\" data-medium-file=\"https:\/\/yuri.com.br\/claudio\/wp-content\/uploads\/2013\/05\/Cruzeiro-300x200.jpg\" data-large-file=\"https:\/\/yuri.com.br\/claudio\/wp-content\/uploads\/2013\/05\/Cruzeiro.jpg\" class=\"wp-image-7146 aligncenter\" alt=\"2014 new rigs (Cruzeiro)\" src=\"http:\/\/yuri.com.br\/claudio\/wp-content\/uploads\/2013\/05\/Cruzeiro.jpg\" width=\"700\" srcset=\"https:\/\/yuri.com.br\/claudio\/wp-content\/uploads\/2013\/05\/Cruzeiro.jpg 1024w, https:\/\/yuri.com.br\/claudio\/wp-content\/uploads\/2013\/05\/Cruzeiro-150x100.jpg 150w, https:\/\/yuri.com.br\/claudio\/wp-content\/uploads\/2013\/05\/Cruzeiro-300x200.jpg 300w, https:\/\/yuri.com.br\/claudio\/wp-content\/uploads\/2013\/05\/Cruzeiro-695x463.jpg 695w, https:\/\/yuri.com.br\/claudio\/wp-content\/uploads\/2013\/05\/Cruzeiro-930x620.jpg 930w\" sizes=\"(max-width: 1024px) 100vw, 1024px\" \/><\/a>Mais uma &#8220;pequena&#8221; amostra do que vem por a\u00ed <strong> <strong><strong><br \/>\n<\/strong><\/strong><\/strong><\/strong><\/h6>\n<p>Aqui certamente n\u00e3o \u00e9 a Su\u00ed\u00e7a: nosso granito (gnaisse) \u00e9 mais podre, mais machuquento, mais ensebado, mais dif\u00edcil de se encontrar e limpar. Mas o que tanto vemos nos v\u00eddeos gringos tem aqui em nosso quintal &#8211; a gloriosa Mantiqueira &#8211; palavra de quem j\u00e1 esteve l\u00e1 na terra do Dreamtime! Ent\u00e3o valorizemos: estamos com 20 facas e 20kg de queijo na m\u00e3o para continuar fazendo dessa regi\u00e3o uma meca de blocos, fonte de experi\u00eancias boulder\u00edsticas de alt\u00edssimo n\u00edvel!<\/p>\n<p>Como sempre, agrade\u00e7o aos parceiros volunt\u00e1rios que vem ajudando, afinal em nossas florestas &#8220;tropicalientes&#8221; tudo \u00e9 mais trabalhoso. Somos poucos, talvez por isso seja t\u00e3o infinito&#8230;<\/p>\n<p>Boa semana e muita motiva\u00e7\u00e3o a todos!!<\/p>\n","protected":false},"excerpt":{"rendered":"<p>O fim de ano aqui vem sendo marcado por um per\u00edodo de menos escaladas e mais explora\u00e7\u00f5es ou preparativos. N\u00e3o sei se \u00e9 a idade avan\u00e7ando, mas n\u00e3o consigo mais escalar nesse clima de inferno ver\u00e3o, melhor tem sido treinar o &#8220;condicionamento de guerra&#8221; limpando blocos ou, como ouvi de um amigo esses dias: se&hellip;&nbsp;<a href=\"https:\/\/yuri.com.br\/claudio\/2014\/02\/03\/back-to-the-future\/\" rel=\"bookmark\">Continue a ler &raquo;<span class=\"screen-reader-text\">De volta para o &#8220;futuro&#8221;<\/span><\/a><\/p>\n","protected":false},"author":1,"featured_media":0,"comment_status":"open","ping_status":"open","sticky":false,"template":"","format":"standard","meta":{"neve_meta_sidebar":"","neve_meta_container":"","neve_meta_enable_content_width":"","neve_meta_content_width":0,"neve_meta_title_alignment":"","neve_meta_author_avatar":"","neve_post_elements_order":"","neve_meta_disable_header":"","neve_meta_disable_footer":"","neve_meta_disable_title":"","jetpack_post_was_ever_published":false,"_jetpack_newsletter_access":"","_jetpack_dont_email_post_to_subs":false,"_jetpack_newsletter_tier_id":0,"_jetpack_memberships_contains_paywalled_content":false,"_jetpack_memberships_contains_paid_content":false,"footnotes":"","jetpack_publicize_message":"","jetpack_publicize_feature_enabled":true,"jetpack_social_post_already_shared":true,"jetpack_social_options":{"image_generator_settings":{"template":"highway","default_image_id":0,"font":"","enabled":false},"version":2}},"categories":[3],"tags":[],"class_list":["post-7159","post","type-post","status-publish","format-standard","hentry","category-escalada"],"jetpack_publicize_connections":[],"jetpack_featured_media_url":"","jetpack_shortlink":"https:\/\/wp.me\/p4i7cB-1Rt","jetpack_sharing_enabled":true,"jetpack-related-posts":[{"id":233,"url":"https:\/\/yuri.com.br\/claudio\/2008\/09\/23\/grajau\/","url_meta":{"origin":7159,"position":0},"title":"Graja\u00fa","author":"claudio","date":"23\/set\/2008","format":false,"excerpt":"Conversando com um amigo escoc\u00eas que atualmente mora aqui no RJ, ouvi uma opini\u00e3o que pode surpreender os c\u00e9ticos: se pegarmos um setor de boulders l\u00e1 da Reserva Florestal do Graja\u00fa, localizada na zona norte do Rio, \u00e9 compar\u00e1vel a um setor de Fontainebleau como Bas Cuvier. \u00c9 isso a\u00ed\u2026","rel":"","context":"Em &quot;Escalada&quot;","block_context":{"text":"Escalada","link":"https:\/\/yuri.com.br\/claudio\/category\/escalada\/"},"img":{"alt_text":"","src":"https:\/\/i0.wp.com\/farm4.static.flickr.com\/3222\/2873891868_dbb013d1a6_d.jpg?resize=350%2C200","width":350,"height":200},"classes":[]},{"id":5161,"url":"https:\/\/yuri.com.br\/claudio\/2013\/05\/19\/polvilho-power\/","url_meta":{"origin":7159,"position":1},"title":"Polvilho Power","author":"claudio","date":"19\/maio\/2013","format":false,"excerpt":"Com o setor Rubinho cheio neste s\u00e1bado ensolarado, acho que n\u00e3o preciso mais fazer propaganda... e quando mencionei acesso f\u00e1cil e escaladas para todos, aqui est\u00e1 mais uma prova, com o nosso vice-campe\u00e3o mundial de paraclimbing mandando o \"Polvilho Power\" (linha batizada por ele :-) ap\u00f3s v\u00e1rias tentativas... foi emocionante!\u2026","rel":"","context":"Em &quot;Escalada&quot;","block_context":{"text":"Escalada","link":"https:\/\/yuri.com.br\/claudio\/category\/escalada\/"},"img":{"alt_text":"","src":"https:\/\/i0.wp.com\/yuri.com.br\/claudio\/wp-content\/uploads\/2013\/05\/rubinho_nishimura.jpg?resize=350%2C200&ssl=1","width":350,"height":200,"srcset":"https:\/\/i0.wp.com\/yuri.com.br\/claudio\/wp-content\/uploads\/2013\/05\/rubinho_nishimura.jpg?resize=350%2C200&ssl=1 1x, https:\/\/i0.wp.com\/yuri.com.br\/claudio\/wp-content\/uploads\/2013\/05\/rubinho_nishimura.jpg?resize=525%2C300&ssl=1 1.5x, https:\/\/i0.wp.com\/yuri.com.br\/claudio\/wp-content\/uploads\/2013\/05\/rubinho_nishimura.jpg?resize=700%2C400&ssl=1 2x"},"classes":[]},{"id":7386,"url":"https:\/\/yuri.com.br\/claudio\/2014\/03\/14\/cruzeiro-2\/","url_meta":{"origin":7159,"position":2},"title":"Cruzeiro!","author":"Cl\u00e1udio Brisighello","date":"14\/mar\/2014","format":false,"excerpt":"Com a galera conhecendo, o Cruzeiro vai virando assunto na RP, ent\u00e3o compartilho mais uns betas: mais um mutir\u00e3ozinho essa semana: 4 titius e algumas toneladas de pedra O setor encontra-se em fase de consolida\u00e7\u00e3o de acesso - entenda por isso uma visita\u00e7\u00e3o controlada, discreta e gradual, com comunica\u00e7\u00e3o frequente\u2026","rel":"","context":"Em &quot;Escalada&quot;","block_context":{"text":"Escalada","link":"https:\/\/yuri.com.br\/claudio\/category\/escalada\/"},"img":{"alt_text":"","src":"https:\/\/i0.wp.com\/yuri.com.br\/claudio\/wp-content\/uploads\/2014\/03\/Cruzeiro_Projeto_FelipeCamargo.jpg?resize=350%2C200&ssl=1","width":350,"height":200,"srcset":"https:\/\/i0.wp.com\/yuri.com.br\/claudio\/wp-content\/uploads\/2014\/03\/Cruzeiro_Projeto_FelipeCamargo.jpg?resize=350%2C200&ssl=1 1x, https:\/\/i0.wp.com\/yuri.com.br\/claudio\/wp-content\/uploads\/2014\/03\/Cruzeiro_Projeto_FelipeCamargo.jpg?resize=525%2C300&ssl=1 1.5x, https:\/\/i0.wp.com\/yuri.com.br\/claudio\/wp-content\/uploads\/2014\/03\/Cruzeiro_Projeto_FelipeCamargo.jpg?resize=700%2C400&ssl=1 2x, https:\/\/i0.wp.com\/yuri.com.br\/claudio\/wp-content\/uploads\/2014\/03\/Cruzeiro_Projeto_FelipeCamargo.jpg?resize=1050%2C600&ssl=1 3x"},"classes":[]},{"id":17,"url":"https:\/\/yuri.com.br\/claudio\/2008\/07\/23\/expo\/","url_meta":{"origin":7159,"position":3},"title":"EXPO!","author":"claudio","date":"23\/jul\/2008","format":false,"excerpt":"Estou montando uma galeria fotogr\u00e1fica, a princ\u00edpio focada no assunto da escalada, com o intuito de divulg\u00e1-la por a\u00ed afora (por isso as descri\u00e7\u00f5es est\u00e3o em ingl\u00eas). Tamb\u00e9m, foi uma maneira que encontrei de expressar melhor esse meu tes\u00e3o intraduz\u00edvel pela pedra. Como n\u00e3o curto uma xenofobia, boto f\u00e9 que\u2026","rel":"","context":"Em &quot;Escalada&quot;","block_context":{"text":"Escalada","link":"https:\/\/yuri.com.br\/claudio\/category\/escalada\/"},"img":{"alt_text":"","src":"https:\/\/i0.wp.com\/yuri.com.br\/claudio\/wp-content\/uploads\/2008\/07\/cb_logo.jpg?resize=350%2C200","width":350,"height":200},"classes":[]},{"id":7362,"url":"https:\/\/yuri.com.br\/claudio\/2014\/03\/05\/cruzeiro\/","url_meta":{"origin":7159,"position":4},"title":"Cruzeiro?","author":"Cl\u00e1udio Brisighello","date":"5\/mar\/2014","format":false,"excerpt":"Na foto acima, Thais Makino tenta um pogo no \"crucificador\" projeto Calv\u00e1rio, uma das linhas de compress\u00e3o mais incr\u00edveis que eu j\u00e1 vi! Abaixo, a Yuri me clicou em uma das tentativas, ap\u00f3s mais um dia de trabalho pesado neste que vem sendo conhecido como setor Cruzeiro, em Gon\u00e7alves. O\u2026","rel":"","context":"Em &quot;Escalada&quot;","block_context":{"text":"Escalada","link":"https:\/\/yuri.com.br\/claudio\/category\/escalada\/"},"img":{"alt_text":"","src":"https:\/\/i0.wp.com\/yuri.com.br\/claudio\/wp-content\/uploads\/2014\/03\/Cruzeiro_Calvario_Claudio.jpg?resize=350%2C200&ssl=1","width":350,"height":200,"srcset":"https:\/\/i0.wp.com\/yuri.com.br\/claudio\/wp-content\/uploads\/2014\/03\/Cruzeiro_Calvario_Claudio.jpg?resize=350%2C200&ssl=1 1x, https:\/\/i0.wp.com\/yuri.com.br\/claudio\/wp-content\/uploads\/2014\/03\/Cruzeiro_Calvario_Claudio.jpg?resize=525%2C300&ssl=1 1.5x, https:\/\/i0.wp.com\/yuri.com.br\/claudio\/wp-content\/uploads\/2014\/03\/Cruzeiro_Calvario_Claudio.jpg?resize=700%2C400&ssl=1 2x"},"classes":[]},{"id":3046,"url":"https:\/\/yuri.com.br\/claudio\/2011\/08\/31\/vem-ai-o-sumba-boulder-2011\/","url_meta":{"origin":7159,"position":5},"title":"Vem a\u00ed o Sumba Boulder 2011","author":"claudio","date":"31\/ago\/2011","format":false,"excerpt":"J\u00e1 vou avisando que o setor promete... tive a oportunidade de conhecer renomados blocos de granito mundo afora (Su\u00ed\u00e7a, Yosemite) e n\u00e3o vi nada parecido. Aguardem + imagens em breve... por hora, reservem a data!","rel":"","context":"Em &quot;Escalada&quot;","block_context":{"text":"Escalada","link":"https:\/\/yuri.com.br\/claudio\/category\/escalada\/"},"img":{"alt_text":"","src":"https:\/\/i0.wp.com\/www.escaladacafe.com.br\/files\/teaser_small.jpg?resize=350%2C200","width":350,"height":200,"srcset":"https:\/\/i0.wp.com\/www.escaladacafe.com.br\/files\/teaser_small.jpg?resize=350%2C200 1x, https:\/\/i0.wp.com\/www.escaladacafe.com.br\/files\/teaser_small.jpg?resize=525%2C300 1.5x, https:\/\/i0.wp.com\/www.escaladacafe.com.br\/files\/teaser_small.jpg?resize=700%2C400 2x"},"classes":[]}],"_links":{"self":[{"href":"https:\/\/yuri.com.br\/claudio\/wp-json\/wp\/v2\/posts\/7159","targetHints":{"allow":["GET"]}}],"collection":[{"href":"https:\/\/yuri.com.br\/claudio\/wp-json\/wp\/v2\/posts"}],"about":[{"href":"https:\/\/yuri.com.br\/claudio\/wp-json\/wp\/v2\/types\/post"}],"author":[{"embeddable":true,"href":"https:\/\/yuri.com.br\/claudio\/wp-json\/wp\/v2\/users\/1"}],"replies":[{"embeddable":true,"href":"https:\/\/yuri.com.br\/claudio\/wp-json\/wp\/v2\/comments?post=7159"}],"version-history":[{"count":6,"href":"https:\/\/yuri.com.br\/claudio\/wp-json\/wp\/v2\/posts\/7159\/revisions"}],"predecessor-version":[{"id":7167,"href":"https:\/\/yuri.com.br\/claudio\/wp-json\/wp\/v2\/posts\/7159\/revisions\/7167"}],"wp:attachment":[{"href":"https:\/\/yuri.com.br\/claudio\/wp-json\/wp\/v2\/media?parent=7159"}],"wp:term":[{"taxonomy":"category","embeddable":true,"href":"https:\/\/yuri.com.br\/claudio\/wp-json\/wp\/v2\/categories?post=7159"},{"taxonomy":"post_tag","embeddable":true,"href":"https:\/\/yuri.com.br\/claudio\/wp-json\/wp\/v2\/tags?post=7159"}],"curies":[{"name":"wp","href":"https:\/\/api.w.org\/{rel}","templated":true}]}}