{"id":713,"date":"2009-05-24T23:43:38","date_gmt":"2009-05-24T23:43:38","guid":{"rendered":"http:\/\/claudiobr.wordpress.com\/?p=713"},"modified":"2009-05-24T23:43:38","modified_gmt":"2009-05-24T23:43:38","slug":"video-campeonato-estadual-rj-1a-etapa","status":"publish","type":"post","link":"https:\/\/yuri.com.br\/claudio\/2009\/05\/24\/video-campeonato-estadual-rj-1a-etapa\/","title":{"rendered":"V\u00eddeo &#8211; Campeonato Estadual RJ (1a. Etapa)"},"content":{"rendered":"<p>Segue mais um v\u00eddeo\/curta feito com carinho no formato <a href=\"http:\/\/vimeo.com\/4782492\" target=\"_blank\">widescreen<\/a> mais trilhas escolhidas a dedo :-)<\/p>\n<p>Desta vez do campeonato estadual aqui do RJ, categoria dos marmanjos:<\/p>\n<p style=\"text-align:center;\"><div class=\"nv-iframe-embed\"><div class=\"embed-vimeo\" style=\"text-align: center;\"><iframe loading=\"lazy\" src=\"https:\/\/player.vimeo.com\/video\/4782492\" width=\"1200\" height=\"675\" frameborder=\"0\" webkitallowfullscreen mozallowfullscreen allowfullscreen><\/iframe><\/div><\/div>\n<p>\u00c9 s\u00f3 uma lembrancinha mesmo, pois percebi que filmar, competir, dar seg, trabalhar 50hs por semana, etc &#8211; dificulta um pouco o resultado final :D<\/p>\n<p>Para os v\u00eddeos completos lan\u00e7ados pela FEMERJ, acesse este link <a href=\"http:\/\/www.youtube.com\/user\/escaladaindooricarai\" target=\"_blank\">aqui<\/a>.<\/p>\n<p>Parab\u00e9ns a todos que foram l\u00e1 prestigiar o evento, e at\u00e9 o pr\u00f3ximo!<\/p>\n","protected":false},"excerpt":{"rendered":"<p>Segue mais um v\u00eddeo\/curta feito com carinho no formato widescreen mais trilhas escolhidas a dedo :-) Desta vez do campeonato estadual aqui do RJ, categoria dos marmanjos: \u00c9 s\u00f3 uma lembrancinha mesmo, pois percebi que filmar, competir, dar seg, trabalhar 50hs por semana, etc &#8211; dificulta um pouco o resultado final :D Para os v\u00eddeos&hellip;&nbsp;<a href=\"https:\/\/yuri.com.br\/claudio\/2009\/05\/24\/video-campeonato-estadual-rj-1a-etapa\/\" rel=\"bookmark\">Continue a ler &raquo;<span class=\"screen-reader-text\">V\u00eddeo &#8211; Campeonato Estadual RJ (1a. Etapa)<\/span><\/a><\/p>\n","protected":false},"author":2,"featured_media":0,"comment_status":"open","ping_status":"open","sticky":false,"template":"","format":"standard","meta":{"neve_meta_sidebar":"","neve_meta_container":"","neve_meta_enable_content_width":"","neve_meta_content_width":0,"neve_meta_title_alignment":"","neve_meta_author_avatar":"","neve_post_elements_order":"","neve_meta_disable_header":"","neve_meta_disable_footer":"","neve_meta_disable_title":"","jetpack_post_was_ever_published":false,"_jetpack_newsletter_access":"","_jetpack_dont_email_post_to_subs":false,"_jetpack_newsletter_tier_id":0,"_jetpack_memberships_contains_paywalled_content":false,"_jetpack_memberships_contains_paid_content":false,"footnotes":"","jetpack_publicize_message":"","jetpack_publicize_feature_enabled":true,"jetpack_social_post_already_shared":false,"jetpack_social_options":{"image_generator_settings":{"template":"highway","default_image_id":0,"font":"","enabled":false},"version":2}},"categories":[3],"tags":[],"class_list":["post-713","post","type-post","status-publish","format-standard","hentry","category-escalada"],"jetpack_publicize_connections":[],"jetpack_featured_media_url":"","jetpack_shortlink":"https:\/\/wp.me\/p4i7cB-bv","jetpack_sharing_enabled":true,"jetpack-related-posts":[{"id":811,"url":"https:\/\/yuri.com.br\/claudio\/2009\/07\/01\/2%c2%aa-etapa-do-campeonato-estadual-de-boulder-2009-rj\/","url_meta":{"origin":713,"position":0},"title":"2\u00aa ETAPA DO CAMPEONATO ESTADUAL DE BOULDER 2009 &#8211; RJ","author":"claudio","date":"1\/jul\/2009","format":false,"excerpt":"Divulgando: \"Ol\u00e1 !! Acontecer\u00e1 no dia\u00a005 de julho, a 2\u00aa Etapa do Campeonato Estadual de Boulder 2009 - RJ. Confiram\u00a0o V\u00eddeo Anima\u00e7\u00e3o com as informa\u00e7\u00f5es da 2\u00aa Etapa do Campeonato Estadual de Boulder 2009 - RJ. Ligue o SOM!!! ATEN\u00c7\u00c3O COMPETIDORES: N\u00e3o esque\u00e7am de se filiar ou atualizar sua situa\u00e7\u00e3o\u2026","rel":"","context":"Em &quot;Escalada&quot;","block_context":{"text":"Escalada","link":"https:\/\/yuri.com.br\/claudio\/category\/escalada\/"},"img":{"alt_text":"","src":"https:\/\/i0.wp.com\/img.youtube.com\/vi\/7ygXjDkP_z8\/0.jpg?resize=350%2C200","width":350,"height":200},"classes":[]},{"id":2008,"url":"https:\/\/yuri.com.br\/claudio\/2010\/05\/19\/1%c2%aa-etapa-campeonato-estadual-de-boulder-rj2010\/","url_meta":{"origin":713,"position":1},"title":"1\u00aa Etapa Campeonato Estadual de Boulder RJ\/2010","author":"claudio","date":"19\/maio\/2010","format":false,"excerpt":"Divulgando: Infelizmente ainda estarei longe do Rio nesta 1a. etapa :-\/ Mas fica a dica: o circuito de boulder deste ano vai rolar novamente l\u00e1 no muro da Patty em Niter\u00f3i, naquele esquema sem taxa de inscri\u00e7\u00e3o (luxo), basta estar devidamente federado ou filiado aos clubes. Aqui vai uma lembran\u00e7a\u2026","rel":"","context":"Em &quot;Escalada&quot;","block_context":{"text":"Escalada","link":"https:\/\/yuri.com.br\/claudio\/category\/escalada\/"},"img":{"alt_text":"","src":"https:\/\/i0.wp.com\/img.youtube.com\/vi\/ojMRzsXSBH4\/0.jpg?resize=350%2C200","width":350,"height":200},"classes":[]},{"id":358,"url":"https:\/\/yuri.com.br\/claudio\/2009\/01\/06\/videos\/","url_meta":{"origin":713,"position":2},"title":"V\u00eddeos","author":"claudio","date":"6\/jan\/2009","format":false,"excerpt":"Divulgando alguns v\u00eddeos recentes: Bazar de Natal 2008 - Confraterniza\u00e7\u00e3o! \u00a0 \u00a0\u00daltima Etapa do Campeonato Estadual\/RJ 2008 (Iniciante Feminino)","rel":"","context":"Em &quot;Escalada&quot;","block_context":{"text":"Escalada","link":"https:\/\/yuri.com.br\/claudio\/category\/escalada\/"},"img":{"alt_text":"","src":"","width":0,"height":0},"classes":[]},{"id":254,"url":"https:\/\/yuri.com.br\/claudio\/2008\/10\/31\/sobre-o-campeonato-estadual-de-boulder-rj-2008\/","url_meta":{"origin":713,"position":3},"title":"Sobre o Campeonato Estadual de Boulder RJ 2008","author":"claudio","date":"31\/out\/2008","format":false,"excerpt":"Neste m\u00eas de outubro\u00a0terminou o Campeonato Estadual de Escalada (Boulder) do RJ 2008. Sobre os resultados oficiais eu indico 2 artigos: Blog da Lojinha de Escalada Blog do Caio Gomes E clicando neste link pode-se conferir algumas fotos que fiz desta \u00faltima etapa na Limite Vertical. Aproveito este espa\u00e7o para\u2026","rel":"","context":"Em &quot;Escalada&quot;","block_context":{"text":"Escalada","link":"https:\/\/yuri.com.br\/claudio\/category\/escalada\/"},"img":{"alt_text":"","src":"https:\/\/i0.wp.com\/yuri.com.br\/claudio\/wp-content\/uploads\/2008\/10\/jornaldossports_estadualrj2008.jpg?resize=350%2C200&ssl=1","width":350,"height":200,"srcset":"https:\/\/i0.wp.com\/yuri.com.br\/claudio\/wp-content\/uploads\/2008\/10\/jornaldossports_estadualrj2008.jpg?resize=350%2C200&ssl=1 1x, https:\/\/i0.wp.com\/yuri.com.br\/claudio\/wp-content\/uploads\/2008\/10\/jornaldossports_estadualrj2008.jpg?resize=525%2C300&ssl=1 1.5x, https:\/\/i0.wp.com\/yuri.com.br\/claudio\/wp-content\/uploads\/2008\/10\/jornaldossports_estadualrj2008.jpg?resize=700%2C400&ssl=1 2x"},"classes":[]},{"id":705,"url":"https:\/\/yuri.com.br\/claudio\/2009\/05\/22\/coming-soon\/","url_meta":{"origin":713,"position":4},"title":"Coming soon","author":"claudio","date":"22\/maio\/2009","format":false,"excerpt":"\u00a0 Videozinho no forno... \u00a0 Bom fim de semana a todos!","rel":"","context":"Em &quot;Escalada&quot;","block_context":{"text":"Escalada","link":"https:\/\/yuri.com.br\/claudio\/category\/escalada\/"},"img":{"alt_text":"","src":"https:\/\/i0.wp.com\/yuri.com.br\/claudio\/wp-content\/uploads\/2009\/05\/promo.jpg?resize=350%2C200&ssl=1","width":350,"height":200,"srcset":"https:\/\/i0.wp.com\/yuri.com.br\/claudio\/wp-content\/uploads\/2009\/05\/promo.jpg?resize=350%2C200&ssl=1 1x, https:\/\/i0.wp.com\/yuri.com.br\/claudio\/wp-content\/uploads\/2009\/05\/promo.jpg?resize=525%2C300&ssl=1 1.5x"},"classes":[]},{"id":103,"url":"https:\/\/yuri.com.br\/claudio\/2008\/08\/13\/ii-etapa-do-campeonato-estadualrj-de-boulder-2008\/","url_meta":{"origin":713,"position":5},"title":"II Etapa do Campeonato Estadual\/RJ","author":"claudio","date":"13\/ago\/2008","format":false,"excerpt":"Bora participar galera! \u00c9 preciso prestigiar a iniciativa, lembrando que o RJ carece de gin\u00e1sios e j\u00e1 teve etapa do brasileiro cancelada este ano... me desculpem a alfinetada, mas quem ignora esses eventos s\u00f3 porque n\u00e3o curtem \"competi\u00e7\u00e3o\" ou preferem as pedras (que abundam dentro da cidade), est\u00e1 cuspindo no\u2026","rel":"","context":"Em &quot;Escalada&quot;","block_context":{"text":"Escalada","link":"https:\/\/yuri.com.br\/claudio\/category\/escalada\/"},"img":{"alt_text":"","src":"https:\/\/i0.wp.com\/img.youtube.com\/vi\/pwem2Wn7FcE\/0.jpg?resize=350%2C200","width":350,"height":200},"classes":[]}],"_links":{"self":[{"href":"https:\/\/yuri.com.br\/claudio\/wp-json\/wp\/v2\/posts\/713","targetHints":{"allow":["GET"]}}],"collection":[{"href":"https:\/\/yuri.com.br\/claudio\/wp-json\/wp\/v2\/posts"}],"about":[{"href":"https:\/\/yuri.com.br\/claudio\/wp-json\/wp\/v2\/types\/post"}],"author":[{"embeddable":true,"href":"https:\/\/yuri.com.br\/claudio\/wp-json\/wp\/v2\/users\/2"}],"replies":[{"embeddable":true,"href":"https:\/\/yuri.com.br\/claudio\/wp-json\/wp\/v2\/comments?post=713"}],"version-history":[{"count":0,"href":"https:\/\/yuri.com.br\/claudio\/wp-json\/wp\/v2\/posts\/713\/revisions"}],"wp:attachment":[{"href":"https:\/\/yuri.com.br\/claudio\/wp-json\/wp\/v2\/media?parent=713"}],"wp:term":[{"taxonomy":"category","embeddable":true,"href":"https:\/\/yuri.com.br\/claudio\/wp-json\/wp\/v2\/categories?post=713"},{"taxonomy":"post_tag","embeddable":true,"href":"https:\/\/yuri.com.br\/claudio\/wp-json\/wp\/v2\/tags?post=713"}],"curies":[{"name":"wp","href":"https:\/\/api.w.org\/{rel}","templated":true}]}}