{"id":7078,"date":"2014-01-28T13:04:45","date_gmt":"2014-01-28T13:04:45","guid":{"rendered":"http:\/\/yuri.com.br\/claudio\/?p=7078"},"modified":"2014-01-28T18:42:33","modified_gmt":"2014-01-28T18:42:33","slug":"summer-sessions","status":"publish","type":"post","link":"https:\/\/yuri.com.br\/claudio\/2014\/01\/28\/summer-sessions\/","title":{"rendered":"Summer sessions"},"content":{"rendered":"<p>Mais uma pr\u00e9-temporada, este ano excepcionalmente menos chuvoso por aqui. E os mesmos dilemas: dedicar aos treinos, dedicar aos preparativos de novas pedras, ou apertar regletes ensebados? Confesso que a 2\u00aa op\u00e7\u00e3o tem prevalecido mas, com a &#8220;vibe&#8221; dos parceiros fan\u00e1ticos, ficou dif\u00edcil negar uma degusta\u00e7\u00e3o boulder\u00edstica na <strong>Ana Chata<\/strong>, onde antes havia o 1\u00ba boulder da hist\u00f3ria de S\u00e3o Bento, agora tem um card\u00e1pio completo que vale a caminhada para uma session na paz dessa floresta, gra\u00e7as \u00e0s empreitadas do Massa &amp; cia que deram um mega trampo por ali.<\/p>\n<p style=\"text-align: center;\"><a href=\"http:\/\/yuri.com.br\/claudio\/wp-content\/uploads\/2013\/05\/AnaChata_Lello_ForaDeFoco-1024x576.jpg\" target=\"_blank\"><img loading=\"lazy\" decoding=\"async\" data-attachment-id=\"7076\" data-permalink=\"https:\/\/yuri.com.br\/claudio\/rock-climbing\/anachata_lello_foradefoco\/\" data-orig-file=\"https:\/\/yuri.com.br\/claudio\/wp-content\/uploads\/2013\/05\/AnaChata_Lello_ForaDeFoco.jpg\" data-orig-size=\"1200,675\" data-comments-opened=\"1\" data-image-meta=\"{&quot;aperture&quot;:&quot;2.8&quot;,&quot;credit&quot;:&quot;Claudio Brisighello&quot;,&quot;camera&quot;:&quot;Canon EOS 7D&quot;,&quot;caption&quot;:&quot;&quot;,&quot;created_timestamp&quot;:&quot;1390844752&quot;,&quot;copyright&quot;:&quot;&quot;,&quot;focal_length&quot;:&quot;11&quot;,&quot;iso&quot;:&quot;640&quot;,&quot;shutter_speed&quot;:&quot;0.003125&quot;,&quot;title&quot;:&quot;&quot;}\" data-image-title=\"Lello @ Fora de Foco (Ana Chata)\" data-image-description=\"\" data-image-caption=\"&lt;p&gt;Lello @ Fora de Foco (Ana Chata)&lt;\/p&gt;\n\" data-medium-file=\"https:\/\/yuri.com.br\/claudio\/wp-content\/uploads\/2013\/05\/AnaChata_Lello_ForaDeFoco-300x168.jpg\" data-large-file=\"https:\/\/yuri.com.br\/claudio\/wp-content\/uploads\/2013\/05\/AnaChata_Lello_ForaDeFoco-1024x576.jpg\" class=\"wp-image-7076  aligncenter\" title=\"JUNGLE BOULDERING!\" alt=\"JUNGLE BOULDERING!\" src=\"http:\/\/yuri.com.br\/claudio\/wp-content\/uploads\/2013\/05\/AnaChata_Lello_ForaDeFoco.jpg\" width=\"700\" height=\"394\" srcset=\"https:\/\/yuri.com.br\/claudio\/wp-content\/uploads\/2013\/05\/AnaChata_Lello_ForaDeFoco.jpg 1200w, https:\/\/yuri.com.br\/claudio\/wp-content\/uploads\/2013\/05\/AnaChata_Lello_ForaDeFoco-150x84.jpg 150w, https:\/\/yuri.com.br\/claudio\/wp-content\/uploads\/2013\/05\/AnaChata_Lello_ForaDeFoco-300x168.jpg 300w, https:\/\/yuri.com.br\/claudio\/wp-content\/uploads\/2013\/05\/AnaChata_Lello_ForaDeFoco-1024x576.jpg 1024w, https:\/\/yuri.com.br\/claudio\/wp-content\/uploads\/2013\/05\/AnaChata_Lello_ForaDeFoco-695x390.jpg 695w, https:\/\/yuri.com.br\/claudio\/wp-content\/uploads\/2013\/05\/AnaChata_Lello_ForaDeFoco-930x523.jpg 930w\" sizes=\"auto, (max-width: 700px) 100vw, 700px\" \/><\/a><\/p>\n<p>S\u00e3o linhas de diversas dificuldades (<a href=\"https:\/\/vimeo.com\/79831663\" target=\"_blank\">V3 at\u00e9 projetos<\/a>) e essa a\u00ed da foto &#8211; tiu Lello no Fora de foco &#8211; \u00e9 um dos cl\u00e1ssicos. Procurei retratar o shape do bloco na imagem e podemos notar um negativo l\u00e1 na direita, onde tem outro fil\u00e9, o Tempo de Viol\u00eancia. Bom come\u00e7o de um ano que promete muito!<\/p>\n","protected":false},"excerpt":{"rendered":"<p>Mais uma pr\u00e9-temporada, este ano excepcionalmente menos chuvoso por aqui. E os mesmos dilemas: dedicar aos treinos, dedicar aos preparativos de novas pedras, ou apertar regletes ensebados? Confesso que a 2\u00aa op\u00e7\u00e3o tem prevalecido mas, com a &#8220;vibe&#8221; dos parceiros fan\u00e1ticos, ficou dif\u00edcil negar uma degusta\u00e7\u00e3o boulder\u00edstica na Ana Chata, onde antes havia o 1\u00ba&hellip;&nbsp;<a href=\"https:\/\/yuri.com.br\/claudio\/2014\/01\/28\/summer-sessions\/\" rel=\"bookmark\">Continue a ler &raquo;<span class=\"screen-reader-text\">Summer sessions<\/span><\/a><\/p>\n","protected":false},"author":1,"featured_media":7101,"comment_status":"open","ping_status":"open","sticky":false,"template":"","format":"standard","meta":{"neve_meta_sidebar":"","neve_meta_container":"","neve_meta_enable_content_width":"","neve_meta_content_width":0,"neve_meta_title_alignment":"","neve_meta_author_avatar":"","neve_post_elements_order":"","neve_meta_disable_header":"","neve_meta_disable_footer":"","neve_meta_disable_title":"","jetpack_post_was_ever_published":false,"_jetpack_newsletter_access":"","_jetpack_dont_email_post_to_subs":false,"_jetpack_newsletter_tier_id":0,"_jetpack_memberships_contains_paywalled_content":false,"_jetpack_memberships_contains_paid_content":false,"footnotes":"","jetpack_publicize_message":"","jetpack_publicize_feature_enabled":true,"jetpack_social_post_already_shared":true,"jetpack_social_options":{"image_generator_settings":{"template":"highway","default_image_id":0,"font":"","enabled":false},"version":2}},"categories":[3],"tags":[],"class_list":["post-7078","post","type-post","status-publish","format-standard","has-post-thumbnail","hentry","category-escalada"],"jetpack_publicize_connections":[],"jetpack_featured_media_url":"https:\/\/yuri.com.br\/claudio\/wp-content\/uploads\/2014\/01\/AnaChata_Lello_ForaDeFoco.jpg","jetpack_shortlink":"https:\/\/wp.me\/p4i7cB-1Qa","jetpack_sharing_enabled":true,"jetpack-related-posts":[{"id":3671,"url":"https:\/\/yuri.com.br\/claudio\/2012\/05\/17\/rapadura-e-doce-mas-nao-e-mole-nao\/","url_meta":{"origin":7078,"position":0},"title":"Rapadura \u00e9 doce mas n\u00e3o \u00e9 mole n\u00e3o!","author":"claudio","date":"17\/maio\/2012","format":false,"excerpt":"Depois de quase 2 anos de arruma\u00e7\u00f5es, 'enxadando', 'cimentando',\u00a0martelando, serrando, plantando... finalmente uma pausa. Vamos ver se esse ano eu consigo me dedicar aos boulders de alta dificuldade. Boa temporada a todos!","rel":"","context":"Em &quot;Escalada&quot;","block_context":{"text":"Escalada","link":"https:\/\/yuri.com.br\/claudio\/category\/escalada\/"},"img":{"alt_text":"","src":"https:\/\/i0.wp.com\/yuri.com.br\/claudio\/wp-content\/uploads\/2012\/05\/agarrasapo.jpg?resize=350%2C200&ssl=1","width":350,"height":200,"srcset":"https:\/\/i0.wp.com\/yuri.com.br\/claudio\/wp-content\/uploads\/2012\/05\/agarrasapo.jpg?resize=350%2C200&ssl=1 1x, https:\/\/i0.wp.com\/yuri.com.br\/claudio\/wp-content\/uploads\/2012\/05\/agarrasapo.jpg?resize=525%2C300&ssl=1 1.5x, https:\/\/i0.wp.com\/yuri.com.br\/claudio\/wp-content\/uploads\/2012\/05\/agarrasapo.jpg?resize=700%2C400&ssl=1 2x"},"classes":[]},{"id":8000,"url":"https:\/\/yuri.com.br\/claudio\/2014\/07\/16\/video-cruzeiro-ep-3\/","url_meta":{"origin":7078,"position":1},"title":"V\u00eddeo: Cruzeiro Ep.3","author":"Cl\u00e1udio Brisighello","date":"16\/jul\/2014","format":false,"excerpt":"Conforme prometido, aqui vai a \"overdose\" do 3\u00ba epis\u00f3dio da s\u00e9rie Cruzeiro! Aumentem o volume: Desta vez temos algumas linhas da galeria, um local que remete a um vale perdido, de beleza surreal. Ali \u00e9 mais frio e bastante escuro, \u00e9 bom levar uma headlamp, principalmente no Bola 7, linha\u2026","rel":"","context":"Em &quot;Escalada&quot;","block_context":{"text":"Escalada","link":"https:\/\/yuri.com.br\/claudio\/category\/escalada\/"},"img":{"alt_text":"","src":"https:\/\/i0.wp.com\/yuri.com.br\/claudio\/wp-content\/uploads\/2014\/07\/Vimeo1.jpg?resize=350%2C200&ssl=1","width":350,"height":200,"srcset":"https:\/\/i0.wp.com\/yuri.com.br\/claudio\/wp-content\/uploads\/2014\/07\/Vimeo1.jpg?resize=350%2C200&ssl=1 1x, https:\/\/i0.wp.com\/yuri.com.br\/claudio\/wp-content\/uploads\/2014\/07\/Vimeo1.jpg?resize=525%2C300&ssl=1 1.5x, https:\/\/i0.wp.com\/yuri.com.br\/claudio\/wp-content\/uploads\/2014\/07\/Vimeo1.jpg?resize=700%2C400&ssl=1 2x"},"classes":[]},{"id":3556,"url":"https:\/\/yuri.com.br\/claudio\/2012\/03\/19\/el-campeon\/","url_meta":{"origin":7078,"position":2},"title":"El campe\u00f3n","author":"claudio","date":"19\/mar\/2012","format":false,"excerpt":"Parab\u00e9ns ao Cesinha e a todos os brasileiros pela representa\u00e7\u00e3o no Chile! Obviamente n\u00e3o \u00e9 uma mera coincid\u00eancia que todos os melhores escaladores que conheci tem a \"cabe\u00e7a boa\". Concordo que o mais importante m\u00fasculo \u00e9 aquele dentro da caixola! Mesmo com in\u00fameras conquistas no meio competitivo, mais do que\u2026","rel":"","context":"Em &quot;Escalada&quot;","block_context":{"text":"Escalada","link":"https:\/\/yuri.com.br\/claudio\/category\/escalada\/"},"img":{"alt_text":"","src":"https:\/\/i0.wp.com\/yuri.com.br\/claudio\/wp-content\/uploads\/2012\/03\/ce2000_coquetel_cesinha1.jpg?resize=350%2C200","width":350,"height":200,"srcset":"https:\/\/i0.wp.com\/yuri.com.br\/claudio\/wp-content\/uploads\/2012\/03\/ce2000_coquetel_cesinha1.jpg?resize=350%2C200 1x, https:\/\/i0.wp.com\/yuri.com.br\/claudio\/wp-content\/uploads\/2012\/03\/ce2000_coquetel_cesinha1.jpg?resize=525%2C300 1.5x, https:\/\/i0.wp.com\/yuri.com.br\/claudio\/wp-content\/uploads\/2012\/03\/ce2000_coquetel_cesinha1.jpg?resize=700%2C400 2x"},"classes":[]},{"id":8130,"url":"https:\/\/yuri.com.br\/claudio\/2014\/08\/01\/pequenas-grandes-coisas\/","url_meta":{"origin":7078,"position":3},"title":"Pequenas grandes coisas","author":"Cl\u00e1udio Brisighello","date":"1\/ago\/2014","format":false,"excerpt":"Hora de mudar o \"foco\" da c\u00e2mera nos escaladores e boulders, para uma agarra em especial, aquela que n\u00e3o apareceu direito na foto deste post. Babaleia no final da sequ\u00eancia-crux do Ilha de Pandora V10 Escalador costuma ter uma tara bizarra por agarras, este universo infind\u00e1vel de formas e tamanhos\u2026","rel":"","context":"Em &quot;Escalada&quot;","block_context":{"text":"Escalada","link":"https:\/\/yuri.com.br\/claudio\/category\/escalada\/"},"img":{"alt_text":"","src":"https:\/\/i0.wp.com\/yuri.com.br\/claudio\/wp-content\/uploads\/2014\/07\/Pandora_Agarrinha_Sequence.jpg?resize=350%2C200&ssl=1","width":350,"height":200,"srcset":"https:\/\/i0.wp.com\/yuri.com.br\/claudio\/wp-content\/uploads\/2014\/07\/Pandora_Agarrinha_Sequence.jpg?resize=350%2C200&ssl=1 1x, https:\/\/i0.wp.com\/yuri.com.br\/claudio\/wp-content\/uploads\/2014\/07\/Pandora_Agarrinha_Sequence.jpg?resize=525%2C300&ssl=1 1.5x, https:\/\/i0.wp.com\/yuri.com.br\/claudio\/wp-content\/uploads\/2014\/07\/Pandora_Agarrinha_Sequence.jpg?resize=700%2C400&ssl=1 2x"},"classes":[]},{"id":35,"url":"https:\/\/yuri.com.br\/claudio\/2008\/07\/29\/os-caldos-de-minha-vida\/","url_meta":{"origin":7078,"position":4},"title":"Os caldos de minha vida &#8211; Adega da Velha","author":"claudio","date":"29\/jul\/2008","format":false,"excerpt":"Gostaria de compartilhar um pouco da minha experi\u00eancia butequeira adquirida aqui no RJ, cidade ber\u00e7o do botequim tradicional. J\u00e1 faz tempo que eu desejo me expressar em homenagem a esse \"templo\" do bem viver, mas para isto eu pretendo me dedicar com mais carinho em uma futura postagem, como se\u2026","rel":"","context":"Em &quot;'Baixa' Gastronomia&quot;","block_context":{"text":"'Baixa' Gastronomia","link":"https:\/\/yuri.com.br\/claudio\/category\/baixa-gastronomia\/"},"img":{"alt_text":"","src":"https:\/\/i0.wp.com\/yuri.com.br\/claudio\/wp-content\/uploads\/2008\/07\/wordpress_adega_caldinho.jpg?resize=350%2C200&ssl=1","width":350,"height":200},"classes":[]},{"id":5112,"url":"https:\/\/yuri.com.br\/claudio\/2013\/05\/14\/pesquisa-sao-bento\/","url_meta":{"origin":7078,"position":5},"title":"Pesquisa S\u00e3o Bento","author":"claudio","date":"14\/maio\/2013","format":false,"excerpt":"Muitos j\u00e1 preencheram mas n\u00e3o custa refor\u00e7ar: se vc j\u00e1 veio pra S\u00e3o Bento, n\u00e3o deixe de participar da pesquisa: http:\/\/sumbaboulder.blogspot.com.br\/2013\/05\/PESQUISA.html S\u00e3o 5 minutinhos seus que ajudar\u00e3o a concretizar alguns dados importantes para o futuro. Valeu!","rel":"","context":"Em &quot;Escalada&quot;","block_context":{"text":"Escalada","link":"https:\/\/yuri.com.br\/claudio\/category\/escalada\/"},"img":{"alt_text":"","src":"","width":0,"height":0},"classes":[]}],"_links":{"self":[{"href":"https:\/\/yuri.com.br\/claudio\/wp-json\/wp\/v2\/posts\/7078","targetHints":{"allow":["GET"]}}],"collection":[{"href":"https:\/\/yuri.com.br\/claudio\/wp-json\/wp\/v2\/posts"}],"about":[{"href":"https:\/\/yuri.com.br\/claudio\/wp-json\/wp\/v2\/types\/post"}],"author":[{"embeddable":true,"href":"https:\/\/yuri.com.br\/claudio\/wp-json\/wp\/v2\/users\/1"}],"replies":[{"embeddable":true,"href":"https:\/\/yuri.com.br\/claudio\/wp-json\/wp\/v2\/comments?post=7078"}],"version-history":[{"count":24,"href":"https:\/\/yuri.com.br\/claudio\/wp-json\/wp\/v2\/posts\/7078\/revisions"}],"predecessor-version":[{"id":7103,"href":"https:\/\/yuri.com.br\/claudio\/wp-json\/wp\/v2\/posts\/7078\/revisions\/7103"}],"wp:featuredmedia":[{"embeddable":true,"href":"https:\/\/yuri.com.br\/claudio\/wp-json\/wp\/v2\/media\/7101"}],"wp:attachment":[{"href":"https:\/\/yuri.com.br\/claudio\/wp-json\/wp\/v2\/media?parent=7078"}],"wp:term":[{"taxonomy":"category","embeddable":true,"href":"https:\/\/yuri.com.br\/claudio\/wp-json\/wp\/v2\/categories?post=7078"},{"taxonomy":"post_tag","embeddable":true,"href":"https:\/\/yuri.com.br\/claudio\/wp-json\/wp\/v2\/tags?post=7078"}],"curies":[{"name":"wp","href":"https:\/\/api.w.org\/{rel}","templated":true}]}}