{"id":70,"date":"2008-08-04T20:01:38","date_gmt":"2008-08-04T20:01:38","guid":{"rendered":"http:\/\/claudiobr.wordpress.com\/?p=70"},"modified":"2008-08-04T20:01:38","modified_gmt":"2008-08-04T20:01:38","slug":"seguranca-em-boulder","status":"publish","type":"post","link":"https:\/\/yuri.com.br\/claudio\/2008\/08\/04\/seguranca-em-boulder\/","title":{"rendered":"Seguran\u00e7a em boulder?"},"content":{"rendered":"<p><strong>ATEN\u00c7\u00c3O NA SEG, GALERA!!!!!!!!!!!<\/strong><strong><br \/>\n<\/strong><\/p>\n<p>&#8212;x&#8212;<br \/>\n<span class=\"title\">SEGURAN\u00c7A EM BOULDER?<\/span><br \/>\n<span class=\"content\">Por Claudio Brisighello<\/span><\/p>\n<p align=\"justify\"><span class=\"content\"><span style=\"font-size:small;font-family:times new roman,times,serif;\">Bouldering \u00e9 uma das modalidades de escalada que vem crescendo bastante no Brasil, apesar de ser uma &#8220;febre&#8221; recente na hist\u00f3ria deste esporte no pa\u00eds, se comparada aos estilos esportivo e tradicional, por exemplo. Este fato \u00e9 evidenciado tanto em gin\u00e1sios de escalada como em novos picos que est\u00e3o se desenvolvendo rapidamente com o surgimento de cada vez mais praticantes, devido ao f\u00e1cil acesso em termos de custo, sem falar do aspecto social, dessa &#8220;vibe&#8221; positiva que une galeras e tribos nas \u201cboulder sessions\u201d. Este artigo \u00e9 destinado aos praticantes ou &#8220;boulderistas&#8221;, com o intuito de alertar e instruir a respeito da seguran\u00e7a, pois por menor que um bloco de pedra seje em rela\u00e7\u00e3o \u00e0 uma parede ou fal\u00e9sia, ele pode gerar acidentes grav\u00edssimos. <\/span><\/span><\/p>\n<p align=\"justify\">(&#8230;)<\/p>\n<p><strong>&gt; <em>continua aqui<\/em><\/strong>: <a title=\"Artigo\" href=\"http:\/\/www.escaladabrasil.com\/osite\/modules.php?name=Content&amp;pa=showpage&amp;pid=74\" target=\"_blank\">escaladabrasil.com<\/a><\/p>\n<p><a href=\"http:\/\/yuri.com.br\/claudio\/wp-content\/uploads\/2008\/08\/radioscopia.jpg\"><img loading=\"lazy\" decoding=\"async\" data-attachment-id=\"71\" data-permalink=\"https:\/\/yuri.com.br\/claudio\/2008\/08\/04\/seguranca-em-boulder\/radioscopia\/\" data-orig-file=\"https:\/\/yuri.com.br\/claudio\/wp-content\/uploads\/2008\/08\/radioscopia.jpg\" data-orig-size=\"298,270\" data-comments-opened=\"1\" data-image-meta=\"{&quot;aperture&quot;:&quot;0&quot;,&quot;credit&quot;:&quot;&quot;,&quot;camera&quot;:&quot;&quot;,&quot;caption&quot;:&quot;&quot;,&quot;created_timestamp&quot;:&quot;0&quot;,&quot;copyright&quot;:&quot;&quot;,&quot;focal_length&quot;:&quot;0&quot;,&quot;iso&quot;:&quot;0&quot;,&quot;shutter_speed&quot;:&quot;0&quot;,&quot;title&quot;:&quot;&quot;}\" data-image-title=\"Radioscopia do meu tornozelo\" data-image-description=\"\" data-image-caption=\"\" data-medium-file=\"https:\/\/yuri.com.br\/claudio\/wp-content\/uploads\/2008\/08\/radioscopia.jpg\" data-large-file=\"https:\/\/yuri.com.br\/claudio\/wp-content\/uploads\/2008\/08\/radioscopia.jpg\" class=\"aligncenter size-full wp-image-71\" src=\"http:\/\/yuri.com.br\/claudio\/wp-content\/uploads\/2008\/08\/radioscopia.jpg\" alt=\"\" width=\"298\" height=\"270\" srcset=\"https:\/\/yuri.com.br\/claudio\/wp-content\/uploads\/2008\/08\/radioscopia.jpg 298w, https:\/\/yuri.com.br\/claudio\/wp-content\/uploads\/2008\/08\/radioscopia-210x190.jpg 210w\" sizes=\"auto, (max-width: 298px) 100vw, 298px\" \/><\/a><\/p>\n","protected":false},"excerpt":{"rendered":"<p>ATEN\u00c7\u00c3O NA SEG, GALERA!!!!!!!!!!! &#8212;x&#8212; SEGURAN\u00c7A EM BOULDER? Por Claudio Brisighello Bouldering \u00e9 uma das modalidades de escalada que vem crescendo bastante no Brasil, apesar de ser uma &#8220;febre&#8221; recente na hist\u00f3ria deste esporte no pa\u00eds, se comparada aos estilos esportivo e tradicional, por exemplo. Este fato \u00e9 evidenciado tanto em gin\u00e1sios de escalada como&hellip;&nbsp;<a href=\"https:\/\/yuri.com.br\/claudio\/2008\/08\/04\/seguranca-em-boulder\/\" rel=\"bookmark\">Continue a ler &raquo;<span class=\"screen-reader-text\">Seguran\u00e7a em boulder?<\/span><\/a><\/p>\n","protected":false},"author":2,"featured_media":71,"comment_status":"open","ping_status":"open","sticky":false,"template":"","format":"standard","meta":{"neve_meta_sidebar":"","neve_meta_container":"","neve_meta_enable_content_width":"","neve_meta_content_width":0,"neve_meta_title_alignment":"","neve_meta_author_avatar":"","neve_post_elements_order":"","neve_meta_disable_header":"","neve_meta_disable_footer":"","neve_meta_disable_title":"","jetpack_post_was_ever_published":false,"_jetpack_newsletter_access":"","_jetpack_dont_email_post_to_subs":false,"_jetpack_newsletter_tier_id":0,"_jetpack_memberships_contains_paywalled_content":false,"_jetpack_memberships_contains_paid_content":false,"footnotes":"","jetpack_publicize_message":"","jetpack_publicize_feature_enabled":true,"jetpack_social_post_already_shared":false,"jetpack_social_options":{"image_generator_settings":{"template":"highway","default_image_id":0,"font":"","enabled":false},"version":2}},"categories":[3],"tags":[32],"class_list":["post-70","post","type-post","status-publish","format-standard","has-post-thumbnail","hentry","category-escalada","tag-bouldering"],"jetpack_publicize_connections":[],"jetpack_featured_media_url":"https:\/\/yuri.com.br\/claudio\/wp-content\/uploads\/2008\/08\/radioscopia.jpg","jetpack_shortlink":"https:\/\/wp.me\/p4i7cB-18","jetpack_sharing_enabled":true,"jetpack-related-posts":[{"id":4755,"url":"https:\/\/yuri.com.br\/claudio\/2013\/03\/19\/base-arrumaitor-tabajara\/","url_meta":{"origin":70,"position":0},"title":"Base Arrumaitor Tabajara","author":"claudio","date":"19\/mar\/2013","format":false,"excerpt":"Base de boulder \u00e9 assunto s\u00e9rio. A radioscopia abaixo me ajuda a argumentar: foi causada por uma queda relativamente baixa (cerca de 3m) de p\u00e9 em cima de crashpad, sobre um ch\u00e3o plano, com poucos e discretos bicos de pedra salientes. Al\u00e9m dos 5 pinos no tornozelo, fissurei 2 v\u00e9rtebras.\u2026","rel":"","context":"Em &quot;Escalada&quot;","block_context":{"text":"Escalada","link":"https:\/\/yuri.com.br\/claudio\/category\/escalada\/"},"img":{"alt_text":"","src":"https:\/\/i0.wp.com\/yuri.com.br\/claudio\/wp-content\/uploads\/2013\/03\/catraca.jpg?resize=350%2C200&ssl=1","width":350,"height":200,"srcset":"https:\/\/i0.wp.com\/yuri.com.br\/claudio\/wp-content\/uploads\/2013\/03\/catraca.jpg?resize=350%2C200&ssl=1 1x, https:\/\/i0.wp.com\/yuri.com.br\/claudio\/wp-content\/uploads\/2013\/03\/catraca.jpg?resize=525%2C300&ssl=1 1.5x, https:\/\/i0.wp.com\/yuri.com.br\/claudio\/wp-content\/uploads\/2013\/03\/catraca.jpg?resize=700%2C400&ssl=1 2x"},"classes":[]},{"id":3079,"url":"https:\/\/yuri.com.br\/claudio\/2011\/09\/12\/vamo-ae-galera-sumba-boulder\/","url_meta":{"origin":70,"position":1},"title":"Vamo a\u00ea galera!!! SUMBA BOULDER","author":"claudio","date":"12\/set\/2011","format":false,"excerpt":"","rel":"","context":"Em &quot;Escalada&quot;","block_context":{"text":"Escalada","link":"https:\/\/yuri.com.br\/claudio\/category\/escalada\/"},"img":{"alt_text":"","src":"","width":0,"height":0},"classes":[]},{"id":170,"url":"https:\/\/yuri.com.br\/claudio\/2008\/08\/28\/ainda-sobre-a-ultima-etapa-do-carioca-de-boulder\/","url_meta":{"origin":70,"position":2},"title":"Ainda sobre a \u00faltima etapa do carioca de boulder","author":"claudio","date":"28\/ago\/2008","format":false,"excerpt":"O escalador niteroiense Caio Gomes, vencedor da \u00faltima etapa do campeonato carioca 2008, \"Etapa Paulo Macaco\", escreveu um artigo mais completo sobre o o evento para o Webventure. Gostaria de citar e destacar um par\u00e1grafo em especial: \"O que chamou muita aten\u00e7\u00e3o nessa etapa, foi o numero bastante reduzido de\u2026","rel":"","context":"Em &quot;Escalada&quot;","block_context":{"text":"Escalada","link":"https:\/\/yuri.com.br\/claudio\/category\/escalada\/"},"img":{"alt_text":"","src":"https:\/\/i0.wp.com\/farm4.static.flickr.com\/3060\/2774639781_89570c6d42.jpg?resize=350%2C200","width":350,"height":200},"classes":[]},{"id":4149,"url":"https:\/\/yuri.com.br\/claudio\/2012\/10\/25\/john-gill-o-pioneiro\/","url_meta":{"origin":70,"position":3},"title":"John Gill, o pioneiro","author":"claudio","date":"25\/out\/2012","format":false,"excerpt":"Esse a\u00ed dispensa apresenta\u00e7\u00f5es... se nunca ouviu falar deste vovozinho de 75 anos, pule este post. Aproveito a ocasi\u00e3o \"hist\u00f3ria da escalada\/bouldering\" para lembrar do interessante sistema de gradua\u00e7\u00e3o que John Gill prop\u00f4s nos prim\u00f3rdios (adotado na d\u00e9cada passada por Klem Loskot), uma id\u00e9ia que faz mais sentido para mim\u2026","rel":"","context":"Em &quot;Escalada&quot;","block_context":{"text":"Escalada","link":"https:\/\/yuri.com.br\/claudio\/category\/escalada\/"},"img":{"alt_text":"","src":"https:\/\/i0.wp.com\/img.youtube.com\/vi\/7XklZ40FGgs\/0.jpg?resize=350%2C200","width":350,"height":200},"classes":[]},{"id":3094,"url":"https:\/\/yuri.com.br\/claudio\/2011\/09\/29\/ta-chegando\/","url_meta":{"origin":70,"position":4},"title":"T\u00e1 chegando&#8230;","author":"claudio","date":"29\/set\/2011","format":false,"excerpt":"Aqui vai uma \u00faltima foto antes do Sumba Boulder 2011, com a galera ap\u00f3s um dia de trabalho. Nos vemos por l\u00e1!","rel":"","context":"Em &quot;Escalada&quot;","block_context":{"text":"Escalada","link":"https:\/\/yuri.com.br\/claudio\/category\/escalada\/"},"img":{"alt_text":"","src":"https:\/\/i0.wp.com\/yuri.com.br\/claudio\/wp-content\/uploads\/2011\/09\/sumba_galera_sunset.jpg?resize=350%2C200&ssl=1","width":350,"height":200,"srcset":"https:\/\/i0.wp.com\/yuri.com.br\/claudio\/wp-content\/uploads\/2011\/09\/sumba_galera_sunset.jpg?resize=350%2C200&ssl=1 1x, https:\/\/i0.wp.com\/yuri.com.br\/claudio\/wp-content\/uploads\/2011\/09\/sumba_galera_sunset.jpg?resize=525%2C300&ssl=1 1.5x, https:\/\/i0.wp.com\/yuri.com.br\/claudio\/wp-content\/uploads\/2011\/09\/sumba_galera_sunset.jpg?resize=700%2C400&ssl=1 2x"},"classes":[]},{"id":3058,"url":"https:\/\/yuri.com.br\/claudio\/2011\/09\/07\/e-da-lhe-boulder\/","url_meta":{"origin":70,"position":5},"title":"E d\u00e1-lhe boulder&#8230;","author":"claudio","date":"7\/set\/2011","format":false,"excerpt":"Os trampos no setor novo continuam e dezenas de linhas est\u00e3o abertas, do V0 ao V-Hard, de verticais a tet\u00f5es, sem falar de um \u00e1rduo trabalho nas bases que mudou meu conceito, visando a seguran\u00e7a. E pensar que uma simples enxadada dessas poderia ter evitado os 4 parafusos que ganhei\u2026","rel":"","context":"Em &quot;Escalada&quot;","block_context":{"text":"Escalada","link":"https:\/\/yuri.com.br\/claudio\/category\/escalada\/"},"img":{"alt_text":"","src":"https:\/\/i0.wp.com\/yuri.com.br\/claudio\/wp-content\/uploads\/2011\/09\/sumbaboulder_paulinha_small.jpg?resize=350%2C200&ssl=1","width":350,"height":200,"srcset":"https:\/\/i0.wp.com\/yuri.com.br\/claudio\/wp-content\/uploads\/2011\/09\/sumbaboulder_paulinha_small.jpg?resize=350%2C200&ssl=1 1x, https:\/\/i0.wp.com\/yuri.com.br\/claudio\/wp-content\/uploads\/2011\/09\/sumbaboulder_paulinha_small.jpg?resize=525%2C300&ssl=1 1.5x, https:\/\/i0.wp.com\/yuri.com.br\/claudio\/wp-content\/uploads\/2011\/09\/sumbaboulder_paulinha_small.jpg?resize=700%2C400&ssl=1 2x"},"classes":[]}],"_links":{"self":[{"href":"https:\/\/yuri.com.br\/claudio\/wp-json\/wp\/v2\/posts\/70","targetHints":{"allow":["GET"]}}],"collection":[{"href":"https:\/\/yuri.com.br\/claudio\/wp-json\/wp\/v2\/posts"}],"about":[{"href":"https:\/\/yuri.com.br\/claudio\/wp-json\/wp\/v2\/types\/post"}],"author":[{"embeddable":true,"href":"https:\/\/yuri.com.br\/claudio\/wp-json\/wp\/v2\/users\/2"}],"replies":[{"embeddable":true,"href":"https:\/\/yuri.com.br\/claudio\/wp-json\/wp\/v2\/comments?post=70"}],"version-history":[{"count":0,"href":"https:\/\/yuri.com.br\/claudio\/wp-json\/wp\/v2\/posts\/70\/revisions"}],"wp:featuredmedia":[{"embeddable":true,"href":"https:\/\/yuri.com.br\/claudio\/wp-json\/wp\/v2\/media\/71"}],"wp:attachment":[{"href":"https:\/\/yuri.com.br\/claudio\/wp-json\/wp\/v2\/media?parent=70"}],"wp:term":[{"taxonomy":"category","embeddable":true,"href":"https:\/\/yuri.com.br\/claudio\/wp-json\/wp\/v2\/categories?post=70"},{"taxonomy":"post_tag","embeddable":true,"href":"https:\/\/yuri.com.br\/claudio\/wp-json\/wp\/v2\/tags?post=70"}],"curies":[{"name":"wp","href":"https:\/\/api.w.org\/{rel}","templated":true}]}}