{"id":683,"date":"2009-05-11T18:02:15","date_gmt":"2009-05-11T18:02:15","guid":{"rendered":"http:\/\/claudiobr.wordpress.com\/?p=683"},"modified":"2009-05-11T18:02:15","modified_gmt":"2009-05-11T18:02:15","slug":"adam-ondra-da-silva-jr","status":"publish","type":"post","link":"https:\/\/yuri.com.br\/claudio\/2009\/05\/11\/adam-ondra-da-silva-jr\/","title":{"rendered":"&#8220;Adam Ondra da Silva Jr&#8221;"},"content":{"rendered":"<p style=\"text-align:left;\">Como n\u00e3o terei mto tempo pra editar t\u00e3o cedo as imagens da 1a. etapa do Estadual\/RJ, disponibilizei um &#8220;raw footage&#8221; desse moleque (Jo\u00e3o Matheus, 11 anos) pra n\u00e3o passar batido:<\/p>\n<p style=\"text-align:center;\"><div class=\"nv-iframe-embed\"><div class=\"embed-vimeo\" style=\"text-align: center;\"><iframe loading=\"lazy\" src=\"https:\/\/player.vimeo.com\/video\/4590675\" width=\"1200\" height=\"675\" frameborder=\"0\" webkitallowfullscreen mozallowfullscreen allowfullscreen><\/iframe><\/div><\/div>\n<p style=\"text-align:left;\">Ta\u00ed mais um motivo pra vc participar e prestigiar os campeonatos, estimulando a manter mais um caminho aberto para que\u00a0 novos &#8220;Piku\u00edra&#8217;s&#8221; possam surgir. Tenho certeza que o pequenino Jo\u00e3o encheu os olhos da galera ontem, escalando por pura alegria, esbanjando desenvoltura e naturalidade.<\/p>\n<p>Boa semana a todos!<\/p>\n","protected":false},"excerpt":{"rendered":"<p>Como n\u00e3o terei mto tempo pra editar t\u00e3o cedo as imagens da 1a. etapa do Estadual\/RJ, disponibilizei um &#8220;raw footage&#8221; desse moleque (Jo\u00e3o Matheus, 11 anos) pra n\u00e3o passar batido: Ta\u00ed mais um motivo pra vc participar e prestigiar os campeonatos, estimulando a manter mais um caminho aberto para que\u00a0 novos &#8220;Piku\u00edra&#8217;s&#8221; possam surgir. Tenho&hellip;&nbsp;<a href=\"https:\/\/yuri.com.br\/claudio\/2009\/05\/11\/adam-ondra-da-silva-jr\/\" rel=\"bookmark\">Continue a ler &raquo;<span class=\"screen-reader-text\">&#8220;Adam Ondra da Silva Jr&#8221;<\/span><\/a><\/p>\n","protected":false},"author":2,"featured_media":0,"comment_status":"open","ping_status":"open","sticky":false,"template":"","format":"standard","meta":{"neve_meta_sidebar":"","neve_meta_container":"","neve_meta_enable_content_width":"","neve_meta_content_width":0,"neve_meta_title_alignment":"","neve_meta_author_avatar":"","neve_post_elements_order":"","neve_meta_disable_header":"","neve_meta_disable_footer":"","neve_meta_disable_title":"","jetpack_post_was_ever_published":false,"_jetpack_newsletter_access":"","_jetpack_dont_email_post_to_subs":false,"_jetpack_newsletter_tier_id":0,"_jetpack_memberships_contains_paywalled_content":false,"_jetpack_memberships_contains_paid_content":false,"footnotes":"","jetpack_publicize_message":"","jetpack_publicize_feature_enabled":true,"jetpack_social_post_already_shared":false,"jetpack_social_options":{"image_generator_settings":{"template":"highway","default_image_id":0,"font":"","enabled":false},"version":2}},"categories":[3],"tags":[],"class_list":["post-683","post","type-post","status-publish","format-standard","hentry","category-escalada"],"jetpack_publicize_connections":[],"jetpack_featured_media_url":"","jetpack_shortlink":"https:\/\/wp.me\/p4i7cB-b1","jetpack_sharing_enabled":true,"jetpack-related-posts":[{"id":713,"url":"https:\/\/yuri.com.br\/claudio\/2009\/05\/24\/video-campeonato-estadual-rj-1a-etapa\/","url_meta":{"origin":683,"position":0},"title":"V\u00eddeo &#8211; Campeonato Estadual RJ (1a. Etapa)","author":"claudio","date":"24\/maio\/2009","format":false,"excerpt":"Segue mais um v\u00eddeo\/curta feito com carinho no formato widescreen mais trilhas escolhidas a dedo :-) Desta vez do campeonato estadual aqui do RJ, categoria dos marmanjos: \u00c9 s\u00f3 uma lembrancinha mesmo, pois percebi que filmar, competir, dar seg, trabalhar 50hs por semana, etc - dificulta um pouco o resultado\u2026","rel":"","context":"Em &quot;Escalada&quot;","block_context":{"text":"Escalada","link":"https:\/\/yuri.com.br\/claudio\/category\/escalada\/"},"img":{"alt_text":"","src":"","width":0,"height":0},"classes":[]},{"id":705,"url":"https:\/\/yuri.com.br\/claudio\/2009\/05\/22\/coming-soon\/","url_meta":{"origin":683,"position":1},"title":"Coming soon","author":"claudio","date":"22\/maio\/2009","format":false,"excerpt":"\u00a0 Videozinho no forno... \u00a0 Bom fim de semana a todos!","rel":"","context":"Em &quot;Escalada&quot;","block_context":{"text":"Escalada","link":"https:\/\/yuri.com.br\/claudio\/category\/escalada\/"},"img":{"alt_text":"","src":"https:\/\/i0.wp.com\/yuri.com.br\/claudio\/wp-content\/uploads\/2009\/05\/promo.jpg?resize=350%2C200&ssl=1","width":350,"height":200,"srcset":"https:\/\/i0.wp.com\/yuri.com.br\/claudio\/wp-content\/uploads\/2009\/05\/promo.jpg?resize=350%2C200&ssl=1 1x, https:\/\/i0.wp.com\/yuri.com.br\/claudio\/wp-content\/uploads\/2009\/05\/promo.jpg?resize=525%2C300&ssl=1 1.5x"},"classes":[]},{"id":3722,"url":"https:\/\/yuri.com.br\/claudio\/2012\/06\/11\/campeonato-brasileiro-2012-etapa-sao-bento-fotos\/","url_meta":{"origin":683,"position":2},"title":"Campeonato Brasileiro 2012 &#8211; Etapa S\u00e3o Bento (fotos)","author":"claudio","date":"11\/jun\/2012","format":false,"excerpt":"S\u00e3o Pedro e S\u00e3o Bento fizeram um pacto de 24 horas para que no s\u00e1bado, a m\u00e1gica acontecesse: sol e frio perfeitos para rolar um espet\u00e1culo do climb, resultado merecido de um mega-trampo de tirar o chap\u00e9u... Acima, o Rafinha em um dos boulders mais duros do festival. O moleque\u2026","rel":"","context":"Em &quot;Escalada&quot;","block_context":{"text":"Escalada","link":"https:\/\/yuri.com.br\/claudio\/category\/escalada\/"},"img":{"alt_text":"","src":"https:\/\/i0.wp.com\/yuri.com.br\/claudio\/wp-content\/uploads\/2012\/06\/brasileiro_rafinha_small.jpg?resize=350%2C200&ssl=1","width":350,"height":200,"srcset":"https:\/\/i0.wp.com\/yuri.com.br\/claudio\/wp-content\/uploads\/2012\/06\/brasileiro_rafinha_small.jpg?resize=350%2C200&ssl=1 1x, https:\/\/i0.wp.com\/yuri.com.br\/claudio\/wp-content\/uploads\/2012\/06\/brasileiro_rafinha_small.jpg?resize=525%2C300&ssl=1 1.5x"},"classes":[]},{"id":2008,"url":"https:\/\/yuri.com.br\/claudio\/2010\/05\/19\/1%c2%aa-etapa-campeonato-estadual-de-boulder-rj2010\/","url_meta":{"origin":683,"position":3},"title":"1\u00aa Etapa Campeonato Estadual de Boulder RJ\/2010","author":"claudio","date":"19\/maio\/2010","format":false,"excerpt":"Divulgando: Infelizmente ainda estarei longe do Rio nesta 1a. etapa :-\/ Mas fica a dica: o circuito de boulder deste ano vai rolar novamente l\u00e1 no muro da Patty em Niter\u00f3i, naquele esquema sem taxa de inscri\u00e7\u00e3o (luxo), basta estar devidamente federado ou filiado aos clubes. Aqui vai uma lembran\u00e7a\u2026","rel":"","context":"Em &quot;Escalada&quot;","block_context":{"text":"Escalada","link":"https:\/\/yuri.com.br\/claudio\/category\/escalada\/"},"img":{"alt_text":"","src":"https:\/\/i0.wp.com\/img.youtube.com\/vi\/ojMRzsXSBH4\/0.jpg?resize=350%2C200","width":350,"height":200},"classes":[]},{"id":811,"url":"https:\/\/yuri.com.br\/claudio\/2009\/07\/01\/2%c2%aa-etapa-do-campeonato-estadual-de-boulder-2009-rj\/","url_meta":{"origin":683,"position":4},"title":"2\u00aa ETAPA DO CAMPEONATO ESTADUAL DE BOULDER 2009 &#8211; RJ","author":"claudio","date":"1\/jul\/2009","format":false,"excerpt":"Divulgando: \"Ol\u00e1 !! Acontecer\u00e1 no dia\u00a005 de julho, a 2\u00aa Etapa do Campeonato Estadual de Boulder 2009 - RJ. Confiram\u00a0o V\u00eddeo Anima\u00e7\u00e3o com as informa\u00e7\u00f5es da 2\u00aa Etapa do Campeonato Estadual de Boulder 2009 - RJ. Ligue o SOM!!! ATEN\u00c7\u00c3O COMPETIDORES: N\u00e3o esque\u00e7am de se filiar ou atualizar sua situa\u00e7\u00e3o\u2026","rel":"","context":"Em &quot;Escalada&quot;","block_context":{"text":"Escalada","link":"https:\/\/yuri.com.br\/claudio\/category\/escalada\/"},"img":{"alt_text":"","src":"https:\/\/i0.wp.com\/img.youtube.com\/vi\/7ygXjDkP_z8\/0.jpg?resize=350%2C200","width":350,"height":200},"classes":[]},{"id":254,"url":"https:\/\/yuri.com.br\/claudio\/2008\/10\/31\/sobre-o-campeonato-estadual-de-boulder-rj-2008\/","url_meta":{"origin":683,"position":5},"title":"Sobre o Campeonato Estadual de Boulder RJ 2008","author":"claudio","date":"31\/out\/2008","format":false,"excerpt":"Neste m\u00eas de outubro\u00a0terminou o Campeonato Estadual de Escalada (Boulder) do RJ 2008. Sobre os resultados oficiais eu indico 2 artigos: Blog da Lojinha de Escalada Blog do Caio Gomes E clicando neste link pode-se conferir algumas fotos que fiz desta \u00faltima etapa na Limite Vertical. Aproveito este espa\u00e7o para\u2026","rel":"","context":"Em &quot;Escalada&quot;","block_context":{"text":"Escalada","link":"https:\/\/yuri.com.br\/claudio\/category\/escalada\/"},"img":{"alt_text":"","src":"https:\/\/i0.wp.com\/yuri.com.br\/claudio\/wp-content\/uploads\/2008\/10\/jornaldossports_estadualrj2008.jpg?resize=350%2C200&ssl=1","width":350,"height":200,"srcset":"https:\/\/i0.wp.com\/yuri.com.br\/claudio\/wp-content\/uploads\/2008\/10\/jornaldossports_estadualrj2008.jpg?resize=350%2C200&ssl=1 1x, https:\/\/i0.wp.com\/yuri.com.br\/claudio\/wp-content\/uploads\/2008\/10\/jornaldossports_estadualrj2008.jpg?resize=525%2C300&ssl=1 1.5x, https:\/\/i0.wp.com\/yuri.com.br\/claudio\/wp-content\/uploads\/2008\/10\/jornaldossports_estadualrj2008.jpg?resize=700%2C400&ssl=1 2x"},"classes":[]}],"_links":{"self":[{"href":"https:\/\/yuri.com.br\/claudio\/wp-json\/wp\/v2\/posts\/683","targetHints":{"allow":["GET"]}}],"collection":[{"href":"https:\/\/yuri.com.br\/claudio\/wp-json\/wp\/v2\/posts"}],"about":[{"href":"https:\/\/yuri.com.br\/claudio\/wp-json\/wp\/v2\/types\/post"}],"author":[{"embeddable":true,"href":"https:\/\/yuri.com.br\/claudio\/wp-json\/wp\/v2\/users\/2"}],"replies":[{"embeddable":true,"href":"https:\/\/yuri.com.br\/claudio\/wp-json\/wp\/v2\/comments?post=683"}],"version-history":[{"count":0,"href":"https:\/\/yuri.com.br\/claudio\/wp-json\/wp\/v2\/posts\/683\/revisions"}],"wp:attachment":[{"href":"https:\/\/yuri.com.br\/claudio\/wp-json\/wp\/v2\/media?parent=683"}],"wp:term":[{"taxonomy":"category","embeddable":true,"href":"https:\/\/yuri.com.br\/claudio\/wp-json\/wp\/v2\/categories?post=683"},{"taxonomy":"post_tag","embeddable":true,"href":"https:\/\/yuri.com.br\/claudio\/wp-json\/wp\/v2\/tags?post=683"}],"curies":[{"name":"wp","href":"https:\/\/api.w.org\/{rel}","templated":true}]}}