{"id":672,"date":"2009-05-12T21:18:06","date_gmt":"2009-05-12T21:18:06","guid":{"rendered":"http:\/\/claudiobr.wordpress.com\/?p=672"},"modified":"2009-05-12T21:18:06","modified_gmt":"2009-05-12T21:18:06","slug":"hoegaarden-witbier","status":"publish","type":"post","link":"https:\/\/yuri.com.br\/claudio\/2009\/05\/12\/hoegaarden-witbier\/","title":{"rendered":"Hoegaarden Witbier"},"content":{"rendered":"<p style=\"text-align:left;\">Pra quem curte a famosa Erdinger, que anos atr\u00e1s era a primeira cerveja &#8220;premium&#8221; a figurar nas prateleiras dos supermercados, ultimamente pode se deparar com a Hoegaarden, uma das belgas introduzidas pela Inbev\/Ambev no mercado brasileiro. Felizmente, hoje em dia temos v\u00e1rias outras boas op\u00e7\u00f5es, inclusive nacionais. Ent\u00e3o se voc\u00ea curte cervejas de trigo, esta \u00e9 uma boa pedida para os dias de calor. \u00c9 bastante refrescante: em sua receita tem cascas de laranja, percept\u00edveis no aroma e sabor.<\/p>\n<p style=\"text-align:center;\"><a href=\"http:\/\/www.flickr.com\/photos\/cbrisighello\/3515475747\/\"><img loading=\"lazy\" decoding=\"async\" class=\"aligncenter\" title=\"Hoegaarden\" src=\"http:\/\/farm4.static.flickr.com\/3589\/3515475747_fa5a9e668d.jpg\" alt=\"\" width=\"500\" height=\"333\" \/><\/a><\/p>\n<p style=\"text-align:center;\">Gezondheid, sa\u00fade!<\/p>\n","protected":false},"excerpt":{"rendered":"<p>Pra quem curte a famosa Erdinger, que anos atr\u00e1s era a primeira cerveja &#8220;premium&#8221; a figurar nas prateleiras dos supermercados, ultimamente pode se deparar com a Hoegaarden, uma das belgas introduzidas pela Inbev\/Ambev no mercado brasileiro. Felizmente, hoje em dia temos v\u00e1rias outras boas op\u00e7\u00f5es, inclusive nacionais. Ent\u00e3o se voc\u00ea curte cervejas de trigo, esta&hellip;&nbsp;<a href=\"https:\/\/yuri.com.br\/claudio\/2009\/05\/12\/hoegaarden-witbier\/\" rel=\"bookmark\">Continue a ler &raquo;<span class=\"screen-reader-text\">Hoegaarden Witbier<\/span><\/a><\/p>\n","protected":false},"author":2,"featured_media":0,"comment_status":"open","ping_status":"open","sticky":false,"template":"","format":"standard","meta":{"neve_meta_sidebar":"","neve_meta_container":"","neve_meta_enable_content_width":"","neve_meta_content_width":0,"neve_meta_title_alignment":"","neve_meta_author_avatar":"","neve_post_elements_order":"","neve_meta_disable_header":"","neve_meta_disable_footer":"","neve_meta_disable_title":"","jetpack_post_was_ever_published":false,"_jetpack_newsletter_access":"","_jetpack_dont_email_post_to_subs":false,"_jetpack_newsletter_tier_id":0,"_jetpack_memberships_contains_paywalled_content":false,"_jetpack_memberships_contains_paid_content":false,"footnotes":"","jetpack_publicize_message":"","jetpack_publicize_feature_enabled":true,"jetpack_social_post_already_shared":false,"jetpack_social_options":{"image_generator_settings":{"template":"highway","default_image_id":0,"font":"","enabled":false},"version":2}},"categories":[2],"tags":[59],"class_list":["post-672","post","type-post","status-publish","format-standard","hentry","category-baixa-gastronomia","tag-hoegaarden"],"jetpack_publicize_connections":[],"jetpack_featured_media_url":"","jetpack_shortlink":"https:\/\/wp.me\/p4i7cB-aQ","jetpack_sharing_enabled":true,"jetpack-related-posts":[{"id":2772,"url":"https:\/\/yuri.com.br\/claudio\/2011\/07\/05\/breja-artesanal\/","url_meta":{"origin":672,"position":0},"title":"Breja artesanal","author":"claudio","date":"5\/jul\/2011","format":false,"excerpt":"Saiu a\u00a0 nossa primeira cerveja: \"32 \u00c1urea Ale\" (4.5% ABV), um trocadilho com nossa idade e a tal lei que aboliu a escravid\u00e3o. Para uma debutante, at\u00e9 que ficou al\u00e9m da expectativa! A partir das pr\u00f3ximas, anotarei por aqui os detalhes que forem interessantes pra compartilhar... pois sinto que essa\u2026","rel":"","context":"Em &quot;'Baixa' Gastronomia&quot;","block_context":{"text":"'Baixa' Gastronomia","link":"https:\/\/yuri.com.br\/claudio\/category\/baixa-gastronomia\/"},"img":{"alt_text":"","src":"https:\/\/i0.wp.com\/yuri.com.br\/claudio\/wp-content\/uploads\/2011\/07\/32aureaale.jpg?resize=350%2C200&ssl=1","width":350,"height":200,"srcset":"https:\/\/i0.wp.com\/yuri.com.br\/claudio\/wp-content\/uploads\/2011\/07\/32aureaale.jpg?resize=350%2C200&ssl=1 1x, https:\/\/i0.wp.com\/yuri.com.br\/claudio\/wp-content\/uploads\/2011\/07\/32aureaale.jpg?resize=525%2C300&ssl=1 1.5x, https:\/\/i0.wp.com\/yuri.com.br\/claudio\/wp-content\/uploads\/2011\/07\/32aureaale.jpg?resize=700%2C400&ssl=1 2x"},"classes":[]},{"id":272,"url":"https:\/\/yuri.com.br\/claudio\/2008\/11\/05\/city-beer-store-sf\/","url_meta":{"origin":672,"position":1},"title":"City Beer Store, SF","author":"claudio","date":"5\/nov\/2008","format":false,"excerpt":"Propaganda\/dica de S\u00e3o Francisco pro povo da cerveja. Experimentei alguns bares por l\u00e1, inclusive o dito buteco-trapista La Trappe, que tem ambiente t\u00e9matico (me lembrou mais uma taberna, legal pra ir a dois), oferece um rango bacana e boas op\u00e7\u00f5es 'on tap' al\u00e9m de v\u00e1rias cervejas belgas de garrafa. O\u2026","rel":"","context":"Em &quot;'Baixa' Gastronomia&quot;","block_context":{"text":"'Baixa' Gastronomia","link":"https:\/\/yuri.com.br\/claudio\/category\/baixa-gastronomia\/"},"img":{"alt_text":"","src":"https:\/\/i0.wp.com\/yuri.com.br\/claudio\/wp-content\/uploads\/2008\/11\/citybeerstore_sf.jpg?resize=350%2C200&ssl=1","width":350,"height":200,"srcset":"https:\/\/i0.wp.com\/yuri.com.br\/claudio\/wp-content\/uploads\/2008\/11\/citybeerstore_sf.jpg?resize=350%2C200&ssl=1 1x, https:\/\/i0.wp.com\/yuri.com.br\/claudio\/wp-content\/uploads\/2008\/11\/citybeerstore_sf.jpg?resize=525%2C300&ssl=1 1.5x, https:\/\/i0.wp.com\/yuri.com.br\/claudio\/wp-content\/uploads\/2008\/11\/citybeerstore_sf.jpg?resize=700%2C400&ssl=1 2x"},"classes":[]},{"id":216,"url":"https:\/\/yuri.com.br\/claudio\/2008\/09\/22\/eisenbahn-rauchbier-dannemann-petit-robusto\/","url_meta":{"origin":672,"position":2},"title":"Eisenbahn Rauchbier &#038; Dannemann Petit Robusto","author":"claudio","date":"22\/set\/2008","format":false,"excerpt":"Charuto e uma boa cerveja \u00e9 FODA! \u00c9 de parar o tempo nessa 'babil\u00f4nia', tocar um jazz e falar em baixo tom \"vamos curtir um prazer\"... Aqui vai uma recomenda\u00e7\u00e3o harmoniosa: Eisenbahn Rauchbier com Dannemann Petit Robusto. A breja, para quem n\u00e3o est\u00e1 acostumado com o tipo, pode estranhar pois\u2026","rel":"","context":"Em &quot;'Baixa' Gastronomia&quot;","block_context":{"text":"'Baixa' Gastronomia","link":"https:\/\/yuri.com.br\/claudio\/category\/baixa-gastronomia\/"},"img":{"alt_text":"","src":"https:\/\/i0.wp.com\/yuri.com.br\/claudio\/wp-content\/uploads\/2008\/09\/eisenbahn_rauch.jpg?resize=350%2C200&ssl=1","width":350,"height":200,"srcset":"https:\/\/i0.wp.com\/yuri.com.br\/claudio\/wp-content\/uploads\/2008\/09\/eisenbahn_rauch.jpg?resize=350%2C200&ssl=1 1x, https:\/\/i0.wp.com\/yuri.com.br\/claudio\/wp-content\/uploads\/2008\/09\/eisenbahn_rauch.jpg?resize=525%2C300&ssl=1 1.5x, https:\/\/i0.wp.com\/yuri.com.br\/claudio\/wp-content\/uploads\/2008\/09\/eisenbahn_rauch.jpg?resize=700%2C400&ssl=1 2x"},"classes":[]},{"id":2452,"url":"https:\/\/yuri.com.br\/claudio\/2010\/07\/29\/bamberg-rauchbier-premiada\/","url_meta":{"origin":672,"position":3},"title":"Bamberg Rauchbier premiada","author":"claudio","date":"29\/jul\/2010","format":false,"excerpt":"Essa vale a pena divulgar: foi noticiado no blog da micro-cervejaria paulista Bamberg, que a sua Rauchbier ganhou o primeir\u00edssimo lugar no World Beer Awards 2010 na categoria Flavoured Lager. Vale ressaltar que esse concurso \u00e9 casca grossa, figuram as melhores cervejas do mundo! A Bamberg Rauchbier foi a \u00fanica\u2026","rel":"","context":"Em &quot;'Baixa' Gastronomia&quot;","block_context":{"text":"'Baixa' Gastronomia","link":"https:\/\/yuri.com.br\/claudio\/category\/baixa-gastronomia\/"},"img":{"alt_text":"","src":"","width":0,"height":0},"classes":[]},{"id":76,"url":"https:\/\/yuri.com.br\/claudio\/2008\/08\/07\/parabens-a-eisenbahn\/","url_meta":{"origin":672,"position":4},"title":"Parab\u00e9ns \u00e0 Eisenbahn","author":"claudio","date":"7\/ago\/2008","format":false,"excerpt":"Registro aqui os aplausos merecidos (e atrasados) \u00e0 micro-cervejaria brasileira Eisenbahn, que com a sua Dunkel vem ganhando pr\u00eamios internacionais in\u00e9ditos e outrora impens\u00e1veis na cultura cervejeira do Brasil. A Eisenbahn tem apenas 5 anos, e recentemente foi adquirida pela Schincariol. Que ela prospere ainda mais! Separei o resultado de\u2026","rel":"","context":"Em &quot;'Baixa' Gastronomia&quot;","block_context":{"text":"'Baixa' Gastronomia","link":"https:\/\/yuri.com.br\/claudio\/category\/baixa-gastronomia\/"},"img":{"alt_text":"","src":"https:\/\/i0.wp.com\/yuri.com.br\/claudio\/wp-content\/uploads\/2008\/08\/eisenbahn_dunkel.jpg?resize=350%2C200&ssl=1","width":350,"height":200,"srcset":"https:\/\/i0.wp.com\/yuri.com.br\/claudio\/wp-content\/uploads\/2008\/08\/eisenbahn_dunkel.jpg?resize=350%2C200&ssl=1 1x, https:\/\/i0.wp.com\/yuri.com.br\/claudio\/wp-content\/uploads\/2008\/08\/eisenbahn_dunkel.jpg?resize=525%2C300&ssl=1 1.5x, https:\/\/i0.wp.com\/yuri.com.br\/claudio\/wp-content\/uploads\/2008\/08\/eisenbahn_dunkel.jpg?resize=700%2C400&ssl=1 2x"},"classes":[]},{"id":379,"url":"https:\/\/yuri.com.br\/claudio\/2009\/01\/20\/colorado-demoiselle\/","url_meta":{"origin":672,"position":5},"title":"Colorado Demoiselle","author":"claudio","date":"20\/jan\/2009","format":false,"excerpt":"O ano de 2008 foi marcado pelo avan\u00e7o (em qualidade) das cervejas brasileiras... viva! Para comemorar, aqui vai o que considero um dos melhores lan\u00e7amentos recentes: Colorado Demoiselle, cuja receita foi criada por um homebrewer, o Ricardo Rosa da Acerva Carioca em parceria com a cervejaria Colorado. Ela simplesmente faturou\u2026","rel":"","context":"Em &quot;'Baixa' Gastronomia&quot;","block_context":{"text":"'Baixa' Gastronomia","link":"https:\/\/yuri.com.br\/claudio\/category\/baixa-gastronomia\/"},"img":{"alt_text":"","src":"https:\/\/i0.wp.com\/farm4.static.flickr.com\/3217\/3157495223_7345ce6eae.jpg?resize=350%2C200","width":350,"height":200},"classes":[]}],"_links":{"self":[{"href":"https:\/\/yuri.com.br\/claudio\/wp-json\/wp\/v2\/posts\/672","targetHints":{"allow":["GET"]}}],"collection":[{"href":"https:\/\/yuri.com.br\/claudio\/wp-json\/wp\/v2\/posts"}],"about":[{"href":"https:\/\/yuri.com.br\/claudio\/wp-json\/wp\/v2\/types\/post"}],"author":[{"embeddable":true,"href":"https:\/\/yuri.com.br\/claudio\/wp-json\/wp\/v2\/users\/2"}],"replies":[{"embeddable":true,"href":"https:\/\/yuri.com.br\/claudio\/wp-json\/wp\/v2\/comments?post=672"}],"version-history":[{"count":0,"href":"https:\/\/yuri.com.br\/claudio\/wp-json\/wp\/v2\/posts\/672\/revisions"}],"wp:attachment":[{"href":"https:\/\/yuri.com.br\/claudio\/wp-json\/wp\/v2\/media?parent=672"}],"wp:term":[{"taxonomy":"category","embeddable":true,"href":"https:\/\/yuri.com.br\/claudio\/wp-json\/wp\/v2\/categories?post=672"},{"taxonomy":"post_tag","embeddable":true,"href":"https:\/\/yuri.com.br\/claudio\/wp-json\/wp\/v2\/tags?post=672"}],"curies":[{"name":"wp","href":"https:\/\/api.w.org\/{rel}","templated":true}]}}