{"id":649,"date":"2009-04-29T03:54:22","date_gmt":"2009-04-29T03:54:22","guid":{"rendered":"http:\/\/claudiobr.wordpress.com\/?p=649"},"modified":"2009-04-29T03:54:22","modified_gmt":"2009-04-29T03:54:22","slug":"curtapromo-cesinha","status":"publish","type":"post","link":"https:\/\/yuri.com.br\/claudio\/2009\/04\/29\/curtapromo-cesinha\/","title":{"rendered":"Curta\/promo Cesinha"},"content":{"rendered":"<p>Domingo fomos \u00e0 Urca em dia de ATM e\u00a0 levamos uma c\u00e2mera para divulgar as rifas do Cesinha, cuja edi\u00e7\u00e3o r\u00e1pida segue abaixo:<\/p>\n<div class=\"nv-iframe-embed\"><div class=\"embed-vimeo\" style=\"text-align: center;\"><iframe loading=\"lazy\" src=\"https:\/\/player.vimeo.com\/video\/4383326\" width=\"1200\" height=\"675\" frameborder=\"0\" webkitallowfullscreen mozallowfullscreen allowfullscreen><\/iframe><\/div><\/div>\n<p>Se vc est\u00e1 lendo isso aqui, compre pelo menos um n\u00famero da <a href=\"http:\/\/www.yuri.com.br\/loja\/rifa-mande-cesinha-mundial-p-115.html\" target=\"_blank&quot;\">rifa<\/a>. Tenho certeza que 10 reais n\u00e3o ir\u00e3o te fazer passar fome, e s\u00e3o v\u00e1rios pr\u00eamios sob uma causa honesta\/digna que \u00e9 o dif\u00edcil caminho da escalada esportiva profissional no Brasil. Eu poderia gastar 100 linhas aqui para demonstrar que o Cesinha \u00e9 o melhor atleta que a escalada esportiva brasileira j\u00e1 teve. Ao inv\u00e9s, acesse o <a href=\"http:\/\/cesargrosso.wordpress.com\/\" target=\"_blank&quot;\">blog dele<\/a> e tire suas pr\u00f3prias conclus\u00f5es sobre o Cesinha como escalador e ser humano.\u00a0 O melhor seria conhec\u00ea-lo pessoalmente, pois quando digo &#8220;melhor&#8221;, n\u00e3o falo apenas de n\u00fameros ou rankings. Falo de ego, car\u00e1ter, maturidade, sa\u00fade mental e f\u00edsica, postura, educa\u00e7\u00e3o, atitude entre outros valores que se mant\u00e9m inabalados mesmo ap\u00f3s v\u00e1rios anos de envelhecimento, desde que conhe\u00e7o o (ex) moleque. Os &#8220;n\u00fameros&#8221; s\u00e3o mera consequ\u00eancia disso tudo. Mas enfim, vou encerrar aqui este apelo que j\u00e1 beira um tom de desabafo :-)<\/p>\n","protected":false},"excerpt":{"rendered":"<p>Domingo fomos \u00e0 Urca em dia de ATM e\u00a0 levamos uma c\u00e2mera para divulgar as rifas do Cesinha, cuja edi\u00e7\u00e3o r\u00e1pida segue abaixo: Se vc est\u00e1 lendo isso aqui, compre pelo menos um n\u00famero da rifa. Tenho certeza que 10 reais n\u00e3o ir\u00e3o te fazer passar fome, e s\u00e3o v\u00e1rios pr\u00eamios sob uma causa honesta\/digna&hellip;&nbsp;<a href=\"https:\/\/yuri.com.br\/claudio\/2009\/04\/29\/curtapromo-cesinha\/\" rel=\"bookmark\">Continue a ler &raquo;<span class=\"screen-reader-text\">Curta\/promo Cesinha<\/span><\/a><\/p>\n","protected":false},"author":2,"featured_media":0,"comment_status":"open","ping_status":"open","sticky":false,"template":"","format":"standard","meta":{"neve_meta_sidebar":"","neve_meta_container":"","neve_meta_enable_content_width":"","neve_meta_content_width":0,"neve_meta_title_alignment":"","neve_meta_author_avatar":"","neve_post_elements_order":"","neve_meta_disable_header":"","neve_meta_disable_footer":"","neve_meta_disable_title":"","jetpack_post_was_ever_published":false,"_jetpack_newsletter_access":"","_jetpack_dont_email_post_to_subs":false,"_jetpack_newsletter_tier_id":0,"_jetpack_memberships_contains_paywalled_content":false,"_jetpack_memberships_contains_paid_content":false,"footnotes":"","jetpack_publicize_message":"","jetpack_publicize_feature_enabled":true,"jetpack_social_post_already_shared":false,"jetpack_social_options":{"image_generator_settings":{"template":"highway","default_image_id":0,"font":"","enabled":false},"version":2}},"categories":[3],"tags":[],"class_list":["post-649","post","type-post","status-publish","format-standard","hentry","category-escalada"],"jetpack_publicize_connections":[],"jetpack_featured_media_url":"","jetpack_shortlink":"https:\/\/wp.me\/p4i7cB-at","jetpack_sharing_enabled":true,"jetpack-related-posts":[{"id":151,"url":"https:\/\/yuri.com.br\/claudio\/2008\/08\/25\/cesinha-encadena-a-coquetel-de-energia-10c\/","url_meta":{"origin":649,"position":0},"title":"Cesinha encadena a &#8220;Coquetel de Energia&#8221; 10c","author":"claudio","date":"25\/ago\/2008","format":false,"excerpt":"O escalador paulista e atual campe\u00e3o brasileiro Cesar Grosso, o Cesinha, est\u00e1 passando alguns dias no Rio de Janeiro e neste \u00faltimo domingo fez uma das mais r\u00e1pidas ascens\u00f5es da via Coquetel de Energia no Campo Escola 2000, que \u00e9 a primeira via graduada em 10c do Brasil. Contando como\u2026","rel":"","context":"Em &quot;Escalada&quot;","block_context":{"text":"Escalada","link":"https:\/\/yuri.com.br\/claudio\/category\/escalada\/"},"img":{"alt_text":"","src":"https:\/\/i0.wp.com\/yuri.com.br\/claudio\/wp-content\/uploads\/2008\/08\/ce2000_coquetel_cesinha_a.jpg?resize=350%2C200&ssl=1","width":350,"height":200,"srcset":"https:\/\/i0.wp.com\/yuri.com.br\/claudio\/wp-content\/uploads\/2008\/08\/ce2000_coquetel_cesinha_a.jpg?resize=350%2C200&ssl=1 1x, https:\/\/i0.wp.com\/yuri.com.br\/claudio\/wp-content\/uploads\/2008\/08\/ce2000_coquetel_cesinha_a.jpg?resize=525%2C300&ssl=1 1.5x, https:\/\/i0.wp.com\/yuri.com.br\/claudio\/wp-content\/uploads\/2008\/08\/ce2000_coquetel_cesinha_a.jpg?resize=700%2C400&ssl=1 2x"},"classes":[]},{"id":174,"url":"https:\/\/yuri.com.br\/claudio\/2008\/09\/02\/visita-do-cesinha\/","url_meta":{"origin":649,"position":1},"title":"Visita do Cesinha","author":"claudio","date":"2\/set\/2008","format":false,"excerpt":"Um registro sobre a visita do Cesinha aqui no RJ semana passada: Como n\u00e3o \u00e9 sempre que vemos r\u00e1pidas ascens\u00f5es de Xa \u00e0 vista ou Xc em poucas tentativas, procurei documentar e abaixo listo os 'souvenirs' desta viagem. Mat\u00e9ria no EscaladaBrasil.com Entrevista no EscaladaBrasil.com Fotos da Coquetel na galeria EXPO!\u2026","rel":"","context":"Em &quot;Escalada&quot;","block_context":{"text":"Escalada","link":"https:\/\/yuri.com.br\/claudio\/category\/escalada\/"},"img":{"alt_text":"","src":"https:\/\/i0.wp.com\/yuri.com.br\/claudio\/wp-content\/uploads\/2008\/09\/cesinha_banner1.jpg?resize=350%2C200","width":350,"height":200},"classes":[]},{"id":3556,"url":"https:\/\/yuri.com.br\/claudio\/2012\/03\/19\/el-campeon\/","url_meta":{"origin":649,"position":2},"title":"El campe\u00f3n","author":"claudio","date":"19\/mar\/2012","format":false,"excerpt":"Parab\u00e9ns ao Cesinha e a todos os brasileiros pela representa\u00e7\u00e3o no Chile! Obviamente n\u00e3o \u00e9 uma mera coincid\u00eancia que todos os melhores escaladores que conheci tem a \"cabe\u00e7a boa\". Concordo que o mais importante m\u00fasculo \u00e9 aquele dentro da caixola! Mesmo com in\u00fameras conquistas no meio competitivo, mais do que\u2026","rel":"","context":"Em &quot;Escalada&quot;","block_context":{"text":"Escalada","link":"https:\/\/yuri.com.br\/claudio\/category\/escalada\/"},"img":{"alt_text":"","src":"https:\/\/i0.wp.com\/yuri.com.br\/claudio\/wp-content\/uploads\/2012\/03\/ce2000_coquetel_cesinha1.jpg?resize=350%2C200","width":350,"height":200,"srcset":"https:\/\/i0.wp.com\/yuri.com.br\/claudio\/wp-content\/uploads\/2012\/03\/ce2000_coquetel_cesinha1.jpg?resize=350%2C200 1x, https:\/\/i0.wp.com\/yuri.com.br\/claudio\/wp-content\/uploads\/2012\/03\/ce2000_coquetel_cesinha1.jpg?resize=525%2C300 1.5x, https:\/\/i0.wp.com\/yuri.com.br\/claudio\/wp-content\/uploads\/2012\/03\/ce2000_coquetel_cesinha1.jpg?resize=700%2C400 2x"},"classes":[]},{"id":1167,"url":"https:\/\/yuri.com.br\/claudio\/2009\/11\/03\/finados\/","url_meta":{"origin":649,"position":3},"title":"Finados","author":"claudio","date":"3\/nov\/2009","format":false,"excerpt":"O feriad\u00e3o por aqui foi tranquilo. Tijolado de rodar pelas estradas nas f\u00e9rias, ficamos no RJ onde eu pude reencontrar o granito e lembrar como \u00e9 bom escalar neste tipo de pedra, principalmente se for na Barrinha! :-) Fiz algumas fotos, mesmo que sem muita inspira\u00e7\u00e3o... aproveitei 10% do que\u2026","rel":"","context":"Em &quot;'Baixa' Gastronomia&quot;","block_context":{"text":"'Baixa' Gastronomia","link":"https:\/\/yuri.com.br\/claudio\/category\/baixa-gastronomia\/"},"img":{"alt_text":"","src":"https:\/\/i0.wp.com\/farm3.static.flickr.com\/2633\/4068778188_398b6ca944_o.jpg?resize=350%2C200","width":350,"height":200},"classes":[]},{"id":531,"url":"https:\/\/yuri.com.br\/claudio\/2009\/03\/27\/mais-fotos-comentadas\/","url_meta":{"origin":649,"position":4},"title":"Mais fotos comentadas","author":"claudio","date":"27\/mar\/2009","format":false,"excerpt":"Continuando com as fotos comentadas, ilustro abaixo mais 2 exemplos: (clique nas imagens para ampli\u00e1-las) Nesta foto o Cesinha est\u00e1 na 2a. de suas 3 entradas na via Coquetel de Energia, em um dia de *muita* chuva, ou seja, bem mais escuro do que j\u00e1 costuma ser no Campo Escola\u2026","rel":"","context":"Em &quot;Escalada&quot;","block_context":{"text":"Escalada","link":"https:\/\/yuri.com.br\/claudio\/category\/escalada\/"},"img":{"alt_text":"","src":"https:\/\/i0.wp.com\/farm4.static.flickr.com\/3004\/2797103658_64e24a0076_o.jpg?resize=350%2C200","width":350,"height":200},"classes":[]},{"id":468,"url":"https:\/\/yuri.com.br\/claudio\/2009\/03\/10\/invasao-feminina-na-urca-rj-video\/","url_meta":{"origin":649,"position":5},"title":"Invas\u00e3o Feminina na Urca, RJ (v\u00eddeo)","author":"claudio","date":"10\/mar\/2009","format":false,"excerpt":"Aqui vai um v\u00eddeo-souvenir da \"Invas\u00e3o Feminina\", que reuniu dezenas de escaladoras na Urca neste domingo, dia 8 de mar\u00e7o, Dia Internacional da Mulher. Na verdade, \u00e9 o registro de apenas um dos diversos grupos femininos que escalaram em v\u00e1rios points da Urca neste belo dia. Haviam mulheres nas paredes\u2026","rel":"","context":"Em &quot;Escalada&quot;","block_context":{"text":"Escalada","link":"https:\/\/yuri.com.br\/claudio\/category\/escalada\/"},"img":{"alt_text":"","src":"","width":0,"height":0},"classes":[]}],"_links":{"self":[{"href":"https:\/\/yuri.com.br\/claudio\/wp-json\/wp\/v2\/posts\/649","targetHints":{"allow":["GET"]}}],"collection":[{"href":"https:\/\/yuri.com.br\/claudio\/wp-json\/wp\/v2\/posts"}],"about":[{"href":"https:\/\/yuri.com.br\/claudio\/wp-json\/wp\/v2\/types\/post"}],"author":[{"embeddable":true,"href":"https:\/\/yuri.com.br\/claudio\/wp-json\/wp\/v2\/users\/2"}],"replies":[{"embeddable":true,"href":"https:\/\/yuri.com.br\/claudio\/wp-json\/wp\/v2\/comments?post=649"}],"version-history":[{"count":0,"href":"https:\/\/yuri.com.br\/claudio\/wp-json\/wp\/v2\/posts\/649\/revisions"}],"wp:attachment":[{"href":"https:\/\/yuri.com.br\/claudio\/wp-json\/wp\/v2\/media?parent=649"}],"wp:term":[{"taxonomy":"category","embeddable":true,"href":"https:\/\/yuri.com.br\/claudio\/wp-json\/wp\/v2\/categories?post=649"},{"taxonomy":"post_tag","embeddable":true,"href":"https:\/\/yuri.com.br\/claudio\/wp-json\/wp\/v2\/tags?post=649"}],"curies":[{"name":"wp","href":"https:\/\/api.w.org\/{rel}","templated":true}]}}