{"id":6478,"date":"2014-04-11T14:24:09","date_gmt":"2014-04-11T14:24:09","guid":{"rendered":"http:\/\/claudiobr.wordpress.com\/?p=6478"},"modified":"2014-04-11T15:20:15","modified_gmt":"2014-04-11T15:20:15","slug":"pf-nosso-de-cada-dia","status":"publish","type":"post","link":"https:\/\/yuri.com.br\/claudio\/2014\/04\/11\/pf-nosso-de-cada-dia\/","title":{"rendered":"PF nosso de cada dia"},"content":{"rendered":"<p>Recomendo este &#8220;festival&#8221; da terra e da madeira: arroz arb\u00f3reo + caldo de rooibos + lingui\u00e7a defumada + cogumelos + parmes\u00e3o + manteiga + pimenta chipotle + amor + 30 minutos = toda refei\u00e7\u00e3o, todo santo dia, h\u00e1 de ser um momento especial&#8230;<\/p>\n<p><img loading=\"lazy\" decoding=\"async\" data-attachment-id=\"6479\" data-permalink=\"https:\/\/yuri.com.br\/claudio\/2014\/04\/11\/pf-nosso-de-cada-dia\/risotolinguicacogumelo\/\" data-orig-file=\"https:\/\/yuri.com.br\/claudio\/wp-content\/uploads\/2014\/01\/risotolinguicacogumelo.jpg\" data-orig-size=\"700,394\" data-comments-opened=\"1\" data-image-meta=\"{&quot;aperture&quot;:&quot;4.5&quot;,&quot;credit&quot;:&quot;Claudio Brisighello&quot;,&quot;camera&quot;:&quot;Canon EOS 7D&quot;,&quot;caption&quot;:&quot;&quot;,&quot;created_timestamp&quot;:&quot;1389362763&quot;,&quot;copyright&quot;:&quot;&quot;,&quot;focal_length&quot;:&quot;50&quot;,&quot;iso&quot;:&quot;640&quot;,&quot;shutter_speed&quot;:&quot;0.0125&quot;,&quot;title&quot;:&quot;&quot;}\" data-image-title=\"\" data-image-description=\"\" data-image-caption=\"\" data-medium-file=\"https:\/\/yuri.com.br\/claudio\/wp-content\/uploads\/2014\/01\/risotolinguicacogumelo-300x168.jpg\" data-large-file=\"https:\/\/yuri.com.br\/claudio\/wp-content\/uploads\/2014\/01\/risotolinguicacogumelo.jpg\" class=\"aligncenter size-full wp-image-6479\" alt=\"\" src=\"http:\/\/yuri.com.br\/claudio\/wp-content\/uploads\/2014\/01\/risotolinguicacogumelo.jpg\" width=\"700\" height=\"394\" srcset=\"https:\/\/yuri.com.br\/claudio\/wp-content\/uploads\/2014\/01\/risotolinguicacogumelo.jpg 700w, https:\/\/yuri.com.br\/claudio\/wp-content\/uploads\/2014\/01\/risotolinguicacogumelo-300x168.jpg 300w, https:\/\/yuri.com.br\/claudio\/wp-content\/uploads\/2014\/01\/risotolinguicacogumelo-210x118.jpg 210w\" sizes=\"auto, (max-width: 700px) 100vw, 700px\" \/><\/p>\n<p>Me desculpem os enochatos mas, esse a\u00ed merece ser escoltado por uma breja. Dessas mais fortes, de maltes tostados. Tipo <em>doppelbock<\/em> ou uma <em>dubbel<\/em> (Paulaner Salvator ou Leffe Brune, sugerindo 2 mais acess\u00edveis). Vale a pena buscar a harmoniza\u00e7\u00e3o pra elevar a experi\u00eancia a outro n\u00edvel!<\/p>\n<p>Invente seus momentos especiais todos os dias: <a href=\"http:\/\/yuri.com.br\/claudio\/2013\/06\/13\/i-%E2%99%A5-risottos\/\" target=\"_blank\">I ? Risottos<\/a>!<\/p>\n","protected":false},"excerpt":{"rendered":"<p>Recomendo este &#8220;festival&#8221; da terra e da madeira: arroz arb\u00f3reo + caldo de rooibos + lingui\u00e7a defumada + cogumelos + parmes\u00e3o + manteiga + pimenta chipotle + amor + 30 minutos = toda refei\u00e7\u00e3o, todo santo dia, h\u00e1 de ser um momento especial&#8230; Me desculpem os enochatos mas, esse a\u00ed merece ser escoltado por uma&hellip;&nbsp;<a href=\"https:\/\/yuri.com.br\/claudio\/2014\/04\/11\/pf-nosso-de-cada-dia\/\" rel=\"bookmark\">Continue a ler &raquo;<span class=\"screen-reader-text\">PF nosso de cada dia<\/span><\/a><\/p>\n","protected":false},"author":2,"featured_media":6479,"comment_status":"open","ping_status":"open","sticky":false,"template":"","format":"standard","meta":{"neve_meta_sidebar":"","neve_meta_container":"","neve_meta_enable_content_width":"","neve_meta_content_width":0,"neve_meta_title_alignment":"","neve_meta_author_avatar":"","neve_post_elements_order":"","neve_meta_disable_header":"","neve_meta_disable_footer":"","neve_meta_disable_title":"","jetpack_post_was_ever_published":false,"_jetpack_newsletter_access":"","_jetpack_dont_email_post_to_subs":false,"_jetpack_newsletter_tier_id":0,"_jetpack_memberships_contains_paywalled_content":false,"_jetpack_memberships_contains_paid_content":false,"footnotes":"","jetpack_publicize_message":"","jetpack_publicize_feature_enabled":true,"jetpack_social_post_already_shared":true,"jetpack_social_options":{"image_generator_settings":{"template":"highway","default_image_id":0,"font":"","enabled":false},"version":2}},"categories":[2],"tags":[],"class_list":["post-6478","post","type-post","status-publish","format-standard","has-post-thumbnail","hentry","category-baixa-gastronomia"],"jetpack_publicize_connections":[],"jetpack_featured_media_url":"https:\/\/yuri.com.br\/claudio\/wp-content\/uploads\/2014\/01\/risotolinguicacogumelo.jpg","jetpack_shortlink":"https:\/\/wp.me\/p4i7cB-1Gu","jetpack_sharing_enabled":true,"jetpack-related-posts":[{"id":5977,"url":"https:\/\/yuri.com.br\/claudio\/2013\/11\/25\/o-beta-do-ano\/","url_meta":{"origin":6478,"position":0},"title":"O beta do ano","author":"claudio","date":"25\/nov\/2013","format":false,"excerpt":"Temporada vem, temporada vai, o que fica s\u00e3o as experi\u00eancias e os aprendizados. E assim caminha a humanidade... Bel\u00ea no Arqueiro Zen V11 \u00a0 \u00a0 No meu caso, tive a oportunidade de vivenciar de perto o surgimento de 3 novos setores inteiros em poucos anos, o que sem d\u00favidas me\u2026","rel":"","context":"Em &quot;Escalada&quot;","block_context":{"text":"Escalada","link":"https:\/\/yuri.com.br\/claudio\/category\/escalada\/"},"img":{"alt_text":"","src":"https:\/\/i0.wp.com\/yuri.com.br\/claudio\/wp-content\/uploads\/2013\/10\/vento_blocao_2013.jpg?resize=350%2C200&ssl=1","width":350,"height":200,"srcset":"https:\/\/i0.wp.com\/yuri.com.br\/claudio\/wp-content\/uploads\/2013\/10\/vento_blocao_2013.jpg?resize=350%2C200&ssl=1 1x, https:\/\/i0.wp.com\/yuri.com.br\/claudio\/wp-content\/uploads\/2013\/10\/vento_blocao_2013.jpg?resize=525%2C300&ssl=1 1.5x, https:\/\/i0.wp.com\/yuri.com.br\/claudio\/wp-content\/uploads\/2013\/10\/vento_blocao_2013.jpg?resize=700%2C400&ssl=1 2x"},"classes":[]},{"id":531,"url":"https:\/\/yuri.com.br\/claudio\/2009\/03\/27\/mais-fotos-comentadas\/","url_meta":{"origin":6478,"position":1},"title":"Mais fotos comentadas","author":"claudio","date":"27\/mar\/2009","format":false,"excerpt":"Continuando com as fotos comentadas, ilustro abaixo mais 2 exemplos: (clique nas imagens para ampli\u00e1-las) Nesta foto o Cesinha est\u00e1 na 2a. de suas 3 entradas na via Coquetel de Energia, em um dia de *muita* chuva, ou seja, bem mais escuro do que j\u00e1 costuma ser no Campo Escola\u2026","rel":"","context":"Em &quot;Escalada&quot;","block_context":{"text":"Escalada","link":"https:\/\/yuri.com.br\/claudio\/category\/escalada\/"},"img":{"alt_text":"","src":"https:\/\/i0.wp.com\/farm4.static.flickr.com\/3004\/2797103658_64e24a0076_o.jpg?resize=350%2C200","width":350,"height":200},"classes":[]},{"id":5217,"url":"https:\/\/yuri.com.br\/claudio\/2013\/06\/03\/arqueiro-zen-rubinho\/","url_meta":{"origin":6478,"position":2},"title":"Arqueiro Zen @ Rubinho","author":"claudio","date":"3\/jun\/2013","format":false,"excerpt":"Uns anos atr\u00e1s, recebi de presente do Taka um livro que relaciona arco e flecha com filosofia zen, a grosso modo, sob a premissa de um conte\u00fado valioso pra dar um upgrade na minha escalada. Confesso que fiquei bastante confuso ao me deparar com uma aus\u00eancia total de dicas concretas\u2026","rel":"","context":"Em &quot;Escalada&quot;","block_context":{"text":"Escalada","link":"https:\/\/yuri.com.br\/claudio\/category\/escalada\/"},"img":{"alt_text":"Mestre Zen","src":"https:\/\/i0.wp.com\/yuri.com.br\/claudio\/wp-content\/uploads\/2013\/06\/arqueiro.gif?resize=350%2C200","width":350,"height":200},"classes":[]},{"id":1723,"url":"https:\/\/yuri.com.br\/claudio\/2010\/03\/22\/gloria-da-manha\/","url_meta":{"origin":6478,"position":3},"title":"Gl\u00f3ria da Manh\u00e3","author":"claudio","date":"22\/mar\/2010","format":false,"excerpt":"Uma flor curiosa (Gl\u00f3ria da Manh\u00e3), clicada neste \u00faltimo domingo. Nasce e se espalha como praga, mas o engra\u00e7ado \u00e9 que todo santo dia ela se abre ao amanhecer (da\u00ed o nome) e se fecha no fim da tarde, como se voltasse a ser um bot\u00e3o. O mais interessante \u00e9\u2026","rel":"","context":"Em &quot;Outros&quot;","block_context":{"text":"Outros","link":"https:\/\/yuri.com.br\/claudio\/category\/outros\/"},"img":{"alt_text":"","src":"https:\/\/i0.wp.com\/farm5.static.flickr.com\/4070\/4454388277_6f58722ca5_o.jpg?resize=350%2C200","width":350,"height":200,"srcset":"https:\/\/i0.wp.com\/farm5.static.flickr.com\/4070\/4454388277_6f58722ca5_o.jpg?resize=350%2C200 1x, https:\/\/i0.wp.com\/farm5.static.flickr.com\/4070\/4454388277_6f58722ca5_o.jpg?resize=525%2C300 1.5x"},"classes":[]},{"id":5492,"url":"https:\/\/yuri.com.br\/claudio\/2013\/07\/24\/5-anos\/","url_meta":{"origin":6478,"position":4},"title":"5 anos enchendo lingui\u00e7a","author":"claudio","date":"24\/jul\/2013","format":false,"excerpt":"N\u00e3o \u00e9 todo dia que fazemos \"5 anos de alguma coisa\", ent\u00e3o fiquei surpreso ao ser avisado pelo wordpress que este blog completou 5 aninhos. Olhando para tr\u00e1s, percebo que a fotografia tem desempenhado bastante neste blog, tanto que movi meu acervo de imagens para c\u00e1. Ent\u00e3o vamos falar um\u2026","rel":"","context":"Em &quot;Outros&quot;","block_context":{"text":"Outros","link":"https:\/\/yuri.com.br\/claudio\/category\/outros\/"},"img":{"alt_text":"","src":"","width":0,"height":0},"classes":[]},{"id":5630,"url":"https:\/\/yuri.com.br\/claudio\/2013\/08\/26\/e-o-rio-continua-lindo\/","url_meta":{"origin":6478,"position":5},"title":"E o Rio continua lindo&#8230;","author":"claudio","date":"26\/ago\/2013","format":false,"excerpt":"Em anota\u00e7\u00f5es saudosistas como esta, soa mais \u00f3bvio guardar imagens dos belos cart\u00f5es postais da cidade maravilhosa, mas no caso deste butequeiro apaixonado que vos escreve, as saudades mais fortes vinham dos balc\u00f5es dos verdadeiros botequins, onde se respira o carioqu\u00eas e pude reencontrar iguarias como este rosbife e o\u2026","rel":"","context":"Em &quot;'Baixa' Gastronomia&quot;","block_context":{"text":"'Baixa' Gastronomia","link":"https:\/\/yuri.com.br\/claudio\/category\/baixa-gastronomia\/"},"img":{"alt_text":"","src":"https:\/\/i0.wp.com\/yuri.com.br\/claudio\/wp-content\/uploads\/2013\/08\/bosque_improviso_dani.jpg?resize=350%2C200&ssl=1","width":350,"height":200,"srcset":"https:\/\/i0.wp.com\/yuri.com.br\/claudio\/wp-content\/uploads\/2013\/08\/bosque_improviso_dani.jpg?resize=350%2C200&ssl=1 1x, https:\/\/i0.wp.com\/yuri.com.br\/claudio\/wp-content\/uploads\/2013\/08\/bosque_improviso_dani.jpg?resize=525%2C300&ssl=1 1.5x, https:\/\/i0.wp.com\/yuri.com.br\/claudio\/wp-content\/uploads\/2013\/08\/bosque_improviso_dani.jpg?resize=700%2C400&ssl=1 2x, https:\/\/i0.wp.com\/yuri.com.br\/claudio\/wp-content\/uploads\/2013\/08\/bosque_improviso_dani.jpg?resize=1050%2C600&ssl=1 3x"},"classes":[]}],"_links":{"self":[{"href":"https:\/\/yuri.com.br\/claudio\/wp-json\/wp\/v2\/posts\/6478","targetHints":{"allow":["GET"]}}],"collection":[{"href":"https:\/\/yuri.com.br\/claudio\/wp-json\/wp\/v2\/posts"}],"about":[{"href":"https:\/\/yuri.com.br\/claudio\/wp-json\/wp\/v2\/types\/post"}],"author":[{"embeddable":true,"href":"https:\/\/yuri.com.br\/claudio\/wp-json\/wp\/v2\/users\/2"}],"replies":[{"embeddable":true,"href":"https:\/\/yuri.com.br\/claudio\/wp-json\/wp\/v2\/comments?post=6478"}],"version-history":[{"count":3,"href":"https:\/\/yuri.com.br\/claudio\/wp-json\/wp\/v2\/posts\/6478\/revisions"}],"predecessor-version":[{"id":7587,"href":"https:\/\/yuri.com.br\/claudio\/wp-json\/wp\/v2\/posts\/6478\/revisions\/7587"}],"wp:featuredmedia":[{"embeddable":true,"href":"https:\/\/yuri.com.br\/claudio\/wp-json\/wp\/v2\/media\/6479"}],"wp:attachment":[{"href":"https:\/\/yuri.com.br\/claudio\/wp-json\/wp\/v2\/media?parent=6478"}],"wp:term":[{"taxonomy":"category","embeddable":true,"href":"https:\/\/yuri.com.br\/claudio\/wp-json\/wp\/v2\/categories?post=6478"},{"taxonomy":"post_tag","embeddable":true,"href":"https:\/\/yuri.com.br\/claudio\/wp-json\/wp\/v2\/tags?post=6478"}],"curies":[{"name":"wp","href":"https:\/\/api.w.org\/{rel}","templated":true}]}}