{"id":6389,"date":"2014-01-03T14:19:59","date_gmt":"2014-01-03T14:19:59","guid":{"rendered":"http:\/\/claudiobr.wordpress.com\/?p=6389"},"modified":"2014-01-22T22:51:09","modified_gmt":"2014-01-22T22:51:09","slug":"a-aranha-e-a-formiga","status":"publish","type":"post","link":"https:\/\/yuri.com.br\/claudio\/2014\/01\/03\/a-aranha-e-a-formiga\/","title":{"rendered":"A aranha e a formiga"},"content":{"rendered":"<p>Essa a\u00ed adora habitar a pedras negativas que tanto zelamos, assim como as frestas e tetos de casa. A da foto virou atra\u00e7\u00e3o no r\u00e9veillon e ganhou um banquete de formiguinhas. T\u00e1 virando bichinho de estima\u00e7\u00e3o! :)<\/p>\n<p><a href=\"http:\/\/claudiobr.wordpress.com\/others\/#jp-carousel-6410\" target=\"_blank\"><img decoding=\"async\" class=\"aligncenter\" alt=\"\" src=\"http:\/\/claudiobr.files.wordpress.com\/2013\/05\/aranhaformiga1.jpg?w=1200&amp;h=\" width=\"700\" \/><\/a><\/p>\n","protected":false},"excerpt":{"rendered":"<p>Essa a\u00ed adora habitar a pedras negativas que tanto zelamos, assim como as frestas e tetos de casa. A da foto virou atra\u00e7\u00e3o no r\u00e9veillon e ganhou um banquete de formiguinhas. T\u00e1 virando bichinho de estima\u00e7\u00e3o! :)<\/p>\n","protected":false},"author":2,"featured_media":0,"comment_status":"open","ping_status":"open","sticky":false,"template":"","format":"standard","meta":{"neve_meta_sidebar":"","neve_meta_container":"","neve_meta_enable_content_width":"","neve_meta_content_width":0,"neve_meta_title_alignment":"","neve_meta_author_avatar":"","neve_post_elements_order":"","neve_meta_disable_header":"","neve_meta_disable_footer":"","neve_meta_disable_title":"","jetpack_post_was_ever_published":false,"_jetpack_newsletter_access":"","_jetpack_dont_email_post_to_subs":false,"_jetpack_newsletter_tier_id":0,"_jetpack_memberships_contains_paywalled_content":false,"_jetpack_memberships_contains_paid_content":false,"footnotes":"","jetpack_publicize_message":"","jetpack_publicize_feature_enabled":true,"jetpack_social_post_already_shared":false,"jetpack_social_options":{"image_generator_settings":{"template":"highway","default_image_id":0,"font":"","enabled":false},"version":2}},"categories":[5],"tags":[],"class_list":["post-6389","post","type-post","status-publish","format-standard","hentry","category-outros"],"jetpack_publicize_connections":[],"jetpack_featured_media_url":"","jetpack_shortlink":"https:\/\/wp.me\/p4i7cB-1F3","jetpack_sharing_enabled":true,"jetpack-related-posts":[{"id":3646,"url":"https:\/\/yuri.com.br\/claudio\/2012\/04\/13\/r-i-p-e-c\/","url_meta":{"origin":6389,"position":0},"title":"R.I.P. E.C.","author":"claudio","date":"13\/abr\/2012","format":false,"excerpt":"P\u00e1gina virada.","rel":"","context":"Em &quot;Escalada&quot;","block_context":{"text":"Escalada","link":"https:\/\/yuri.com.br\/claudio\/category\/escalada\/"},"img":{"alt_text":"","src":"https:\/\/i0.wp.com\/yuri.com.br\/claudio\/wp-content\/uploads\/2012\/04\/rip_ec.jpg?resize=350%2C200&ssl=1","width":350,"height":200,"srcset":"https:\/\/i0.wp.com\/yuri.com.br\/claudio\/wp-content\/uploads\/2012\/04\/rip_ec.jpg?resize=350%2C200&ssl=1 1x, https:\/\/i0.wp.com\/yuri.com.br\/claudio\/wp-content\/uploads\/2012\/04\/rip_ec.jpg?resize=525%2C300&ssl=1 1.5x, https:\/\/i0.wp.com\/yuri.com.br\/claudio\/wp-content\/uploads\/2012\/04\/rip_ec.jpg?resize=700%2C400&ssl=1 2x"},"classes":[]},{"id":3575,"url":"https:\/\/yuri.com.br\/claudio\/2012\/03\/25\/pao-do-thima-no-casarao\/","url_meta":{"origin":6389,"position":1},"title":"P\u00e3o do Thima no Casar\u00e3o","author":"claudio","date":"25\/mar\/2012","format":false,"excerpt":"Esses dias rolou um \u00f3timo curso de p\u00e3es artesanais na Hospedaria Casar\u00e3o, com o chef Thima, conhecido de amigos e especializado no SFBI. Tive a sorte de participar desta oportunidade, que certamente vai dar um upgrade nas minhas fornadas! Foram mais de 15 horas (2 dias) para a meleca acima\u2026","rel":"","context":"Em &quot;'Baixa' Gastronomia&quot;","block_context":{"text":"'Baixa' Gastronomia","link":"https:\/\/yuri.com.br\/claudio\/category\/baixa-gastronomia\/"},"img":{"alt_text":"","src":"https:\/\/i0.wp.com\/yuri.com.br\/claudio\/wp-content\/uploads\/2012\/03\/thima5.jpg?resize=350%2C200&ssl=1","width":350,"height":200,"srcset":"https:\/\/i0.wp.com\/yuri.com.br\/claudio\/wp-content\/uploads\/2012\/03\/thima5.jpg?resize=350%2C200&ssl=1 1x, https:\/\/i0.wp.com\/yuri.com.br\/claudio\/wp-content\/uploads\/2012\/03\/thima5.jpg?resize=525%2C300&ssl=1 1.5x, https:\/\/i0.wp.com\/yuri.com.br\/claudio\/wp-content\/uploads\/2012\/03\/thima5.jpg?resize=700%2C400&ssl=1 2x"},"classes":[]},{"id":4208,"url":"https:\/\/yuri.com.br\/claudio\/2012\/11\/11\/5-10-brasil\/","url_meta":{"origin":6389,"position":2},"title":"5.10 BRASIL","author":"claudio","date":"11\/nov\/2012","format":false,"excerpt":"Fotografar comercialmente n\u00e3o \u00e9 minha praia. Mas com um trio gente boa desses, escalando no \"quintal\" de casa, o trabalho vira uma honra... compartilho ent\u00e3o algumas imagens que fiz para a Five Ten e seu time brazuca, todas feitas no setor Aranha (exceto as do Bel\u00ea em sua oficina). Desejo\u2026","rel":"","context":"Em &quot;Escalada&quot;","block_context":{"text":"Escalada","link":"https:\/\/yuri.com.br\/claudio\/category\/escalada\/"},"img":{"alt_text":"","src":"https:\/\/i0.wp.com\/yuri.com.br\/claudio\/wp-content\/uploads\/2012\/11\/fiveten73.jpg?resize=350%2C200","width":350,"height":200,"srcset":"https:\/\/i0.wp.com\/yuri.com.br\/claudio\/wp-content\/uploads\/2012\/11\/fiveten73.jpg?resize=350%2C200 1x, https:\/\/i0.wp.com\/yuri.com.br\/claudio\/wp-content\/uploads\/2012\/11\/fiveten73.jpg?resize=525%2C300 1.5x, https:\/\/i0.wp.com\/yuri.com.br\/claudio\/wp-content\/uploads\/2012\/11\/fiveten73.jpg?resize=700%2C400 2x"},"classes":[]},{"id":4529,"url":"https:\/\/yuri.com.br\/claudio\/2013\/01\/21\/raindrops-keep-fallin-on-my-head\/","url_meta":{"origin":6389,"position":3},"title":"Raindrops keep fallin&#8217; on my head","author":"claudio","date":"21\/jan\/2013","format":false,"excerpt":"O \"jingle\" do t\u00edtulo traduz bem as \u00faltimas semanas! Em \u00e9poca de muita chuva a entrada de casa vira estacionamento de cachorro. E na falta de inspira\u00e7\u00e3o, segui a sugest\u00e3o da Yuri e cliquei esta plantinha, j\u00e1 fotografada antes. Como n\u00e3o tenho lente macro, me resta usar um filtro close-up...\u2026","rel":"","context":"Em &quot;Outros&quot;","block_context":{"text":"Outros","link":"https:\/\/yuri.com.br\/claudio\/category\/outros\/"},"img":{"alt_text":"","src":"https:\/\/i0.wp.com\/yuri.com.br\/claudio\/wp-content\/uploads\/2013\/01\/gotas.jpg?resize=350%2C200&ssl=1","width":350,"height":200,"srcset":"https:\/\/i0.wp.com\/yuri.com.br\/claudio\/wp-content\/uploads\/2013\/01\/gotas.jpg?resize=350%2C200&ssl=1 1x, https:\/\/i0.wp.com\/yuri.com.br\/claudio\/wp-content\/uploads\/2013\/01\/gotas.jpg?resize=525%2C300&ssl=1 1.5x, https:\/\/i0.wp.com\/yuri.com.br\/claudio\/wp-content\/uploads\/2013\/01\/gotas.jpg?resize=700%2C400&ssl=1 2x"},"classes":[]},{"id":3293,"url":"https:\/\/yuri.com.br\/claudio\/2012\/01\/02\/ano-novo-horta-nova\/","url_meta":{"origin":6389,"position":4},"title":"Ano novo, horta nova","author":"claudio","date":"2\/jan\/2012","format":false,"excerpt":"Fim de ano costumeiro por aqui, aquela chuvarada de sempre, reencontro de amigos e familiares, cozinha a todo vapor (eu na responsa da ceia da virada... ainda bem que a Yuri sempre salva com suas sobremesas infal\u00edveis ;-) e o est\u00f4mago j\u00e1 anda pedindo tr\u00e9gua. Falando nisso, aproveito para registrar\u2026","rel":"","context":"Em &quot;'Baixa' Gastronomia&quot;","block_context":{"text":"'Baixa' Gastronomia","link":"https:\/\/yuri.com.br\/claudio\/category\/baixa-gastronomia\/"},"img":{"alt_text":"","src":"https:\/\/i0.wp.com\/yuri.com.br\/claudio\/wp-content\/uploads\/2011\/12\/horta-2011-wp.jpg?resize=350%2C200&ssl=1","width":350,"height":200,"srcset":"https:\/\/i0.wp.com\/yuri.com.br\/claudio\/wp-content\/uploads\/2011\/12\/horta-2011-wp.jpg?resize=350%2C200&ssl=1 1x, https:\/\/i0.wp.com\/yuri.com.br\/claudio\/wp-content\/uploads\/2011\/12\/horta-2011-wp.jpg?resize=525%2C300&ssl=1 1.5x, https:\/\/i0.wp.com\/yuri.com.br\/claudio\/wp-content\/uploads\/2011\/12\/horta-2011-wp.jpg?resize=700%2C400&ssl=1 2x"},"classes":[]},{"id":4849,"url":"https:\/\/yuri.com.br\/claudio\/2013\/04\/11\/video-sex-shop-akira\/","url_meta":{"origin":6389,"position":5},"title":"V\u00eddeo: SEX shop @ Akira","author":"claudio","date":"11\/abr\/2013","format":false,"excerpt":"Eis um souvenir da temporada passada. Minha autocr\u00edtica (foi mais um mero registro do que qualquer v\u00eddeo planejado) e a pouca vontade de me exibir na telinha, acabaram por engavetar a lembran\u00e7a... mas por uma insist\u00eancia super positiva de alguns que viram a edi\u00e7\u00e3o, resolvi disponibiliz\u00e1-lo. Culpa do Bel\u00ea! Agrade\u00e7o\u2026","rel":"","context":"Em &quot;Escalada&quot;","block_context":{"text":"Escalada","link":"https:\/\/yuri.com.br\/claudio\/category\/escalada\/"},"img":{"alt_text":"","src":"","width":0,"height":0},"classes":[]}],"_links":{"self":[{"href":"https:\/\/yuri.com.br\/claudio\/wp-json\/wp\/v2\/posts\/6389","targetHints":{"allow":["GET"]}}],"collection":[{"href":"https:\/\/yuri.com.br\/claudio\/wp-json\/wp\/v2\/posts"}],"about":[{"href":"https:\/\/yuri.com.br\/claudio\/wp-json\/wp\/v2\/types\/post"}],"author":[{"embeddable":true,"href":"https:\/\/yuri.com.br\/claudio\/wp-json\/wp\/v2\/users\/2"}],"replies":[{"embeddable":true,"href":"https:\/\/yuri.com.br\/claudio\/wp-json\/wp\/v2\/comments?post=6389"}],"version-history":[{"count":1,"href":"https:\/\/yuri.com.br\/claudio\/wp-json\/wp\/v2\/posts\/6389\/revisions"}],"predecessor-version":[{"id":6983,"href":"https:\/\/yuri.com.br\/claudio\/wp-json\/wp\/v2\/posts\/6389\/revisions\/6983"}],"wp:attachment":[{"href":"https:\/\/yuri.com.br\/claudio\/wp-json\/wp\/v2\/media?parent=6389"}],"wp:term":[{"taxonomy":"category","embeddable":true,"href":"https:\/\/yuri.com.br\/claudio\/wp-json\/wp\/v2\/categories?post=6389"},{"taxonomy":"post_tag","embeddable":true,"href":"https:\/\/yuri.com.br\/claudio\/wp-json\/wp\/v2\/tags?post=6389"}],"curies":[{"name":"wp","href":"https:\/\/api.w.org\/{rel}","templated":true}]}}