{"id":636,"date":"2009-05-01T01:43:53","date_gmt":"2009-05-01T01:43:53","guid":{"rendered":"http:\/\/claudiobr.wordpress.com\/?p=636"},"modified":"2009-05-01T01:43:53","modified_gmt":"2009-05-01T01:43:53","slug":"galapagos","status":"publish","type":"post","link":"https:\/\/yuri.com.br\/claudio\/2009\/05\/01\/galapagos\/","title":{"rendered":"Gal\u00e1pagos"},"content":{"rendered":"<p>Em \u00e9poca de <a href=\"http:\/\/educacao.ig.com.br\/noticia\/2009\/04\/23\/cientistas+anunciam+o+mais+leve+planeta+extrassolar+ja+descoberto+5678984.html\" target=\"_blank\">descoberta de mais planetas habit\u00e1veis fora do sistema solar<\/a>, pensei em compartilhar um belo v\u00eddeo de <a href=\"http:\/\/pt.wikipedia.org\/wiki\/Gal%C3%A1pagos\" target=\"_blank\">Gal\u00e1pagos<\/a>:<\/p>\n<p style=\"text-align:center;\"><div class=\"nv-iframe-embed\"><div class=\"embed-vimeo\" style=\"text-align: center;\"><iframe loading=\"lazy\" src=\"https:\/\/player.vimeo.com\/video\/1935228\" width=\"1200\" height=\"675\" frameborder=\"0\" webkitallowfullscreen mozallowfullscreen allowfullscreen><\/iframe><\/div><\/div>\n<p style=\"text-align:center;\">(aumente o volume, a trilha \u00e9 do &#8216;cinematogr\u00e1fico&#8217; Hans Zimmer)<\/p>\n<p style=\"text-align:center;\">\n<p><a href=\"http:\/\/www.flickr.com\/photos\/8820084@N02\/2338077607\/\"><img loading=\"lazy\" decoding=\"async\" class=\"aligncenter\" title=\"Gal\u00e1pagos\" src=\"http:\/\/l.yimg.com\/g\/images\/spaceball.gif\" alt=\"\" width=\"1\" height=\"1\" \/><\/a><\/p>\n","protected":false},"excerpt":{"rendered":"<p>Em \u00e9poca de descoberta de mais planetas habit\u00e1veis fora do sistema solar, pensei em compartilhar um belo v\u00eddeo de Gal\u00e1pagos: (aumente o volume, a trilha \u00e9 do &#8216;cinematogr\u00e1fico&#8217; Hans Zimmer)<\/p>\n","protected":false},"author":2,"featured_media":0,"comment_status":"open","ping_status":"open","sticky":false,"template":"","format":"standard","meta":{"neve_meta_sidebar":"","neve_meta_container":"","neve_meta_enable_content_width":"","neve_meta_content_width":0,"neve_meta_title_alignment":"","neve_meta_author_avatar":"","neve_post_elements_order":"","neve_meta_disable_header":"","neve_meta_disable_footer":"","neve_meta_disable_title":"","jetpack_post_was_ever_published":false,"_jetpack_newsletter_access":"","_jetpack_dont_email_post_to_subs":false,"_jetpack_newsletter_tier_id":0,"_jetpack_memberships_contains_paywalled_content":false,"_jetpack_memberships_contains_paid_content":false,"footnotes":"","jetpack_publicize_message":"","jetpack_publicize_feature_enabled":true,"jetpack_social_post_already_shared":false,"jetpack_social_options":{"image_generator_settings":{"template":"highway","default_image_id":0,"font":"","enabled":false},"version":2}},"categories":[3],"tags":[55],"class_list":["post-636","post","type-post","status-publish","format-standard","hentry","category-escalada","tag-galapagos"],"jetpack_publicize_connections":[],"jetpack_featured_media_url":"","jetpack_shortlink":"https:\/\/wp.me\/p4i7cB-ag","jetpack_sharing_enabled":true,"jetpack-related-posts":[{"id":3203,"url":"https:\/\/yuri.com.br\/claudio\/2011\/11\/10\/video-o-criador\/","url_meta":{"origin":636,"position":0},"title":"V\u00eddeo: O Criador","author":"claudio","date":"10\/nov\/2011","format":false,"excerpt":"Segue mais um experimento recente. Videozinho do boulder \"O Criador\", considerado um V12 \"caro\",\u00a0 linha que foi limpa pelo Bel\u00ea e escalada primeiramente pelo Felipinho e depois pelo pr\u00f3prio Criador... e ningu\u00e9m mais. \u00a0 Filmar ali foi um teste dif\u00edcil pra c\u00e2mera, devido \u00e0 enorme escurid\u00e3o do lugar (d\u00e1 pra\u2026","rel":"","context":"Em &quot;Escalada&quot;","block_context":{"text":"Escalada","link":"https:\/\/yuri.com.br\/claudio\/category\/escalada\/"},"img":{"alt_text":"","src":"","width":0,"height":0},"classes":[]},{"id":376,"url":"https:\/\/yuri.com.br\/claudio\/2009\/01\/16\/natalija-gros-arhinea-film-production\/","url_meta":{"origin":636,"position":1},"title":"Natalija Gros &#8211; Arhinea Film Production","author":"claudio","date":"16\/jan\/2009","format":false,"excerpt":"No embalo das artes c\u00eanicas... (aumentem o volume :-) N\u00e3o, n\u00e3o\u00a0\u00e9 mais um desses v\u00eddeos cheios de adrenalina e \"radicalidade\".","rel":"","context":"Em &quot;Escalada&quot;","block_context":{"text":"Escalada","link":"https:\/\/yuri.com.br\/claudio\/category\/escalada\/"},"img":{"alt_text":"","src":"","width":0,"height":0},"classes":[]},{"id":809,"url":"https:\/\/yuri.com.br\/claudio\/2009\/06\/26\/pipoca\/","url_meta":{"origin":636,"position":2},"title":"Pipoca","author":"claudio","date":"26\/jun\/2009","format":false,"excerpt":"Gra\u00e7as ao \"desapego\" de colegas, pude assistir ao esperado filme Masters of Stone VI, e desta vez compartilho o link e algumas impress\u00f5es: para quem n\u00e3o conhece, a s\u00e9rie Masters of Stone \u00e9 como um \"av\u00f4\" dos Dosage's, com direito a escaladores vestindo lycra e fazendo coisas extremas em diversas\u2026","rel":"","context":"Em &quot;Escalada&quot;","block_context":{"text":"Escalada","link":"https:\/\/yuri.com.br\/claudio\/category\/escalada\/"},"img":{"alt_text":"","src":"","width":0,"height":0},"classes":[]},{"id":4849,"url":"https:\/\/yuri.com.br\/claudio\/2013\/04\/11\/video-sex-shop-akira\/","url_meta":{"origin":636,"position":3},"title":"V\u00eddeo: SEX shop @ Akira","author":"claudio","date":"11\/abr\/2013","format":false,"excerpt":"Eis um souvenir da temporada passada. Minha autocr\u00edtica (foi mais um mero registro do que qualquer v\u00eddeo planejado) e a pouca vontade de me exibir na telinha, acabaram por engavetar a lembran\u00e7a... mas por uma insist\u00eancia super positiva de alguns que viram a edi\u00e7\u00e3o, resolvi disponibiliz\u00e1-lo. Culpa do Bel\u00ea! Agrade\u00e7o\u2026","rel":"","context":"Em &quot;Escalada&quot;","block_context":{"text":"Escalada","link":"https:\/\/yuri.com.br\/claudio\/category\/escalada\/"},"img":{"alt_text":"","src":"","width":0,"height":0},"classes":[]},{"id":388,"url":"https:\/\/yuri.com.br\/claudio\/2009\/01\/23\/video-do-grajaurj\/","url_meta":{"origin":636,"position":4},"title":"V\u00eddeo do Graja\u00fa\/RJ","author":"claudio","date":"23\/jan\/2009","format":false,"excerpt":"A homage to the friends and the boulders. \u00a0\"Curta-metragem\" sobre uma tarde de escalada em um dos melhores locais de boulder da cidade. Foquei a edi\u00e7\u00e3o\/trilha no aspecto mais social, portanto n\u00e3o espere aquele rock'n'roll de morder a pedra... Bons ventos!","rel":"","context":"Em &quot;Escalada&quot;","block_context":{"text":"Escalada","link":"https:\/\/yuri.com.br\/claudio\/category\/escalada\/"},"img":{"alt_text":"","src":"","width":0,"height":0},"classes":[]},{"id":1029,"url":"https:\/\/yuri.com.br\/claudio\/2009\/09\/01\/splinter\/","url_meta":{"origin":636,"position":5},"title":"Splinter","author":"claudio","date":"1\/set\/2009","format":false,"excerpt":"Esses dias ao ler um post no B3Bouldering (Jamie Emerson), me lembrei deste curta de 4min. da Slackjaw (produtora do filme \"Hard Grit\") chamado \"Splinter\". \u00c9 antigo, feito em um pequeno quarto, sem falar do ingl\u00eas com sotaque \"eg\u00edpcio\". Ainda assim, gosto muito do filme e por isso compartilho aqui.\u2026","rel":"","context":"Em &quot;Escalada&quot;","block_context":{"text":"Escalada","link":"https:\/\/yuri.com.br\/claudio\/category\/escalada\/"},"img":{"alt_text":"","src":"https:\/\/i0.wp.com\/img.youtube.com\/vi\/vCFLB0lLAl8\/0.jpg?resize=350%2C200","width":350,"height":200},"classes":[]}],"_links":{"self":[{"href":"https:\/\/yuri.com.br\/claudio\/wp-json\/wp\/v2\/posts\/636","targetHints":{"allow":["GET"]}}],"collection":[{"href":"https:\/\/yuri.com.br\/claudio\/wp-json\/wp\/v2\/posts"}],"about":[{"href":"https:\/\/yuri.com.br\/claudio\/wp-json\/wp\/v2\/types\/post"}],"author":[{"embeddable":true,"href":"https:\/\/yuri.com.br\/claudio\/wp-json\/wp\/v2\/users\/2"}],"replies":[{"embeddable":true,"href":"https:\/\/yuri.com.br\/claudio\/wp-json\/wp\/v2\/comments?post=636"}],"version-history":[{"count":0,"href":"https:\/\/yuri.com.br\/claudio\/wp-json\/wp\/v2\/posts\/636\/revisions"}],"wp:attachment":[{"href":"https:\/\/yuri.com.br\/claudio\/wp-json\/wp\/v2\/media?parent=636"}],"wp:term":[{"taxonomy":"category","embeddable":true,"href":"https:\/\/yuri.com.br\/claudio\/wp-json\/wp\/v2\/categories?post=636"},{"taxonomy":"post_tag","embeddable":true,"href":"https:\/\/yuri.com.br\/claudio\/wp-json\/wp\/v2\/tags?post=636"}],"curies":[{"name":"wp","href":"https:\/\/api.w.org\/{rel}","templated":true}]}}