{"id":6350,"date":"2013-12-13T13:08:20","date_gmt":"2013-12-13T13:08:20","guid":{"rendered":"http:\/\/claudiobr.wordpress.com\/?p=6350"},"modified":"2013-12-13T13:08:20","modified_gmt":"2013-12-13T13:08:20","slug":"extra-deu-no-new-york-times","status":"publish","type":"post","link":"https:\/\/yuri.com.br\/claudio\/2013\/12\/13\/extra-deu-no-new-york-times\/","title":{"rendered":"EXTRA! Deu no New York Times"},"content":{"rendered":"<p>Propagando bons valores na regi\u00e3o, em prol do futuro! Saiba mais clicando na imagem&#8230;<\/p>\n<p><a href=\"http:\/\/sumbaboulder.blogspot.com.br\/2013\/12\/sao-bento-do-sapucai-cidade-de.html\" target=\"_blank\"><img loading=\"lazy\" decoding=\"async\" data-attachment-id=\"6351\" data-permalink=\"https:\/\/yuri.com.br\/claudio\/2013\/12\/13\/extra-deu-no-new-york-times\/jornal_campanha\/\" data-orig-file=\"https:\/\/yuri.com.br\/claudio\/wp-content\/uploads\/2013\/12\/jornal_campanha.jpg\" data-orig-size=\"700,467\" data-comments-opened=\"1\" data-image-meta=\"{&quot;aperture&quot;:&quot;0&quot;,&quot;credit&quot;:&quot;&quot;,&quot;camera&quot;:&quot;&quot;,&quot;caption&quot;:&quot;&quot;,&quot;created_timestamp&quot;:&quot;0&quot;,&quot;copyright&quot;:&quot;&quot;,&quot;focal_length&quot;:&quot;0&quot;,&quot;iso&quot;:&quot;0&quot;,&quot;shutter_speed&quot;:&quot;0&quot;,&quot;title&quot;:&quot;&quot;}\" data-image-title=\"Jornal Serra da Mantiqueira\" data-image-description=\"\" data-image-caption=\"\" data-medium-file=\"https:\/\/yuri.com.br\/claudio\/wp-content\/uploads\/2013\/12\/jornal_campanha-300x200.jpg\" data-large-file=\"https:\/\/yuri.com.br\/claudio\/wp-content\/uploads\/2013\/12\/jornal_campanha.jpg\" class=\"aligncenter size-full wp-image-6351\" title=\"Jornal Serra da Mantiqueira\" alt=\"Jornal Serra da Mantiqueira\" src=\"http:\/\/yuri.com.br\/claudio\/wp-content\/uploads\/2013\/12\/jornal_campanha.jpg\" width=\"700\" height=\"467\" srcset=\"https:\/\/yuri.com.br\/claudio\/wp-content\/uploads\/2013\/12\/jornal_campanha.jpg 700w, https:\/\/yuri.com.br\/claudio\/wp-content\/uploads\/2013\/12\/jornal_campanha-300x200.jpg 300w, https:\/\/yuri.com.br\/claudio\/wp-content\/uploads\/2013\/12\/jornal_campanha-210x140.jpg 210w\" sizes=\"auto, (max-width: 700px) 100vw, 700px\" \/><\/a><\/p>\n","protected":false},"excerpt":{"rendered":"<p>Propagando bons valores na regi\u00e3o, em prol do futuro! Saiba mais clicando na imagem&#8230;<\/p>\n","protected":false},"author":2,"featured_media":6351,"comment_status":"open","ping_status":"open","sticky":false,"template":"","format":"standard","meta":{"neve_meta_sidebar":"","neve_meta_container":"","neve_meta_enable_content_width":"","neve_meta_content_width":0,"neve_meta_title_alignment":"","neve_meta_author_avatar":"","neve_post_elements_order":"","neve_meta_disable_header":"","neve_meta_disable_footer":"","neve_meta_disable_title":"","jetpack_post_was_ever_published":false,"_jetpack_newsletter_access":"","_jetpack_dont_email_post_to_subs":false,"_jetpack_newsletter_tier_id":0,"_jetpack_memberships_contains_paywalled_content":false,"_jetpack_memberships_contains_paid_content":false,"footnotes":"","jetpack_publicize_message":"","jetpack_publicize_feature_enabled":true,"jetpack_social_post_already_shared":false,"jetpack_social_options":{"image_generator_settings":{"template":"highway","default_image_id":0,"font":"","enabled":false},"version":2}},"categories":[3],"tags":[],"class_list":["post-6350","post","type-post","status-publish","format-standard","has-post-thumbnail","hentry","category-escalada"],"jetpack_publicize_connections":[],"jetpack_featured_media_url":"https:\/\/yuri.com.br\/claudio\/wp-content\/uploads\/2013\/12\/jornal_campanha.jpg","jetpack_shortlink":"https:\/\/wp.me\/p4i7cB-1Eq","jetpack_sharing_enabled":true,"jetpack-related-posts":[{"id":1573,"url":"https:\/\/yuri.com.br\/claudio\/2010\/02\/25\/centro-de-escalada-jpa\/","url_meta":{"origin":6350,"position":0},"title":"Centro de Escalada JPA","author":"claudio","date":"25\/fev\/2010","format":false,"excerpt":"Estive esses dias no novo \"Centro de Escalada JPA\", na zona oeste do Rio. Que eu me lembre, a \u00faltima vez que a regi\u00e3o contou com um muro decente aberto ao p\u00fablico foi em 2005, no extinto muro do Juba, velhos tempos... Eu (rec\u00e9m mudado ao RJ), Caio (pra variar\u2026","rel":"","context":"Em &quot;Escalada&quot;","block_context":{"text":"Escalada","link":"https:\/\/yuri.com.br\/claudio\/category\/escalada\/"},"img":{"alt_text":"","src":"https:\/\/i0.wp.com\/yuri.com.br\/claudio\/wp-content\/uploads\/2010\/02\/escaladabr_2.jpg?resize=350%2C200&ssl=1","width":350,"height":200,"srcset":"https:\/\/i0.wp.com\/yuri.com.br\/claudio\/wp-content\/uploads\/2010\/02\/escaladabr_2.jpg?resize=350%2C200&ssl=1 1x, https:\/\/i0.wp.com\/yuri.com.br\/claudio\/wp-content\/uploads\/2010\/02\/escaladabr_2.jpg?resize=525%2C300&ssl=1 1.5x"},"classes":[]},{"id":7159,"url":"https:\/\/yuri.com.br\/claudio\/2014\/02\/03\/back-to-the-future\/","url_meta":{"origin":6350,"position":1},"title":"De volta para o &#8220;futuro&#8221;","author":"Cl\u00e1udio Brisighello","date":"3\/fev\/2014","format":false,"excerpt":"O fim de ano aqui vem sendo marcado por um per\u00edodo de menos escaladas e mais explora\u00e7\u00f5es ou preparativos. N\u00e3o sei se \u00e9 a idade avan\u00e7ando, mas n\u00e3o consigo mais escalar nesse clima de inferno ver\u00e3o, melhor tem sido treinar o \"condicionamento de guerra\" limpando blocos ou, como ouvi de\u2026","rel":"","context":"Em &quot;Escalada&quot;","block_context":{"text":"Escalada","link":"https:\/\/yuri.com.br\/claudio\/category\/escalada\/"},"img":{"alt_text":"","src":"","width":0,"height":0},"classes":[]},{"id":5977,"url":"https:\/\/yuri.com.br\/claudio\/2013\/11\/25\/o-beta-do-ano\/","url_meta":{"origin":6350,"position":2},"title":"O beta do ano","author":"claudio","date":"25\/nov\/2013","format":false,"excerpt":"Temporada vem, temporada vai, o que fica s\u00e3o as experi\u00eancias e os aprendizados. E assim caminha a humanidade... Bel\u00ea no Arqueiro Zen V11 \u00a0 \u00a0 No meu caso, tive a oportunidade de vivenciar de perto o surgimento de 3 novos setores inteiros em poucos anos, o que sem d\u00favidas me\u2026","rel":"","context":"Em &quot;Escalada&quot;","block_context":{"text":"Escalada","link":"https:\/\/yuri.com.br\/claudio\/category\/escalada\/"},"img":{"alt_text":"","src":"https:\/\/i0.wp.com\/yuri.com.br\/claudio\/wp-content\/uploads\/2013\/10\/vento_blocao_2013.jpg?resize=350%2C200&ssl=1","width":350,"height":200,"srcset":"https:\/\/i0.wp.com\/yuri.com.br\/claudio\/wp-content\/uploads\/2013\/10\/vento_blocao_2013.jpg?resize=350%2C200&ssl=1 1x, https:\/\/i0.wp.com\/yuri.com.br\/claudio\/wp-content\/uploads\/2013\/10\/vento_blocao_2013.jpg?resize=525%2C300&ssl=1 1.5x, https:\/\/i0.wp.com\/yuri.com.br\/claudio\/wp-content\/uploads\/2013\/10\/vento_blocao_2013.jpg?resize=700%2C400&ssl=1 2x"},"classes":[]},{"id":110,"url":"https:\/\/yuri.com.br\/claudio\/2009\/01\/30\/lesimetro-log-book\/","url_meta":{"origin":6350,"position":3},"title":"&#8220;Les\u00edmetro&#8221; log-book","author":"claudio","date":"30\/jan\/2009","format":false,"excerpt":"Como um escalador mortal e apreciador da modalidade esportiva desde 2000, pude vivenciar incont\u00e1veis les\u00f5es: ombro, joelho, abd\u00f4men, costas, cotovelo, pulso, assim como todos os dedos das duas m\u00e3os (exceto ded\u00e3o e indicador). Apesar de tanta \"dor\" assim soar irrespons\u00e1vel, lembremos que a escalada \u00e9 uma atividade\u00a0altamente lesiva,\u00a0atingindo desde iniciantes\u2026","rel":"","context":"Em &quot;Escalada&quot;","block_context":{"text":"Escalada","link":"https:\/\/yuri.com.br\/claudio\/category\/escalada\/"},"img":{"alt_text":"","src":"https:\/\/i0.wp.com\/yuri.com.br\/claudio\/wp-content\/uploads\/2008\/08\/wordpress_handmaster.jpg?resize=350%2C200&ssl=1","width":350,"height":200},"classes":[]},{"id":3546,"url":"https:\/\/yuri.com.br\/claudio\/2012\/03\/15\/paulinha-quilombinho\/","url_meta":{"origin":6350,"position":4},"title":"Paulinha @ Quilombinho","author":"claudio","date":"15\/mar\/2012","format":false,"excerpt":"Tem uns 3 anos que n\u00e3o me pendurava com a c\u00e2mera, me pendurei ontem e confesso que n\u00e3o me reanimei. Mas uma foto se salvou e desta vez explico-me no velho estilo \"fotos comentadas\", quem sabe ainda sirva de utilidade? O local possui escaladas bacanas para todas as dificuldades, mas\u2026","rel":"","context":"Em &quot;Escalada&quot;","block_context":{"text":"Escalada","link":"https:\/\/yuri.com.br\/claudio\/category\/escalada\/"},"img":{"alt_text":"","src":"https:\/\/i0.wp.com\/yuri.com.br\/claudio\/wp-content\/uploads\/2012\/03\/quilombinho_paulinha7a_small.jpg?resize=350%2C200&ssl=1","width":350,"height":200,"srcset":"https:\/\/i0.wp.com\/yuri.com.br\/claudio\/wp-content\/uploads\/2012\/03\/quilombinho_paulinha7a_small.jpg?resize=350%2C200&ssl=1 1x, https:\/\/i0.wp.com\/yuri.com.br\/claudio\/wp-content\/uploads\/2012\/03\/quilombinho_paulinha7a_small.jpg?resize=525%2C300&ssl=1 1.5x, https:\/\/i0.wp.com\/yuri.com.br\/claudio\/wp-content\/uploads\/2012\/03\/quilombinho_paulinha7a_small.jpg?resize=700%2C400&ssl=1 2x"},"classes":[]},{"id":3785,"url":"https:\/\/yuri.com.br\/claudio\/2012\/07\/04\/setor-areas\/","url_meta":{"origin":6350,"position":5},"title":"Setor \u00c1reas!","author":"claudio","date":"4\/jul\/2012","format":false,"excerpt":"Pois \u00e9, o setor \u00c1reas (do Sumba Boulder) continua alucinante. E enquanto n\u00e3o sabemos sobre um futuro\/poss\u00edvel guia de boulders da regi\u00e3o, compartilho aqui mais um peda\u00e7o para quem s\u00f3 conheceu o bloc\u00e3o principal. O bloco do Arestafari fica logo acima do grande Tubar\u00e3o. Olhando o bloquinho assim d\u00e1 at\u00e9\u2026","rel":"","context":"Em &quot;Escalada&quot;","block_context":{"text":"Escalada","link":"https:\/\/yuri.com.br\/claudio\/category\/escalada\/"},"img":{"alt_text":"","src":"https:\/\/i0.wp.com\/yuri.com.br\/claudio\/wp-content\/uploads\/2012\/07\/arestafari.jpg?resize=350%2C200","width":350,"height":200,"srcset":"https:\/\/i0.wp.com\/yuri.com.br\/claudio\/wp-content\/uploads\/2012\/07\/arestafari.jpg?resize=350%2C200 1x, https:\/\/i0.wp.com\/yuri.com.br\/claudio\/wp-content\/uploads\/2012\/07\/arestafari.jpg?resize=525%2C300 1.5x, https:\/\/i0.wp.com\/yuri.com.br\/claudio\/wp-content\/uploads\/2012\/07\/arestafari.jpg?resize=700%2C400 2x"},"classes":[]}],"_links":{"self":[{"href":"https:\/\/yuri.com.br\/claudio\/wp-json\/wp\/v2\/posts\/6350","targetHints":{"allow":["GET"]}}],"collection":[{"href":"https:\/\/yuri.com.br\/claudio\/wp-json\/wp\/v2\/posts"}],"about":[{"href":"https:\/\/yuri.com.br\/claudio\/wp-json\/wp\/v2\/types\/post"}],"author":[{"embeddable":true,"href":"https:\/\/yuri.com.br\/claudio\/wp-json\/wp\/v2\/users\/2"}],"replies":[{"embeddable":true,"href":"https:\/\/yuri.com.br\/claudio\/wp-json\/wp\/v2\/comments?post=6350"}],"version-history":[{"count":0,"href":"https:\/\/yuri.com.br\/claudio\/wp-json\/wp\/v2\/posts\/6350\/revisions"}],"wp:featuredmedia":[{"embeddable":true,"href":"https:\/\/yuri.com.br\/claudio\/wp-json\/wp\/v2\/media\/6351"}],"wp:attachment":[{"href":"https:\/\/yuri.com.br\/claudio\/wp-json\/wp\/v2\/media?parent=6350"}],"wp:term":[{"taxonomy":"category","embeddable":true,"href":"https:\/\/yuri.com.br\/claudio\/wp-json\/wp\/v2\/categories?post=6350"},{"taxonomy":"post_tag","embeddable":true,"href":"https:\/\/yuri.com.br\/claudio\/wp-json\/wp\/v2\/tags?post=6350"}],"curies":[{"name":"wp","href":"https:\/\/api.w.org\/{rel}","templated":true}]}}