{"id":6138,"date":"2013-11-13T14:23:10","date_gmt":"2013-11-13T14:23:10","guid":{"rendered":"http:\/\/claudiobr.wordpress.com\/?p=6138"},"modified":"2013-11-13T14:23:10","modified_gmt":"2013-11-13T14:23:10","slug":"seu-rubinho-e-seu-juca","status":"publish","type":"post","link":"https:\/\/yuri.com.br\/claudio\/2013\/11\/13\/seu-rubinho-e-seu-juca\/","title":{"rendered":"Seu Rubinho e Seu Juca?"},"content":{"rendered":"<p>Antes que o calor, as mutucas e o corpo mole nos renda de vez, o papai noel chegou mais cedo no Rubinho e nos deixou uns presentinhos cl\u00e1ssicos. Abaixo, Marcelo &#8216;Babaleia&#8217; na ilustra\u00e7\u00e3o:<\/p>\n<p><a href=\"http:\/\/claudiobr.wordpress.com\/rock-climbing\/#jp-carousel-6141\" target=\"_blank\"><img decoding=\"async\" class=\"aligncenter\" alt=\"\" src=\"http:\/\/yuri.com.br\/claudio\/wp-content\/uploads\/2013\/11\/rubinho_tumulusnimbus_babaleia.jpg?w=1000&amp;h=\" width=\"700\" \/><\/a><\/p>\n<p>Estamos falando do terreno \u00e0 direita do setor, atr\u00e1s do Arqueiro Zen , onde morreu uma vaca em meados deste ano. Uma \u00e1rea at\u00e9 ent\u00e3o inexplorada devido a pertencer a outro pr\u00f3priet\u00e1rio, o <strong>Seu Juca<\/strong>. Muitos j\u00e1 devem ter reparado que todo dia ele (ou seu filho Ot\u00e1vio) passam na rua tocando gado. Pois bem, este senhor \u00e9 o dono, n\u00e3o deixem de cumpriment\u00e1-lo. M\u00eas passado estive na casa dele e falei muito bem de n\u00f3s escaladores, que somos todos civilizados e n\u00e3o vamos fazer nada de errado por ali. Ele autorizou o acesso, portanto por favor pessoal n\u00e3o me deixem mentir!<\/p>\n<p><img loading=\"lazy\" decoding=\"async\" data-attachment-id=\"6139\" data-permalink=\"https:\/\/yuri.com.br\/claudio\/2013\/11\/13\/seu-rubinho-e-seu-juca\/limpeza\/\" data-orig-file=\"https:\/\/yuri.com.br\/claudio\/wp-content\/uploads\/2013\/11\/limpeza.jpg\" data-orig-size=\"300,300\" data-comments-opened=\"1\" data-image-meta=\"{&quot;aperture&quot;:&quot;0&quot;,&quot;credit&quot;:&quot;&quot;,&quot;camera&quot;:&quot;&quot;,&quot;caption&quot;:&quot;&quot;,&quot;created_timestamp&quot;:&quot;0&quot;,&quot;copyright&quot;:&quot;&quot;,&quot;focal_length&quot;:&quot;0&quot;,&quot;iso&quot;:&quot;0&quot;,&quot;shutter_speed&quot;:&quot;0&quot;,&quot;title&quot;:&quot;&quot;}\" data-image-title=\"Limpeza\" data-image-description=\"\" data-image-caption=\"\" data-medium-file=\"https:\/\/yuri.com.br\/claudio\/wp-content\/uploads\/2013\/11\/limpeza.jpg\" data-large-file=\"https:\/\/yuri.com.br\/claudio\/wp-content\/uploads\/2013\/11\/limpeza.jpg\" class=\"size-full wp-image-6139 alignright\" alt=\"Limpeza\" src=\"http:\/\/yuri.com.br\/claudio\/wp-content\/uploads\/2013\/11\/limpeza.jpg\" width=\"300\" height=\"300\" srcset=\"https:\/\/yuri.com.br\/claudio\/wp-content\/uploads\/2013\/11\/limpeza.jpg 300w, https:\/\/yuri.com.br\/claudio\/wp-content\/uploads\/2013\/11\/limpeza-150x150.jpg 150w, https:\/\/yuri.com.br\/claudio\/wp-content\/uploads\/2013\/11\/limpeza-210x210.jpg 210w\" sizes=\"auto, (max-width: 300px) 100vw, 300px\" \/>A primeira linha por ali (inaugurada pelo mestre Bel\u00ea e repetida por mim) se chama <strong>Tumulus Nimbus<\/strong> e est\u00e1 na categoria &#8220;hard-explosivo&#8221;, deve se situar entre V9 e V10, aguardando confirma\u00e7\u00f5es. Sa\u00edda: a partir de um gastonzinho de direita abaixo do agarr\u00e3o. Uma orelhinha de esquerda te d\u00e1 acesso \u00e0 aresta e domina pela face vertical. H\u00e1 ainda o projet\u00e3o (mais exposto e alucinante) que segue pelas agarras da aresta e domina na frente.<\/p>\n<p>Abaixo deste bloco h\u00e1 uma grande face levemente negativa, bastante podre (obrigado Yuri, Tha\u00eds e Babaleia pela ajuda nos trampos). As linhas ainda est\u00e3o sendo limpas e ficando s\u00f3lidas, portanto n\u00e3o se pendure por ali ainda, a n\u00e3o ser que seu desejo \u00e9 escalar highball em agarras que desmancham como areia! Este bloc\u00e3o vai render escaladas a\u00e9reas e progressivamente t\u00e9cnicas conforme se ganha altura (leia-se: friozinho na barriga garantido). Cheguei a examinar a imponente aresta esquerda,\u00a0 esta promete ser o &#8220;pai do Cabron&#8221;&#8230;<\/p>\n<p><a href=\"http:\/\/claudiobr.wordpress.com\/rock-climbing\/#jp-carousel-6140\" target=\"_blank\"><img decoding=\"async\" class=\"aligncenter\" alt=\"\" src=\"http:\/\/yuri.com.br\/claudio\/wp-content\/uploads\/2013\/11\/rubinho_seujuca_babaleia.jpg?w=1200&amp;h=\" width=\"700\" \/><\/a><\/p>\n<p>At\u00e9 o fim do ano eu disponibilizo uma 2\u00aa edi\u00e7\u00e3o do <a href=\"sumbaboulder.blogspot.com.br\/2013\/08\/croqui-do-setor-rubinho.html\" target=\"_blank\">croqui<\/a>, pois j\u00e1 s\u00e3o cerca de 60 linhas no setor, todas deste ano!<\/p>\n","protected":false},"excerpt":{"rendered":"<p>Antes que o calor, as mutucas e o corpo mole nos renda de vez, o papai noel chegou mais cedo no Rubinho e nos deixou uns presentinhos cl\u00e1ssicos. Abaixo, Marcelo &#8216;Babaleia&#8217; na ilustra\u00e7\u00e3o: Estamos falando do terreno \u00e0 direita do setor, atr\u00e1s do Arqueiro Zen , onde morreu uma vaca em meados deste ano. Uma&hellip;&nbsp;<a href=\"https:\/\/yuri.com.br\/claudio\/2013\/11\/13\/seu-rubinho-e-seu-juca\/\" rel=\"bookmark\">Continue a ler &raquo;<span class=\"screen-reader-text\">Seu Rubinho e Seu Juca?<\/span><\/a><\/p>\n","protected":false},"author":2,"featured_media":6139,"comment_status":"open","ping_status":"open","sticky":false,"template":"","format":"standard","meta":{"neve_meta_sidebar":"","neve_meta_container":"","neve_meta_enable_content_width":"","neve_meta_content_width":0,"neve_meta_title_alignment":"","neve_meta_author_avatar":"","neve_post_elements_order":"","neve_meta_disable_header":"","neve_meta_disable_footer":"","neve_meta_disable_title":"","jetpack_post_was_ever_published":false,"_jetpack_newsletter_access":"","_jetpack_dont_email_post_to_subs":false,"_jetpack_newsletter_tier_id":0,"_jetpack_memberships_contains_paywalled_content":false,"_jetpack_memberships_contains_paid_content":false,"footnotes":"","jetpack_publicize_message":"","jetpack_publicize_feature_enabled":true,"jetpack_social_post_already_shared":false,"jetpack_social_options":{"image_generator_settings":{"template":"highway","default_image_id":0,"font":"","enabled":false},"version":2}},"categories":[3],"tags":[],"class_list":["post-6138","post","type-post","status-publish","format-standard","has-post-thumbnail","hentry","category-escalada"],"jetpack_publicize_connections":[],"jetpack_featured_media_url":"https:\/\/yuri.com.br\/claudio\/wp-content\/uploads\/2013\/11\/limpeza.jpg","jetpack_shortlink":"https:\/\/wp.me\/p4i7cB-1B0","jetpack_sharing_enabled":true,"jetpack-related-posts":[{"id":8023,"url":"https:\/\/yuri.com.br\/claudio\/2014\/07\/21\/rubinho-2014\/","url_meta":{"origin":6138,"position":0},"title":"Rubinho 2014","author":"Cl\u00e1udio Brisighello","date":"21\/jul\/2014","format":false,"excerpt":"Abaixo, Facu - esta jovem M\u00c1QUINA de escalar - d\u00e1 um pega no Medusa em pleno meio-dia, com os dedos literalmente sangrando. Como era seu \"50\u00ba\" dia seguido de escalada non-stop, ficou pra pr\u00f3xima, \"s\u00f3\" deu pra mandar o Arqueiro Zen flash. Esse a\u00ed atropela o que tiver pela frente...\u2026","rel":"","context":"Em &quot;Escalada&quot;","block_context":{"text":"Escalada","link":"https:\/\/yuri.com.br\/claudio\/category\/escalada\/"},"img":{"alt_text":"","src":"https:\/\/i0.wp.com\/yuri.com.br\/claudio\/wp-content\/uploads\/2014\/07\/croqui.jpg?resize=350%2C200&ssl=1","width":350,"height":200,"srcset":"https:\/\/i0.wp.com\/yuri.com.br\/claudio\/wp-content\/uploads\/2014\/07\/croqui.jpg?resize=350%2C200&ssl=1 1x, https:\/\/i0.wp.com\/yuri.com.br\/claudio\/wp-content\/uploads\/2014\/07\/croqui.jpg?resize=525%2C300&ssl=1 1.5x"},"classes":[]},{"id":7642,"url":"https:\/\/yuri.com.br\/claudio\/2014\/04\/30\/rubinho-v2-0\/","url_meta":{"origin":6138,"position":1},"title":"Rubinho v2.0","author":"Cl\u00e1udio Brisighello","date":"30\/abr\/2014","format":false,"excerpt":"Segunda edi\u00e7\u00e3o do croqui, t\u00e1 l\u00e1 no blog do Sumba! Algumas faces imperd\u00edveis entraram nesta edi\u00e7\u00e3o, como o 45 graus da entrada (Bator\u00e9\/Vera Ver\u00e3o) e os blocos do Sr. Juca (Tumulus Nimbus). E o \"grip\" do frio finalmente chegou! Hora de diminuir os trampos e treinos... e dar a cara\u2026","rel":"","context":"Em &quot;Escalada&quot;","block_context":{"text":"Escalada","link":"https:\/\/yuri.com.br\/claudio\/category\/escalada\/"},"img":{"alt_text":"","src":"https:\/\/i0.wp.com\/yuri.com.br\/claudio\/wp-content\/uploads\/2014\/04\/Croqui700.jpg?resize=350%2C200&ssl=1","width":350,"height":200,"srcset":"https:\/\/i0.wp.com\/yuri.com.br\/claudio\/wp-content\/uploads\/2014\/04\/Croqui700.jpg?resize=350%2C200&ssl=1 1x, https:\/\/i0.wp.com\/yuri.com.br\/claudio\/wp-content\/uploads\/2014\/04\/Croqui700.jpg?resize=525%2C300&ssl=1 1.5x, https:\/\/i0.wp.com\/yuri.com.br\/claudio\/wp-content\/uploads\/2014\/04\/Croqui700.jpg?resize=700%2C400&ssl=1 2x"},"classes":[]},{"id":5767,"url":"https:\/\/yuri.com.br\/claudio\/2013\/09\/15\/video-2-do-rubinho\/","url_meta":{"origin":6138,"position":2},"title":"V\u00eddeo: 2 do Rubinho","author":"claudio","date":"15\/set\/2013","format":false,"excerpt":"Conforme prometido, mais um videozinho do Rubinho. Filmagem bem casual, sem trip\u00e9, luz ruim, vale mais para mostrar um pouco das linhas. Primeiro tem a Yuri no highball N\u00e9ctar do Olimpo V5, este bloc\u00e3o cheio de linhas cl\u00e1ssicas. Depois vem o Babaleia na 1\u00aa repeti\u00e7\u00e3o do Cassoulet Paraibano V9, da\u2026","rel":"","context":"Em &quot;Escalada&quot;","block_context":{"text":"Escalada","link":"https:\/\/yuri.com.br\/claudio\/category\/escalada\/"},"img":{"alt_text":"","src":"https:\/\/i0.wp.com\/yuri.com.br\/claudio\/wp-content\/uploads\/2013\/09\/popeye3d.jpg?resize=350%2C200&ssl=1","width":350,"height":200,"srcset":"https:\/\/i0.wp.com\/yuri.com.br\/claudio\/wp-content\/uploads\/2013\/09\/popeye3d.jpg?resize=350%2C200&ssl=1 1x, https:\/\/i0.wp.com\/yuri.com.br\/claudio\/wp-content\/uploads\/2013\/09\/popeye3d.jpg?resize=525%2C300&ssl=1 1.5x"},"classes":[]},{"id":5217,"url":"https:\/\/yuri.com.br\/claudio\/2013\/06\/03\/arqueiro-zen-rubinho\/","url_meta":{"origin":6138,"position":3},"title":"Arqueiro Zen @ Rubinho","author":"claudio","date":"3\/jun\/2013","format":false,"excerpt":"Uns anos atr\u00e1s, recebi de presente do Taka um livro que relaciona arco e flecha com filosofia zen, a grosso modo, sob a premissa de um conte\u00fado valioso pra dar um upgrade na minha escalada. Confesso que fiquei bastante confuso ao me deparar com uma aus\u00eancia total de dicas concretas\u2026","rel":"","context":"Em &quot;Escalada&quot;","block_context":{"text":"Escalada","link":"https:\/\/yuri.com.br\/claudio\/category\/escalada\/"},"img":{"alt_text":"Mestre Zen","src":"https:\/\/i0.wp.com\/yuri.com.br\/claudio\/wp-content\/uploads\/2013\/06\/arqueiro.gif?resize=350%2C200","width":350,"height":200},"classes":[]},{"id":5161,"url":"https:\/\/yuri.com.br\/claudio\/2013\/05\/19\/polvilho-power\/","url_meta":{"origin":6138,"position":4},"title":"Polvilho Power","author":"claudio","date":"19\/maio\/2013","format":false,"excerpt":"Com o setor Rubinho cheio neste s\u00e1bado ensolarado, acho que n\u00e3o preciso mais fazer propaganda... e quando mencionei acesso f\u00e1cil e escaladas para todos, aqui est\u00e1 mais uma prova, com o nosso vice-campe\u00e3o mundial de paraclimbing mandando o \"Polvilho Power\" (linha batizada por ele :-) ap\u00f3s v\u00e1rias tentativas... foi emocionante!\u2026","rel":"","context":"Em &quot;Escalada&quot;","block_context":{"text":"Escalada","link":"https:\/\/yuri.com.br\/claudio\/category\/escalada\/"},"img":{"alt_text":"","src":"https:\/\/i0.wp.com\/yuri.com.br\/claudio\/wp-content\/uploads\/2013\/05\/rubinho_nishimura.jpg?resize=350%2C200&ssl=1","width":350,"height":200,"srcset":"https:\/\/i0.wp.com\/yuri.com.br\/claudio\/wp-content\/uploads\/2013\/05\/rubinho_nishimura.jpg?resize=350%2C200&ssl=1 1x, https:\/\/i0.wp.com\/yuri.com.br\/claudio\/wp-content\/uploads\/2013\/05\/rubinho_nishimura.jpg?resize=525%2C300&ssl=1 1.5x, https:\/\/i0.wp.com\/yuri.com.br\/claudio\/wp-content\/uploads\/2013\/05\/rubinho_nishimura.jpg?resize=700%2C400&ssl=1 2x"},"classes":[]},{"id":7344,"url":"https:\/\/yuri.com.br\/claudio\/2014\/02\/28\/pitaias-do-rubinho\/","url_meta":{"origin":6138,"position":5},"title":"Pitaias do Rubinho","author":"Cl\u00e1udio Brisighello","date":"28\/fev\/2014","format":false,"excerpt":"Quem diria que esse cactus espinhudo que tanto atrapalha os dom\u00ednios do Rubinho, rende uma flor t\u00e3o linda? E a ex\u00f3tica fruta, popularmente conhecida como saborosa? Nome mais que justo! Se n\u00e3o quiser pagar mais de R$100,00 o quilo, corra pois ela s\u00f3 d\u00e1 no ver\u00e3o! Essas fotos s\u00e3o de\u2026","rel":"","context":"Em &quot;Escalada&quot;","block_context":{"text":"Escalada","link":"https:\/\/yuri.com.br\/claudio\/category\/escalada\/"},"img":{"alt_text":"","src":"","width":0,"height":0},"classes":[]}],"_links":{"self":[{"href":"https:\/\/yuri.com.br\/claudio\/wp-json\/wp\/v2\/posts\/6138","targetHints":{"allow":["GET"]}}],"collection":[{"href":"https:\/\/yuri.com.br\/claudio\/wp-json\/wp\/v2\/posts"}],"about":[{"href":"https:\/\/yuri.com.br\/claudio\/wp-json\/wp\/v2\/types\/post"}],"author":[{"embeddable":true,"href":"https:\/\/yuri.com.br\/claudio\/wp-json\/wp\/v2\/users\/2"}],"replies":[{"embeddable":true,"href":"https:\/\/yuri.com.br\/claudio\/wp-json\/wp\/v2\/comments?post=6138"}],"version-history":[{"count":0,"href":"https:\/\/yuri.com.br\/claudio\/wp-json\/wp\/v2\/posts\/6138\/revisions"}],"wp:featuredmedia":[{"embeddable":true,"href":"https:\/\/yuri.com.br\/claudio\/wp-json\/wp\/v2\/media\/6139"}],"wp:attachment":[{"href":"https:\/\/yuri.com.br\/claudio\/wp-json\/wp\/v2\/media?parent=6138"}],"wp:term":[{"taxonomy":"category","embeddable":true,"href":"https:\/\/yuri.com.br\/claudio\/wp-json\/wp\/v2\/categories?post=6138"},{"taxonomy":"post_tag","embeddable":true,"href":"https:\/\/yuri.com.br\/claudio\/wp-json\/wp\/v2\/tags?post=6138"}],"curies":[{"name":"wp","href":"https:\/\/api.w.org\/{rel}","templated":true}]}}