{"id":608,"date":"2009-04-14T13:42:24","date_gmt":"2009-04-14T13:42:24","guid":{"rendered":"http:\/\/claudiobr.wordpress.com\/?p=608"},"modified":"2009-04-14T13:42:24","modified_gmt":"2009-04-14T13:42:24","slug":"pascoa-2009","status":"publish","type":"post","link":"https:\/\/yuri.com.br\/claudio\/2009\/04\/14\/pascoa-2009\/","title":{"rendered":"P\u00e1scoa 2009"},"content":{"rendered":"<p>Neste \u00faltimo fds, fui com minha esposa \u00e0 Itajub\u00e1 e regi\u00e3o, lugar que n\u00e3o visitava a  muito tempo:<\/p>\n<p style=\"text-align:center;\"><a href=\"http:\/\/www.flickr.com\/photos\/cbrisighello\/3441650936\"><img loading=\"lazy\" decoding=\"async\" class=\"aligncenter\" title=\"Pico dos Marins\" src=\"http:\/\/farm4.static.flickr.com\/3561\/3441650936_3fa5747d16.jpg\" alt=\"\" width=\"500\" height=\"333\" \/><\/a><em>Pico dos Marins<\/em><\/p>\n<hr \/>\n<p style=\"text-align:center;\">\n<p style=\"text-align:center;\"><a href=\"http:\/\/www.flickr.com\/photos\/cbrisighello\/3437535735\/\"><img loading=\"lazy\" decoding=\"async\" class=\"aligncenter\" title=\"S\u00edtio Para\u00edso\" src=\"http:\/\/farm4.static.flickr.com\/3365\/3437535735_7b8ec87b95.jpg\" alt=\"\" width=\"500\" height=\"333\" \/><\/a><em>Para\u00edso dos &#8216;Bordis&#8217;<\/em><\/p>\n<hr \/>\n<p style=\"text-align:center;\">\n<p style=\"text-align:center;\"><div class=\"nv-iframe-embed\"><div class=\"embed-vimeo\" style=\"text-align: center;\"><iframe loading=\"lazy\" src=\"https:\/\/player.vimeo.com\/video\/4140506\" width=\"1200\" height=\"675\" frameborder=\"0\" webkitallowfullscreen mozallowfullscreen allowfullscreen><\/iframe><\/div><\/div>\n<p style=\"text-align:center;\"><em>Boulders na Piedade<\/em><\/p>\n<hr \/>\n<p style=\"text-align:left;\">\n<p style=\"text-align:left;\">Desde a \u00faltima vez, muita coisa se desenvolveu, e surgiram novas vias e boulders de alta dificuldade. Fui conferir o &#8220;Tubar\u00e3o&#8221; na Pedra da Piedade (valeu pelos betas, Juliano) que est\u00e1 cotado em V12 pelo Leandro Pardal, sujeito tranquilo\/low-profile l\u00e1 de S\u00e3o Bento, que no mesmo fds estava fazendo mais uma 1a. ascens\u00e3o, do que pode ser o <a href=\"http:\/\/espnbrasil.terra.com.br\/eliseufrechou\/post\/44162_ENCADENADO+O+BOULDER+MAIS+DIFICIL+DO+BRASIL\" target=\"_blank\">boulder mais dif\u00edcil do continente<\/a>. O bloco do &#8220;Tubar\u00e3o&#8221; possue uma forma\u00e7\u00e3o de proa, com uma barbatana no \u00ednicio. Ap\u00f3s uma boa faxina nas agarras, provei a &#8220;fera&#8221;, cuja movimenta\u00e7\u00e3o \u00e9 alucinante, e o crux bem definido: uma pin\u00e7a de bidedo que te leva \u00e0 dominada. No meu caso, s\u00f3 me levou \u00e0 lona, pois fui nocauteado umas 25 vezes por esse movimento, at\u00e9 me dar por vencido. Mas o boulder \u00e9 &#8220;world-class&#8221;, inspirou muito!! Aos pretendentes, fica o meu conselho de ir pra l\u00e1 com o &#8220;alicate&#8221; em dia! :-)<\/p>\n<p style=\"text-align:left;\">O mais impressionante mesmo foram as pombas do sempre hospitaleiro Z\u00e9 C\u00e9lio (caseiro do s\u00edtio Para\u00edso &#8216;dos Bordis&#8217;), que voam e d\u00e3o cambalhotas (mortais) no ar. Bizarro!<\/p>\n<p style=\"text-align:left;\">\n","protected":false},"excerpt":{"rendered":"<p>Neste \u00faltimo fds, fui com minha esposa \u00e0 Itajub\u00e1 e regi\u00e3o, lugar que n\u00e3o visitava a muito tempo: Pico dos Marins Para\u00edso dos &#8216;Bordis&#8217; Boulders na Piedade Desde a \u00faltima vez, muita coisa se desenvolveu, e surgiram novas vias e boulders de alta dificuldade. Fui conferir o &#8220;Tubar\u00e3o&#8221; na Pedra da Piedade (valeu pelos betas,&hellip;&nbsp;<a href=\"https:\/\/yuri.com.br\/claudio\/2009\/04\/14\/pascoa-2009\/\" rel=\"bookmark\">Continue a ler &raquo;<span class=\"screen-reader-text\">P\u00e1scoa 2009<\/span><\/a><\/p>\n","protected":false},"author":2,"featured_media":0,"comment_status":"open","ping_status":"open","sticky":false,"template":"","format":"standard","meta":{"neve_meta_sidebar":"","neve_meta_container":"","neve_meta_enable_content_width":"","neve_meta_content_width":0,"neve_meta_title_alignment":"","neve_meta_author_avatar":"","neve_post_elements_order":"","neve_meta_disable_header":"","neve_meta_disable_footer":"","neve_meta_disable_title":"","jetpack_post_was_ever_published":false,"_jetpack_newsletter_access":"","_jetpack_dont_email_post_to_subs":false,"_jetpack_newsletter_tier_id":0,"_jetpack_memberships_contains_paywalled_content":false,"_jetpack_memberships_contains_paid_content":false,"footnotes":"","jetpack_publicize_message":"","jetpack_publicize_feature_enabled":true,"jetpack_social_post_already_shared":false,"jetpack_social_options":{"image_generator_settings":{"template":"highway","default_image_id":0,"font":"","enabled":false},"version":2}},"categories":[3],"tags":[],"class_list":["post-608","post","type-post","status-publish","format-standard","hentry","category-escalada"],"jetpack_publicize_connections":[],"jetpack_featured_media_url":"","jetpack_shortlink":"https:\/\/wp.me\/p4i7cB-9O","jetpack_sharing_enabled":true,"jetpack-related-posts":[{"id":3722,"url":"https:\/\/yuri.com.br\/claudio\/2012\/06\/11\/campeonato-brasileiro-2012-etapa-sao-bento-fotos\/","url_meta":{"origin":608,"position":0},"title":"Campeonato Brasileiro 2012 &#8211; Etapa S\u00e3o Bento (fotos)","author":"claudio","date":"11\/jun\/2012","format":false,"excerpt":"S\u00e3o Pedro e S\u00e3o Bento fizeram um pacto de 24 horas para que no s\u00e1bado, a m\u00e1gica acontecesse: sol e frio perfeitos para rolar um espet\u00e1culo do climb, resultado merecido de um mega-trampo de tirar o chap\u00e9u... Acima, o Rafinha em um dos boulders mais duros do festival. O moleque\u2026","rel":"","context":"Em &quot;Escalada&quot;","block_context":{"text":"Escalada","link":"https:\/\/yuri.com.br\/claudio\/category\/escalada\/"},"img":{"alt_text":"","src":"https:\/\/i0.wp.com\/yuri.com.br\/claudio\/wp-content\/uploads\/2012\/06\/brasileiro_rafinha_small.jpg?resize=350%2C200&ssl=1","width":350,"height":200,"srcset":"https:\/\/i0.wp.com\/yuri.com.br\/claudio\/wp-content\/uploads\/2012\/06\/brasileiro_rafinha_small.jpg?resize=350%2C200&ssl=1 1x, https:\/\/i0.wp.com\/yuri.com.br\/claudio\/wp-content\/uploads\/2012\/06\/brasileiro_rafinha_small.jpg?resize=525%2C300&ssl=1 1.5x"},"classes":[]},{"id":449,"url":"https:\/\/yuri.com.br\/claudio\/2009\/03\/02\/pracinha-de-itacoatiara-video\/","url_meta":{"origin":608,"position":1},"title":"Pracinha de Itacoatiara &#8211; v\u00eddeo","author":"claudio","date":"2\/mar\/2009","format":false,"excerpt":"Editei mais um \"clipezinho\" recente, desta vez da ador\u00e1vel Pracinha de Itacoatiara, em Niter\u00f3i\/RJ. Trata-se de uma pra\u00e7a cheia de blocos de granito, literalmente. Localizada em um bairro\u00a0praiano residencial super tranquilo, a sensa\u00e7\u00e3o \u00e9 de escalada urbana com a maior paz que se pode ter. Praticamente estaciona-se ao lado dos\u2026","rel":"","context":"Em &quot;Escalada&quot;","block_context":{"text":"Escalada","link":"https:\/\/yuri.com.br\/claudio\/category\/escalada\/"},"img":{"alt_text":"","src":"","width":0,"height":0},"classes":[]},{"id":388,"url":"https:\/\/yuri.com.br\/claudio\/2009\/01\/23\/video-do-grajaurj\/","url_meta":{"origin":608,"position":2},"title":"V\u00eddeo do Graja\u00fa\/RJ","author":"claudio","date":"23\/jan\/2009","format":false,"excerpt":"A homage to the friends and the boulders. \u00a0\"Curta-metragem\" sobre uma tarde de escalada em um dos melhores locais de boulder da cidade. Foquei a edi\u00e7\u00e3o\/trilha no aspecto mais social, portanto n\u00e3o espere aquele rock'n'roll de morder a pedra... Bons ventos!","rel":"","context":"Em &quot;Escalada&quot;","block_context":{"text":"Escalada","link":"https:\/\/yuri.com.br\/claudio\/category\/escalada\/"},"img":{"alt_text":"","src":"","width":0,"height":0},"classes":[]},{"id":2335,"url":"https:\/\/yuri.com.br\/claudio\/2010\/07\/01\/foto\/","url_meta":{"origin":608,"position":3},"title":"Foto","author":"claudio","date":"1\/jul\/2010","format":false,"excerpt":"Gostei bastante desta imagem, achei legal compartilhar. Ouvi falar de boulders em Castle Hill (Nova Zel\u00e2ndia) mas n\u00e3o sabia dessa vers\u00e3o neozelandesa da \"Action Directe\" :-) Acredito que se trata de\u00a0 rocha vulc\u00e2nica... by Daniel Jenkins","rel":"","context":"Em &quot;Escalada&quot;","block_context":{"text":"Escalada","link":"https:\/\/yuri.com.br\/claudio\/category\/escalada\/"},"img":{"alt_text":"","src":"https:\/\/i0.wp.com\/farm3.static.flickr.com\/2045\/1962108499_f9be1953a4_o.jpg?resize=350%2C200","width":350,"height":200,"srcset":"https:\/\/i0.wp.com\/farm3.static.flickr.com\/2045\/1962108499_f9be1953a4_o.jpg?resize=350%2C200 1x, https:\/\/i0.wp.com\/farm3.static.flickr.com\/2045\/1962108499_f9be1953a4_o.jpg?resize=525%2C300 1.5x"},"classes":[]},{"id":3671,"url":"https:\/\/yuri.com.br\/claudio\/2012\/05\/17\/rapadura-e-doce-mas-nao-e-mole-nao\/","url_meta":{"origin":608,"position":4},"title":"Rapadura \u00e9 doce mas n\u00e3o \u00e9 mole n\u00e3o!","author":"claudio","date":"17\/maio\/2012","format":false,"excerpt":"Depois de quase 2 anos de arruma\u00e7\u00f5es, 'enxadando', 'cimentando',\u00a0martelando, serrando, plantando... finalmente uma pausa. Vamos ver se esse ano eu consigo me dedicar aos boulders de alta dificuldade. Boa temporada a todos!","rel":"","context":"Em &quot;Escalada&quot;","block_context":{"text":"Escalada","link":"https:\/\/yuri.com.br\/claudio\/category\/escalada\/"},"img":{"alt_text":"","src":"https:\/\/i0.wp.com\/yuri.com.br\/claudio\/wp-content\/uploads\/2012\/05\/agarrasapo.jpg?resize=350%2C200&ssl=1","width":350,"height":200,"srcset":"https:\/\/i0.wp.com\/yuri.com.br\/claudio\/wp-content\/uploads\/2012\/05\/agarrasapo.jpg?resize=350%2C200&ssl=1 1x, https:\/\/i0.wp.com\/yuri.com.br\/claudio\/wp-content\/uploads\/2012\/05\/agarrasapo.jpg?resize=525%2C300&ssl=1 1.5x, https:\/\/i0.wp.com\/yuri.com.br\/claudio\/wp-content\/uploads\/2012\/05\/agarrasapo.jpg?resize=700%2C400&ssl=1 2x"},"classes":[]},{"id":4179,"url":"https:\/\/yuri.com.br\/claudio\/2012\/11\/07\/muchas-gracias\/","url_meta":{"origin":608,"position":5},"title":"Muchas gracias","author":"claudio","date":"7\/nov\/2012","format":false,"excerpt":"Valeu VG (mais todos que vc mobilizou) & Tha\u00eds\/Babaleia pelos donativos! Com uma comunidade assim cheia de parceiros \"firmeza-plus\", o trampo fica mais f\u00e1cil. Todos sabemos que os boulders mantiqueirenses s\u00e3o \"tropicalientes\": muitos est\u00e3o encravados em matas \u00famidas, ambientes perfeitos para agarras fr\u00e1geis. Sabemos tamb\u00e9m que uma latinha dessas n\u00e3o\u2026","rel":"","context":"Em &quot;Escalada&quot;","block_context":{"text":"Escalada","link":"https:\/\/yuri.com.br\/claudio\/category\/escalada\/"},"img":{"alt_text":"","src":"https:\/\/i0.wp.com\/yuri.com.br\/claudio\/wp-content\/uploads\/2012\/11\/sika_donativos.jpg?resize=350%2C200&ssl=1","width":350,"height":200,"srcset":"https:\/\/i0.wp.com\/yuri.com.br\/claudio\/wp-content\/uploads\/2012\/11\/sika_donativos.jpg?resize=350%2C200&ssl=1 1x, https:\/\/i0.wp.com\/yuri.com.br\/claudio\/wp-content\/uploads\/2012\/11\/sika_donativos.jpg?resize=525%2C300&ssl=1 1.5x, https:\/\/i0.wp.com\/yuri.com.br\/claudio\/wp-content\/uploads\/2012\/11\/sika_donativos.jpg?resize=700%2C400&ssl=1 2x"},"classes":[]}],"_links":{"self":[{"href":"https:\/\/yuri.com.br\/claudio\/wp-json\/wp\/v2\/posts\/608","targetHints":{"allow":["GET"]}}],"collection":[{"href":"https:\/\/yuri.com.br\/claudio\/wp-json\/wp\/v2\/posts"}],"about":[{"href":"https:\/\/yuri.com.br\/claudio\/wp-json\/wp\/v2\/types\/post"}],"author":[{"embeddable":true,"href":"https:\/\/yuri.com.br\/claudio\/wp-json\/wp\/v2\/users\/2"}],"replies":[{"embeddable":true,"href":"https:\/\/yuri.com.br\/claudio\/wp-json\/wp\/v2\/comments?post=608"}],"version-history":[{"count":0,"href":"https:\/\/yuri.com.br\/claudio\/wp-json\/wp\/v2\/posts\/608\/revisions"}],"wp:attachment":[{"href":"https:\/\/yuri.com.br\/claudio\/wp-json\/wp\/v2\/media?parent=608"}],"wp:term":[{"taxonomy":"category","embeddable":true,"href":"https:\/\/yuri.com.br\/claudio\/wp-json\/wp\/v2\/categories?post=608"},{"taxonomy":"post_tag","embeddable":true,"href":"https:\/\/yuri.com.br\/claudio\/wp-json\/wp\/v2\/tags?post=608"}],"curies":[{"name":"wp","href":"https:\/\/api.w.org\/{rel}","templated":true}]}}