{"id":6039,"date":"2013-11-05T22:15:08","date_gmt":"2013-11-05T22:15:08","guid":{"rendered":"http:\/\/claudiobr.wordpress.com\/?p=6039"},"modified":"2013-11-05T22:15:08","modified_gmt":"2013-11-05T22:15:08","slug":"torresmo-na-veia-e-climb-no-coracao","status":"publish","type":"post","link":"https:\/\/yuri.com.br\/claudio\/2013\/11\/05\/torresmo-na-veia-e-climb-no-coracao\/","title":{"rendered":"Torresmo na veia e climb no cora\u00e7\u00e3o"},"content":{"rendered":"<p>Quando percebo que minhas roc-trips visam mais <a href=\"http:\/\/claudiobr.wordpress.com\/2013\/08\/26\/e-o-rio-continua-lindo\/\" target=\"_blank\">botequins<\/a> do que pedras, ser\u00e1 que sou mais butequeiro do que escalador? Os vegetarianos que me desculpem pela foto &#8220;x-rated&#8221;, mas o beta da vez vai pra esse que \u00e9 o melhor torresmo do ano, cujo corte especial inclui suculentos nacos de carne e, como de costume, vem escoltado por um lim\u00e3ozinho, sem falar da dose de cacha\u00e7a mineira generosamente servida em copo americano. Onde isso!? Em <strong>Itajub\u00e1<\/strong>: <strong>Bar da Maria<\/strong>, no bairro da Medicina. Conheci esse antol\u00f3gico templo da baixa gastronomia em algum dos festivais anuais de escalada e, me perdoem as boas pedras da regi\u00e3o, hoje eu volto l\u00e1 mais por causa do boteco.<\/p>\n<p><img loading=\"lazy\" decoding=\"async\" data-attachment-id=\"6041\" data-permalink=\"https:\/\/yuri.com.br\/claudio\/2013\/11\/05\/torresmo-na-veia-e-climb-no-coracao\/bardamaria_torresmo-2\/\" data-orig-file=\"https:\/\/yuri.com.br\/claudio\/wp-content\/uploads\/2013\/11\/bardamaria_torresmo1.jpg\" data-orig-size=\"700,394\" data-comments-opened=\"1\" data-image-meta=\"{&quot;aperture&quot;:&quot;0&quot;,&quot;credit&quot;:&quot;&quot;,&quot;camera&quot;:&quot;XT320&quot;,&quot;caption&quot;:&quot;&quot;,&quot;created_timestamp&quot;:&quot;1039348800&quot;,&quot;copyright&quot;:&quot;&quot;,&quot;focal_length&quot;:&quot;4.13&quot;,&quot;iso&quot;:&quot;0&quot;,&quot;shutter_speed&quot;:&quot;0&quot;,&quot;title&quot;:&quot;&quot;}\" data-image-title=\"Bar da Maria &amp;#8211; Itajub\u00e1\" data-image-description=\"\" data-image-caption=\"\" data-medium-file=\"https:\/\/yuri.com.br\/claudio\/wp-content\/uploads\/2013\/11\/bardamaria_torresmo1-300x168.jpg\" data-large-file=\"https:\/\/yuri.com.br\/claudio\/wp-content\/uploads\/2013\/11\/bardamaria_torresmo1.jpg\" class=\"aligncenter size-full wp-image-6041\" alt=\"Bar da Maria - Itajub\u00e1\" src=\"http:\/\/yuri.com.br\/claudio\/wp-content\/uploads\/2013\/11\/bardamaria_torresmo1.jpg\" width=\"700\" height=\"394\" srcset=\"https:\/\/yuri.com.br\/claudio\/wp-content\/uploads\/2013\/11\/bardamaria_torresmo1.jpg 700w, https:\/\/yuri.com.br\/claudio\/wp-content\/uploads\/2013\/11\/bardamaria_torresmo1-300x168.jpg 300w, https:\/\/yuri.com.br\/claudio\/wp-content\/uploads\/2013\/11\/bardamaria_torresmo1-210x118.jpg 210w\" sizes=\"auto, (max-width: 700px) 100vw, 700px\" \/><\/p>\n<p>E pra n\u00e3o desonrar a ra\u00e7a, registrei um cl\u00e1ssico dos belos blocos da <strong>Piedade<\/strong>, o <strong>Sapatilhas da Humildade<\/strong>&#8230; \u00f3timo nome para um boulder, quem nunca sentiu vontade de presentear um escalador com essas sapatas? :-) Pra mim, foi particularmente emocionante escalar sem poder abrir a perna embaixo do bloco. Assista e entenda:<\/p>\n<p style=\"text-align:center;\"><div class=\"nv-iframe-embed\"><div class=\"embed-vimeo\" style=\"text-align: center;\"><iframe loading=\"lazy\" src=\"https:\/\/player.vimeo.com\/video\/78664174\" width=\"700\" height=\"394\" frameborder=\"0\" webkitallowfullscreen mozallowfullscreen allowfullscreen><\/iframe><\/div><\/div>\n","protected":false},"excerpt":{"rendered":"<p>Quando percebo que minhas roc-trips visam mais botequins do que pedras, ser\u00e1 que sou mais butequeiro do que escalador? Os vegetarianos que me desculpem pela foto &#8220;x-rated&#8221;, mas o beta da vez vai pra esse que \u00e9 o melhor torresmo do ano, cujo corte especial inclui suculentos nacos de carne e, como de costume, vem&hellip;&nbsp;<a href=\"https:\/\/yuri.com.br\/claudio\/2013\/11\/05\/torresmo-na-veia-e-climb-no-coracao\/\" rel=\"bookmark\">Continue a ler &raquo;<span class=\"screen-reader-text\">Torresmo na veia e climb no cora\u00e7\u00e3o<\/span><\/a><\/p>\n","protected":false},"author":2,"featured_media":6040,"comment_status":"open","ping_status":"open","sticky":false,"template":"","format":"standard","meta":{"neve_meta_sidebar":"","neve_meta_container":"","neve_meta_enable_content_width":"","neve_meta_content_width":0,"neve_meta_title_alignment":"","neve_meta_author_avatar":"","neve_post_elements_order":"","neve_meta_disable_header":"","neve_meta_disable_footer":"","neve_meta_disable_title":"","jetpack_post_was_ever_published":false,"_jetpack_newsletter_access":"","_jetpack_dont_email_post_to_subs":false,"_jetpack_newsletter_tier_id":0,"_jetpack_memberships_contains_paywalled_content":false,"_jetpack_memberships_contains_paid_content":false,"footnotes":"","jetpack_publicize_message":"","jetpack_publicize_feature_enabled":true,"jetpack_social_post_already_shared":false,"jetpack_social_options":{"image_generator_settings":{"template":"highway","default_image_id":0,"font":"","enabled":false},"version":2}},"categories":[2,3],"tags":[],"class_list":["post-6039","post","type-post","status-publish","format-standard","has-post-thumbnail","hentry","category-baixa-gastronomia","category-escalada"],"jetpack_publicize_connections":[],"jetpack_featured_media_url":"https:\/\/yuri.com.br\/claudio\/wp-content\/uploads\/2013\/11\/bardamaria_torresmo.jpg","jetpack_shortlink":"https:\/\/wp.me\/p4i7cB-1zp","jetpack_sharing_enabled":true,"jetpack-related-posts":[{"id":5630,"url":"https:\/\/yuri.com.br\/claudio\/2013\/08\/26\/e-o-rio-continua-lindo\/","url_meta":{"origin":6039,"position":0},"title":"E o Rio continua lindo&#8230;","author":"claudio","date":"26\/ago\/2013","format":false,"excerpt":"Em anota\u00e7\u00f5es saudosistas como esta, soa mais \u00f3bvio guardar imagens dos belos cart\u00f5es postais da cidade maravilhosa, mas no caso deste butequeiro apaixonado que vos escreve, as saudades mais fortes vinham dos balc\u00f5es dos verdadeiros botequins, onde se respira o carioqu\u00eas e pude reencontrar iguarias como este rosbife e o\u2026","rel":"","context":"Em &quot;'Baixa' Gastronomia&quot;","block_context":{"text":"'Baixa' Gastronomia","link":"https:\/\/yuri.com.br\/claudio\/category\/baixa-gastronomia\/"},"img":{"alt_text":"","src":"https:\/\/i0.wp.com\/yuri.com.br\/claudio\/wp-content\/uploads\/2013\/08\/bosque_improviso_dani.jpg?resize=350%2C200&ssl=1","width":350,"height":200,"srcset":"https:\/\/i0.wp.com\/yuri.com.br\/claudio\/wp-content\/uploads\/2013\/08\/bosque_improviso_dani.jpg?resize=350%2C200&ssl=1 1x, https:\/\/i0.wp.com\/yuri.com.br\/claudio\/wp-content\/uploads\/2013\/08\/bosque_improviso_dani.jpg?resize=525%2C300&ssl=1 1.5x, https:\/\/i0.wp.com\/yuri.com.br\/claudio\/wp-content\/uploads\/2013\/08\/bosque_improviso_dani.jpg?resize=700%2C400&ssl=1 2x, https:\/\/i0.wp.com\/yuri.com.br\/claudio\/wp-content\/uploads\/2013\/08\/bosque_improviso_dani.jpg?resize=1050%2C600&ssl=1 3x"},"classes":[]},{"id":134,"url":"https:\/\/yuri.com.br\/claudio\/2008\/08\/20\/os-caldos-de-minha-vida-real-chopp\/","url_meta":{"origin":6039,"position":1},"title":"Os caldos de minha vida &#8211; Real Chopp","author":"claudio","date":"20\/ago\/2008","format":false,"excerpt":"Dando sequ\u00eancia \u00e0s opini\u00f5es 'gastro-butequeiras' dessas terras cariocas, apresentarei a seguir o caldinho de feij\u00e3o do Real Chopp, meu boteco predileto de Copacabana. O local, cujos donos atuais, Afonso e Erm\u00edrio, se revezam no balc\u00e3o desde 1984, oferece um bom chope e algumas iguarias a pre\u00e7o just\u00edssimo. Afinal onde voc\u00ea\u2026","rel":"","context":"Em &quot;'Baixa' Gastronomia&quot;","block_context":{"text":"'Baixa' Gastronomia","link":"https:\/\/yuri.com.br\/claudio\/category\/baixa-gastronomia\/"},"img":{"alt_text":"","src":"https:\/\/i0.wp.com\/yuri.com.br\/claudio\/wp-content\/uploads\/2008\/08\/realchopp_caldinho.jpg?resize=350%2C200&ssl=1","width":350,"height":200,"srcset":"https:\/\/i0.wp.com\/yuri.com.br\/claudio\/wp-content\/uploads\/2008\/08\/realchopp_caldinho.jpg?resize=350%2C200&ssl=1 1x, https:\/\/i0.wp.com\/yuri.com.br\/claudio\/wp-content\/uploads\/2008\/08\/realchopp_caldinho.jpg?resize=525%2C300&ssl=1 1.5x, https:\/\/i0.wp.com\/yuri.com.br\/claudio\/wp-content\/uploads\/2008\/08\/realchopp_caldinho.jpg?resize=700%2C400&ssl=1 2x"},"classes":[]},{"id":203,"url":"https:\/\/yuri.com.br\/claudio\/2008\/09\/10\/festival-comida-di-buteco-no-rj\/","url_meta":{"origin":6039,"position":2},"title":"Festival &#8216;Comida di Buteco&#8217; no RJ","author":"claudio","date":"10\/set\/2008","format":false,"excerpt":"Aconteceu durante o m\u00eas passado, agosto, o festival \"Comida di Buteco\", realizado pela primeira vez no Rio. O resultado (ap\u00f3s 20 mil votos durante o m\u00eas todo) saiu a pouco: 1a. Lugar MELHOR TIRA-GOSTO - Um rol\u00e9 pelo sub\u00farbio - rol\u00e9 ouri\u00e7ado com molho de Bohemia Escura em mini-ba\u00edas de\u2026","rel":"","context":"Em &quot;'Baixa' Gastronomia&quot;","block_context":{"text":"'Baixa' Gastronomia","link":"https:\/\/yuri.com.br\/claudio\/category\/baixa-gastronomia\/"},"img":{"alt_text":"","src":"https:\/\/i0.wp.com\/yuri.com.br\/claudio\/wp-content\/uploads\/2008\/09\/sururu.jpg?resize=350%2C200&ssl=1","width":350,"height":200,"srcset":"https:\/\/i0.wp.com\/yuri.com.br\/claudio\/wp-content\/uploads\/2008\/09\/sururu.jpg?resize=350%2C200&ssl=1 1x, https:\/\/i0.wp.com\/yuri.com.br\/claudio\/wp-content\/uploads\/2008\/09\/sururu.jpg?resize=525%2C300&ssl=1 1.5x"},"classes":[]},{"id":35,"url":"https:\/\/yuri.com.br\/claudio\/2008\/07\/29\/os-caldos-de-minha-vida\/","url_meta":{"origin":6039,"position":3},"title":"Os caldos de minha vida &#8211; Adega da Velha","author":"claudio","date":"29\/jul\/2008","format":false,"excerpt":"Gostaria de compartilhar um pouco da minha experi\u00eancia butequeira adquirida aqui no RJ, cidade ber\u00e7o do botequim tradicional. J\u00e1 faz tempo que eu desejo me expressar em homenagem a esse \"templo\" do bem viver, mas para isto eu pretendo me dedicar com mais carinho em uma futura postagem, como se\u2026","rel":"","context":"Em &quot;'Baixa' Gastronomia&quot;","block_context":{"text":"'Baixa' Gastronomia","link":"https:\/\/yuri.com.br\/claudio\/category\/baixa-gastronomia\/"},"img":{"alt_text":"","src":"https:\/\/i0.wp.com\/yuri.com.br\/claudio\/wp-content\/uploads\/2008\/07\/wordpress_adega_caldinho.jpg?resize=350%2C200&ssl=1","width":350,"height":200},"classes":[]},{"id":1167,"url":"https:\/\/yuri.com.br\/claudio\/2009\/11\/03\/finados\/","url_meta":{"origin":6039,"position":4},"title":"Finados","author":"claudio","date":"3\/nov\/2009","format":false,"excerpt":"O feriad\u00e3o por aqui foi tranquilo. Tijolado de rodar pelas estradas nas f\u00e9rias, ficamos no RJ onde eu pude reencontrar o granito e lembrar como \u00e9 bom escalar neste tipo de pedra, principalmente se for na Barrinha! :-) Fiz algumas fotos, mesmo que sem muita inspira\u00e7\u00e3o... aproveitei 10% do que\u2026","rel":"","context":"Em &quot;'Baixa' Gastronomia&quot;","block_context":{"text":"'Baixa' Gastronomia","link":"https:\/\/yuri.com.br\/claudio\/category\/baixa-gastronomia\/"},"img":{"alt_text":"","src":"https:\/\/i0.wp.com\/farm3.static.flickr.com\/2633\/4068778188_398b6ca944_o.jpg?resize=350%2C200","width":350,"height":200},"classes":[]},{"id":1000,"url":"https:\/\/yuri.com.br\/claudio\/2009\/08\/24\/itajuba-festival-do-sul-de-minas\/","url_meta":{"origin":6039,"position":5},"title":"Itajub\u00e1 &#8211; Festival do Sul de Minas","author":"claudio","date":"24\/ago\/2009","format":false,"excerpt":"Neste \u00faltimo fds, mais uma viagem maneira, desta vez fomos respirar os ares do sul de minas e prestigiar o festival anual que rola em Itajub\u00e1. Felizmente, S\u00e3o Pedro colaborou abrindo uma janela no meio dessa frente fria molhada! Foi apenas a minha 3a. visita, mas cada ida tem servido\u2026","rel":"","context":"Em &quot;Escalada&quot;","block_context":{"text":"Escalada","link":"https:\/\/yuri.com.br\/claudio\/category\/escalada\/"},"img":{"alt_text":"","src":"https:\/\/i0.wp.com\/yuri.com.br\/claudio\/wp-content\/uploads\/2009\/08\/itajuba_paraiso_psyco_claud.jpg?resize=350%2C200&ssl=1","width":350,"height":200,"srcset":"https:\/\/i0.wp.com\/yuri.com.br\/claudio\/wp-content\/uploads\/2009\/08\/itajuba_paraiso_psyco_claud.jpg?resize=350%2C200&ssl=1 1x, https:\/\/i0.wp.com\/yuri.com.br\/claudio\/wp-content\/uploads\/2009\/08\/itajuba_paraiso_psyco_claud.jpg?resize=525%2C300&ssl=1 1.5x"},"classes":[]}],"_links":{"self":[{"href":"https:\/\/yuri.com.br\/claudio\/wp-json\/wp\/v2\/posts\/6039","targetHints":{"allow":["GET"]}}],"collection":[{"href":"https:\/\/yuri.com.br\/claudio\/wp-json\/wp\/v2\/posts"}],"about":[{"href":"https:\/\/yuri.com.br\/claudio\/wp-json\/wp\/v2\/types\/post"}],"author":[{"embeddable":true,"href":"https:\/\/yuri.com.br\/claudio\/wp-json\/wp\/v2\/users\/2"}],"replies":[{"embeddable":true,"href":"https:\/\/yuri.com.br\/claudio\/wp-json\/wp\/v2\/comments?post=6039"}],"version-history":[{"count":0,"href":"https:\/\/yuri.com.br\/claudio\/wp-json\/wp\/v2\/posts\/6039\/revisions"}],"wp:featuredmedia":[{"embeddable":true,"href":"https:\/\/yuri.com.br\/claudio\/wp-json\/wp\/v2\/media\/6040"}],"wp:attachment":[{"href":"https:\/\/yuri.com.br\/claudio\/wp-json\/wp\/v2\/media?parent=6039"}],"wp:term":[{"taxonomy":"category","embeddable":true,"href":"https:\/\/yuri.com.br\/claudio\/wp-json\/wp\/v2\/categories?post=6039"},{"taxonomy":"post_tag","embeddable":true,"href":"https:\/\/yuri.com.br\/claudio\/wp-json\/wp\/v2\/tags?post=6039"}],"curies":[{"name":"wp","href":"https:\/\/api.w.org\/{rel}","templated":true}]}}