{"id":6004,"date":"2013-10-27T20:26:42","date_gmt":"2013-10-27T20:26:42","guid":{"rendered":"http:\/\/claudiobr.wordpress.com\/?p=6004"},"modified":"2013-10-27T20:26:42","modified_gmt":"2013-10-27T20:26:42","slug":"foca-no-rubinho","status":"publish","type":"post","link":"https:\/\/yuri.com.br\/claudio\/2013\/10\/27\/foca-no-rubinho\/","title":{"rendered":"Foca no Rubinho"},"content":{"rendered":"<p>Eis que uma janela de tempo bom excepcional agraciou mais uma visitinha dos brothers da saudosa Rio de Janeiro&#8230; Fica ent\u00e3o um souvenir com o Miguel &#8220;Esteban&#8221; provando o final do Medusa V12. Detalhe da seg cl\u00e1ssica de 1 m\u00e3o!<\/p>\n<p style=\"text-align:center;\"><a href=\"http:\/\/claudiobr.wordpress.com\/rock-climbing\/#jp-carousel-6005\" target=\"_blank\"><img decoding=\"async\" data-attachment-id=\"6005\" data-permalink=\"https:\/\/yuri.com.br\/claudio\/2013\/10\/27\/foca-no-rubinho\/rubinho_medusa_miguel\/\" data-orig-file=\"https:\/\/yuri.com.br\/claudio\/wp-content\/uploads\/2013\/10\/rubinho_medusa_miguel.jpg\" data-orig-size=\"1200,800\" data-comments-opened=\"1\" data-image-meta=\"{&quot;aperture&quot;:&quot;2.8&quot;,&quot;credit&quot;:&quot;Claudio Brisighello&quot;,&quot;camera&quot;:&quot;Canon EOS 7D&quot;,&quot;caption&quot;:&quot;&quot;,&quot;created_timestamp&quot;:&quot;1382810743&quot;,&quot;copyright&quot;:&quot;&quot;,&quot;focal_length&quot;:&quot;11&quot;,&quot;iso&quot;:&quot;640&quot;,&quot;shutter_speed&quot;:&quot;0.004&quot;,&quot;title&quot;:&quot;&quot;}\" data-image-title=\"Miguel @ Medusa V12 (Rubinho)\" data-image-description=\"\" data-image-caption=\"&lt;p&gt;Miguel @ Medusa V12 (Rubinho)&lt;\/p&gt;\n\" data-medium-file=\"https:\/\/yuri.com.br\/claudio\/wp-content\/uploads\/2013\/10\/rubinho_medusa_miguel-300x200.jpg\" data-large-file=\"https:\/\/yuri.com.br\/claudio\/wp-content\/uploads\/2013\/10\/rubinho_medusa_miguel-1024x682.jpg\" class=\"wp-image-6005 alignnone\" alt=\"Miguel @ Medusa V12 (Rubinho)\" src=\"http:\/\/yuri.com.br\/claudio\/wp-content\/uploads\/2013\/10\/rubinho_medusa_miguel.jpg\" width=\"700\" srcset=\"https:\/\/yuri.com.br\/claudio\/wp-content\/uploads\/2013\/10\/rubinho_medusa_miguel.jpg 1200w, https:\/\/yuri.com.br\/claudio\/wp-content\/uploads\/2013\/10\/rubinho_medusa_miguel-300x200.jpg 300w, https:\/\/yuri.com.br\/claudio\/wp-content\/uploads\/2013\/10\/rubinho_medusa_miguel-1024x682.jpg 1024w, https:\/\/yuri.com.br\/claudio\/wp-content\/uploads\/2013\/10\/rubinho_medusa_miguel-210x140.jpg 210w\" sizes=\"(max-width: 1200px) 100vw, 1200px\" \/><\/a><\/p>\n<p style=\"text-align:left;\">E abaixo, Dr. Dani d\u00e1 um pega no Arqueiro Zen V11.\u00a0 S\u00e3o os titius do <a href=\"http:\/\/focanoclimb.com\/\" target=\"_blank\">Foca no Climb<\/a>, apertando forte como sempre!<\/p>\n<p><a href=\"http:\/\/claudiobr.wordpress.com\/rock-climbing\/#jp-carousel-6014\" target=\"_blank\"><img decoding=\"async\" class=\"aligncenter\" alt=\"\" src=\"http:\/\/yuri.com.br\/claudio\/wp-content\/uploads\/2013\/10\/rubinho_arqueirozen_dani1.jpg?w=700&amp;h=\" height=\"700\" \/><\/a><\/p>\n","protected":false},"excerpt":{"rendered":"<p>Eis que uma janela de tempo bom excepcional agraciou mais uma visitinha dos brothers da saudosa Rio de Janeiro&#8230; Fica ent\u00e3o um souvenir com o Miguel &#8220;Esteban&#8221; provando o final do Medusa V12. Detalhe da seg cl\u00e1ssica de 1 m\u00e3o! E abaixo, Dr. Dani d\u00e1 um pega no Arqueiro Zen V11.\u00a0 S\u00e3o os titius do&hellip;&nbsp;<a href=\"https:\/\/yuri.com.br\/claudio\/2013\/10\/27\/foca-no-rubinho\/\" rel=\"bookmark\">Continue a ler &raquo;<span class=\"screen-reader-text\">Foca no Rubinho<\/span><\/a><\/p>\n","protected":false},"author":2,"featured_media":6005,"comment_status":"open","ping_status":"open","sticky":false,"template":"","format":"standard","meta":{"neve_meta_sidebar":"","neve_meta_container":"","neve_meta_enable_content_width":"","neve_meta_content_width":0,"neve_meta_title_alignment":"","neve_meta_author_avatar":"","neve_post_elements_order":"","neve_meta_disable_header":"","neve_meta_disable_footer":"","neve_meta_disable_title":"","jetpack_post_was_ever_published":false,"_jetpack_newsletter_access":"","_jetpack_dont_email_post_to_subs":false,"_jetpack_newsletter_tier_id":0,"_jetpack_memberships_contains_paywalled_content":false,"_jetpack_memberships_contains_paid_content":false,"footnotes":"","jetpack_publicize_message":"","jetpack_publicize_feature_enabled":true,"jetpack_social_post_already_shared":false,"jetpack_social_options":{"image_generator_settings":{"template":"highway","default_image_id":0,"font":"","enabled":false},"version":2}},"categories":[3],"tags":[],"class_list":["post-6004","post","type-post","status-publish","format-standard","has-post-thumbnail","hentry","category-escalada"],"jetpack_publicize_connections":[],"jetpack_featured_media_url":"https:\/\/yuri.com.br\/claudio\/wp-content\/uploads\/2013\/10\/rubinho_medusa_miguel.jpg","jetpack_shortlink":"https:\/\/wp.me\/p4i7cB-1yQ","jetpack_sharing_enabled":true,"jetpack-related-posts":[{"id":5217,"url":"https:\/\/yuri.com.br\/claudio\/2013\/06\/03\/arqueiro-zen-rubinho\/","url_meta":{"origin":6004,"position":0},"title":"Arqueiro Zen @ Rubinho","author":"claudio","date":"3\/jun\/2013","format":false,"excerpt":"Uns anos atr\u00e1s, recebi de presente do Taka um livro que relaciona arco e flecha com filosofia zen, a grosso modo, sob a premissa de um conte\u00fado valioso pra dar um upgrade na minha escalada. Confesso que fiquei bastante confuso ao me deparar com uma aus\u00eancia total de dicas concretas\u2026","rel":"","context":"Em &quot;Escalada&quot;","block_context":{"text":"Escalada","link":"https:\/\/yuri.com.br\/claudio\/category\/escalada\/"},"img":{"alt_text":"Mestre Zen","src":"https:\/\/i0.wp.com\/yuri.com.br\/claudio\/wp-content\/uploads\/2013\/06\/arqueiro.gif?resize=350%2C200","width":350,"height":200},"classes":[]},{"id":5831,"url":"https:\/\/yuri.com.br\/claudio\/2013\/09\/30\/video-arqueiro-zen-rollerblade\/","url_meta":{"origin":6004,"position":1},"title":"V\u00eddeo: Arqueiro Zen &#038; Rollerblade","author":"claudio","date":"30\/set\/2013","format":false,"excerpt":"Mais um da s\u00e9rie \"arquivo Rubinho\", desta vez sem grandes firulas ou surpresas, apenas um beta-showdown de 2 problemas de qualidade por l\u00e1. Primeiro, Babaleia realiza o bel\u00edssimo (sou suspeito pra falar) Arqueiro Zen V11 e depois tem a Yuri no Rollerblade V5, um bom teste de p\u00e9s com crux\u2026","rel":"","context":"Em &quot;Escalada&quot;","block_context":{"text":"Escalada","link":"https:\/\/yuri.com.br\/claudio\/category\/escalada\/"},"img":{"alt_text":"","src":"","width":0,"height":0},"classes":[]},{"id":5652,"url":"https:\/\/yuri.com.br\/claudio\/2013\/08\/28\/fofocas-nu\/","url_meta":{"origin":6004,"position":2},"title":"Fofocas.nu","author":"claudio","date":"28\/ago\/2013","format":false,"excerpt":"N\u00e3o sou de ficar enaltecendo n\u00fameros por aqui, mas como as not\u00edcias s\u00e3o quent\u00edssimas da regi\u00e3o e essa galera abaixo \u00e9 low profile (n\u00e3o faz marketing de cadena), vou puxar um saco com sinceridade agora: - Mestre Bel\u00ea, vulgo Andr\u00e9 Berezoski, tornou hoje o Medusa V12 uma realidade. Quem viu\u2026","rel":"","context":"Em &quot;Escalada&quot;","block_context":{"text":"Escalada","link":"https:\/\/yuri.com.br\/claudio\/category\/escalada\/"},"img":{"alt_text":"","src":"","width":0,"height":0},"classes":[]},{"id":5454,"url":"https:\/\/yuri.com.br\/claudio\/2013\/07\/21\/o-melhor-amigo-do-homem\/","url_meta":{"origin":6004,"position":3},"title":"O melhor amigo do homem","author":"claudio","date":"21\/jul\/2013","format":false,"excerpt":"Souvenir de um belo dia de escalada, dessa vez com Bel\u00ea e Mindu, sob o imponente Medusa. Clique para ampliar...","rel":"","context":"Em &quot;Outros&quot;","block_context":{"text":"Outros","link":"https:\/\/yuri.com.br\/claudio\/category\/outros\/"},"img":{"alt_text":"","src":"","width":0,"height":0},"classes":[]},{"id":8144,"url":"https:\/\/yuri.com.br\/claudio\/2014\/08\/04\/video-cruzeiro-ep-5\/","url_meta":{"origin":6004,"position":4},"title":"V\u00eddeo: Cruzeiro Ep.5","author":"Cl\u00e1udio Brisighello","date":"4\/ago\/2014","format":false,"excerpt":"Ao contr\u00e1rio do \u00faltimo epis\u00f3dio, estrelado pelo Totoro\/Gato-\u00d4nibus e seus coadjuvantes humanos, desta vez o protagonista \u00e9 o pr\u00f3prio Miguel \"Esteban\" Osorio no Ilha de Pandora V10. \u00c9 dif\u00edcil eu conseguir registrar um processo de verdade assim, que expresse melhor a experi\u00eancia de forma mais realista. Com apenas uma c\u00e2mera\u2026","rel":"","context":"Em &quot;Escalada&quot;","block_context":{"text":"Escalada","link":"https:\/\/yuri.com.br\/claudio\/category\/escalada\/"},"img":{"alt_text":"","src":"https:\/\/i0.wp.com\/yuri.com.br\/claudio\/wp-content\/uploads\/2014\/08\/Vimeo.jpg?resize=350%2C200&ssl=1","width":350,"height":200,"srcset":"https:\/\/i0.wp.com\/yuri.com.br\/claudio\/wp-content\/uploads\/2014\/08\/Vimeo.jpg?resize=350%2C200&ssl=1 1x, https:\/\/i0.wp.com\/yuri.com.br\/claudio\/wp-content\/uploads\/2014\/08\/Vimeo.jpg?resize=525%2C300&ssl=1 1.5x, https:\/\/i0.wp.com\/yuri.com.br\/claudio\/wp-content\/uploads\/2014\/08\/Vimeo.jpg?resize=700%2C400&ssl=1 2x"},"classes":[]},{"id":3636,"url":"https:\/\/yuri.com.br\/claudio\/2012\/04\/12\/retrato-pos-cadena\/","url_meta":{"origin":6004,"position":5},"title":"Retrato &#8216;p\u00f3s-cadena&#8217;","author":"claudio","date":"12\/abr\/2012","format":false,"excerpt":"Pr\u00e9via do pequeno v\u00eddeo\/souvenir com esses brothers-cariocas-fren\u00e9ticos que estiveram aqui nesse feriado...","rel":"","context":"Em &quot;Escalada&quot;","block_context":{"text":"Escalada","link":"https:\/\/yuri.com.br\/claudio\/category\/escalada\/"},"img":{"alt_text":"","src":"https:\/\/i0.wp.com\/yuri.com.br\/claudio\/wp-content\/uploads\/2012\/04\/robertete.jpg?resize=350%2C200&ssl=1","width":350,"height":200,"srcset":"https:\/\/i0.wp.com\/yuri.com.br\/claudio\/wp-content\/uploads\/2012\/04\/robertete.jpg?resize=350%2C200&ssl=1 1x, https:\/\/i0.wp.com\/yuri.com.br\/claudio\/wp-content\/uploads\/2012\/04\/robertete.jpg?resize=525%2C300&ssl=1 1.5x, https:\/\/i0.wp.com\/yuri.com.br\/claudio\/wp-content\/uploads\/2012\/04\/robertete.jpg?resize=700%2C400&ssl=1 2x"},"classes":[]}],"_links":{"self":[{"href":"https:\/\/yuri.com.br\/claudio\/wp-json\/wp\/v2\/posts\/6004","targetHints":{"allow":["GET"]}}],"collection":[{"href":"https:\/\/yuri.com.br\/claudio\/wp-json\/wp\/v2\/posts"}],"about":[{"href":"https:\/\/yuri.com.br\/claudio\/wp-json\/wp\/v2\/types\/post"}],"author":[{"embeddable":true,"href":"https:\/\/yuri.com.br\/claudio\/wp-json\/wp\/v2\/users\/2"}],"replies":[{"embeddable":true,"href":"https:\/\/yuri.com.br\/claudio\/wp-json\/wp\/v2\/comments?post=6004"}],"version-history":[{"count":0,"href":"https:\/\/yuri.com.br\/claudio\/wp-json\/wp\/v2\/posts\/6004\/revisions"}],"wp:featuredmedia":[{"embeddable":true,"href":"https:\/\/yuri.com.br\/claudio\/wp-json\/wp\/v2\/media\/6005"}],"wp:attachment":[{"href":"https:\/\/yuri.com.br\/claudio\/wp-json\/wp\/v2\/media?parent=6004"}],"wp:term":[{"taxonomy":"category","embeddable":true,"href":"https:\/\/yuri.com.br\/claudio\/wp-json\/wp\/v2\/categories?post=6004"},{"taxonomy":"post_tag","embeddable":true,"href":"https:\/\/yuri.com.br\/claudio\/wp-json\/wp\/v2\/tags?post=6004"}],"curies":[{"name":"wp","href":"https:\/\/api.w.org\/{rel}","templated":true}]}}