{"id":5977,"date":"2013-11-25T12:19:31","date_gmt":"2013-11-25T12:19:31","guid":{"rendered":"http:\/\/claudiobr.wordpress.com\/?p=5977"},"modified":"2013-11-25T12:19:31","modified_gmt":"2013-11-25T12:19:31","slug":"o-beta-do-ano","status":"publish","type":"post","link":"https:\/\/yuri.com.br\/claudio\/2013\/11\/25\/o-beta-do-ano\/","title":{"rendered":"O beta do ano"},"content":{"rendered":"<p>Temporada vem, temporada vai, o que fica s\u00e3o as experi\u00eancias e os aprendizados. E assim caminha a humanidade&#8230;<\/p>\n<h6 style=\"text-align:right;\"><img loading=\"lazy\" decoding=\"async\" data-attachment-id=\"6302\" data-permalink=\"https:\/\/yuri.com.br\/claudio\/2013\/11\/25\/o-beta-do-ano\/rubinho_arqueirozen_bele\/\" data-orig-file=\"https:\/\/yuri.com.br\/claudio\/wp-content\/uploads\/2013\/11\/rubinho_arqueirozen_bele.jpg\" data-orig-size=\"700,394\" data-comments-opened=\"1\" data-image-meta=\"{&quot;aperture&quot;:&quot;2.8&quot;,&quot;credit&quot;:&quot;Claudio Brisighello&quot;,&quot;camera&quot;:&quot;Canon EOS 7D&quot;,&quot;caption&quot;:&quot;&quot;,&quot;created_timestamp&quot;:&quot;1383584456&quot;,&quot;copyright&quot;:&quot;&quot;,&quot;focal_length&quot;:&quot;11&quot;,&quot;iso&quot;:&quot;1250&quot;,&quot;shutter_speed&quot;:&quot;0.003125&quot;,&quot;title&quot;:&quot;&quot;}\" data-image-title=\"Bel\u00ea @ Arqueiro Zen V11\" data-image-description=\"\" data-image-caption=\"\" data-medium-file=\"https:\/\/yuri.com.br\/claudio\/wp-content\/uploads\/2013\/11\/rubinho_arqueirozen_bele-300x168.jpg\" data-large-file=\"https:\/\/yuri.com.br\/claudio\/wp-content\/uploads\/2013\/11\/rubinho_arqueirozen_bele.jpg\" class=\"aligncenter size-full wp-image-6302\" alt=\"Bel\u00ea @ Arqueiro Zen V11\" src=\"http:\/\/yuri.com.br\/claudio\/wp-content\/uploads\/2013\/11\/rubinho_arqueirozen_bele.jpg\" width=\"700\" height=\"394\" srcset=\"https:\/\/yuri.com.br\/claudio\/wp-content\/uploads\/2013\/11\/rubinho_arqueirozen_bele.jpg 700w, https:\/\/yuri.com.br\/claudio\/wp-content\/uploads\/2013\/11\/rubinho_arqueirozen_bele-300x168.jpg 300w, https:\/\/yuri.com.br\/claudio\/wp-content\/uploads\/2013\/11\/rubinho_arqueirozen_bele-210x118.jpg 210w\" sizes=\"auto, (max-width: 700px) 100vw, 700px\" \/><strong>Bel\u00ea no Arqueiro Zen V11 \u00a0 \u00a0<\/strong><\/h6>\n<p>No meu caso, tive a oportunidade de vivenciar de perto o surgimento de 3 novos setores inteiros em poucos anos, o que sem d\u00favidas me sensibilizou em alguns pontos at\u00e9 ent\u00e3o subestimados pela minha ignor\u00e2ncia e vontade de somente desfrutar da atividade. Aspectos como o valoroso trabalho de desenvolvedores e sobretudo, a tal <strong>quest\u00e3o do acesso em propriedades privadas<\/strong>, me fazem hoje respeitar cada vez mais as chamadas &#8220;\u00e9ticas locais&#8221;.<\/p>\n<h6 style=\"text-align:right;\"><strong><img loading=\"lazy\" decoding=\"async\" data-attachment-id=\"6221\" data-permalink=\"https:\/\/yuri.com.br\/claudio\/2013\/11\/25\/o-beta-do-ano\/rubinhojoao\/\" data-orig-file=\"https:\/\/yuri.com.br\/claudio\/wp-content\/uploads\/2013\/11\/rubinhojoao.jpg\" data-orig-size=\"700,197\" data-comments-opened=\"1\" data-image-meta=\"{&quot;aperture&quot;:&quot;0&quot;,&quot;credit&quot;:&quot;&quot;,&quot;camera&quot;:&quot;&quot;,&quot;caption&quot;:&quot;&quot;,&quot;created_timestamp&quot;:&quot;0&quot;,&quot;copyright&quot;:&quot;&quot;,&quot;focal_length&quot;:&quot;0&quot;,&quot;iso&quot;:&quot;0&quot;,&quot;shutter_speed&quot;:&quot;0&quot;,&quot;title&quot;:&quot;&quot;}\" data-image-title=\"Rubinho &amp;#038; Jo\u00e3o\" data-image-description=\"\" data-image-caption=\"\" data-medium-file=\"https:\/\/yuri.com.br\/claudio\/wp-content\/uploads\/2013\/11\/rubinhojoao-300x84.jpg\" data-large-file=\"https:\/\/yuri.com.br\/claudio\/wp-content\/uploads\/2013\/11\/rubinhojoao.jpg\" class=\"aligncenter size-full wp-image-6221\" alt=\"Rubinho &amp; Jo\u00e3o\" src=\"http:\/\/yuri.com.br\/claudio\/wp-content\/uploads\/2013\/11\/rubinhojoao.jpg\" width=\"700\" height=\"197\" srcset=\"https:\/\/yuri.com.br\/claudio\/wp-content\/uploads\/2013\/11\/rubinhojoao.jpg 700w, https:\/\/yuri.com.br\/claudio\/wp-content\/uploads\/2013\/11\/rubinhojoao-300x84.jpg 300w, https:\/\/yuri.com.br\/claudio\/wp-content\/uploads\/2013\/11\/rubinhojoao-210x59.jpg 210w\" sizes=\"auto, (max-width: 700px) 100vw, 700px\" \/>Seu Rubinho e Seu Jo\u00e3o &#8211; propriet\u00e1rios de setor de escalada\u00a0<strong> <strong><strong>\u00a0\u00a0 <\/strong><\/strong><\/strong><br \/>\n<\/strong><\/h6>\n<p>Portanto, mais do que relatos pessoais de uma incr\u00edvel temporada que se foi, eu destaco este assunto e recomendo a todos uma visita na rec\u00e9m atualizada p\u00e1gina de <strong>orienta\u00e7\u00e3o de acesso<\/strong> do SumbaBoulder:\u00a0<a href=\"http:\/\/sumbaboulder.blogspot.com.br\/p\/importante-acesso.html\" target=\"_blank\">CLIQUE AQUI<\/a> para acessar! S\u00e3o recomenda\u00e7\u00f5es que muitas vezes vem acompanhadas de not\u00edcias ruins, o que felizmente <span style=\"text-decoration:underline;\">n\u00e3o<\/span> \u00e9 o caso neste momento&#8230; que tal mudar a rotina e propagar esses bons betas antes da &#8220;m\u00e1 not\u00edcia&#8221; acontecer? Fica a\u00ed o &#8220;beta do ano&#8221;, para quem sabe um dia, este tipo de preocupa\u00e7\u00e3o se torne realmente desnecess\u00e1rio e possamos todos focar no que interessa: a evolu\u00e7\u00e3o deste motivador potencial l\u00e1 fora, apertando forte e compartilhando sem medo de ser feliz, sabendo que nosso esporte e nossa comunidade s\u00e3o bem-vindos e bem vistos pelos donos das pedras. Am\u00e9m!<\/p>\n<p>Encerro ent\u00e3o com a imagem de um &#8220;bloquinho&#8221; em mais um novo setor, de <em>acesso sens\u00edvel<\/em>, para a vossa reflex\u00e3o&#8230;<\/p>\n<h6 style=\"text-align:right;\"><img loading=\"lazy\" decoding=\"async\" data-attachment-id=\"5978\" data-permalink=\"https:\/\/yuri.com.br\/claudio\/2013\/11\/25\/o-beta-do-ano\/vento_blocao_2013\/\" data-orig-file=\"https:\/\/yuri.com.br\/claudio\/wp-content\/uploads\/2013\/10\/vento_blocao_2013.jpg\" data-orig-size=\"700,298\" data-comments-opened=\"1\" data-image-meta=\"{&quot;aperture&quot;:&quot;5&quot;,&quot;credit&quot;:&quot;Claudio Brisighello&quot;,&quot;camera&quot;:&quot;Canon EOS 7D&quot;,&quot;caption&quot;:&quot;&quot;,&quot;created_timestamp&quot;:&quot;1382460077&quot;,&quot;copyright&quot;:&quot;&quot;,&quot;focal_length&quot;:&quot;11&quot;,&quot;iso&quot;:&quot;160&quot;,&quot;shutter_speed&quot;:&quot;0.003125&quot;,&quot;title&quot;:&quot;&quot;}\" data-image-title=\"2014 promete!\" data-image-description=\"\" data-image-caption=\"\" data-medium-file=\"https:\/\/yuri.com.br\/claudio\/wp-content\/uploads\/2013\/10\/vento_blocao_2013-300x127.jpg\" data-large-file=\"https:\/\/yuri.com.br\/claudio\/wp-content\/uploads\/2013\/10\/vento_blocao_2013.jpg\" class=\"aligncenter size-full wp-image-5978\" title=\"\" alt=\"\" src=\"http:\/\/yuri.com.br\/claudio\/wp-content\/uploads\/2013\/10\/vento_blocao_2013.jpg\" width=\"700\" height=\"298\" srcset=\"https:\/\/yuri.com.br\/claudio\/wp-content\/uploads\/2013\/10\/vento_blocao_2013.jpg 700w, https:\/\/yuri.com.br\/claudio\/wp-content\/uploads\/2013\/10\/vento_blocao_2013-300x127.jpg 300w, https:\/\/yuri.com.br\/claudio\/wp-content\/uploads\/2013\/10\/vento_blocao_2013-210x89.jpg 210w\" sizes=\"auto, (max-width: 700px) 100vw, 700px\" \/><strong>2014 promete! \u00a0 \u00a0 <strong><\/strong><br \/>\n<\/strong><\/h6>\n<p>Que venha a pr\u00f3xima temporada, repleta de boas transforma\u00e7\u00f5es a todos!<\/p>\n","protected":false},"excerpt":{"rendered":"<p>Temporada vem, temporada vai, o que fica s\u00e3o as experi\u00eancias e os aprendizados. E assim caminha a humanidade&#8230; Bel\u00ea no Arqueiro Zen V11 \u00a0 \u00a0 No meu caso, tive a oportunidade de vivenciar de perto o surgimento de 3 novos setores inteiros em poucos anos, o que sem d\u00favidas me sensibilizou em alguns pontos at\u00e9&hellip;&nbsp;<a href=\"https:\/\/yuri.com.br\/claudio\/2013\/11\/25\/o-beta-do-ano\/\" rel=\"bookmark\">Continue a ler &raquo;<span class=\"screen-reader-text\">O beta do ano<\/span><\/a><\/p>\n","protected":false},"author":2,"featured_media":5978,"comment_status":"open","ping_status":"open","sticky":false,"template":"","format":"standard","meta":{"neve_meta_sidebar":"","neve_meta_container":"","neve_meta_enable_content_width":"","neve_meta_content_width":0,"neve_meta_title_alignment":"","neve_meta_author_avatar":"","neve_post_elements_order":"","neve_meta_disable_header":"","neve_meta_disable_footer":"","neve_meta_disable_title":"","jetpack_post_was_ever_published":false,"_jetpack_newsletter_access":"","_jetpack_dont_email_post_to_subs":false,"_jetpack_newsletter_tier_id":0,"_jetpack_memberships_contains_paywalled_content":false,"_jetpack_memberships_contains_paid_content":false,"footnotes":"","jetpack_publicize_message":"","jetpack_publicize_feature_enabled":true,"jetpack_social_post_already_shared":false,"jetpack_social_options":{"image_generator_settings":{"template":"highway","default_image_id":0,"font":"","enabled":false},"version":2}},"categories":[3],"tags":[],"class_list":["post-5977","post","type-post","status-publish","format-standard","has-post-thumbnail","hentry","category-escalada"],"jetpack_publicize_connections":[],"jetpack_featured_media_url":"https:\/\/yuri.com.br\/claudio\/wp-content\/uploads\/2013\/10\/vento_blocao_2013.jpg","jetpack_shortlink":"https:\/\/wp.me\/p4i7cB-1yp","jetpack_sharing_enabled":true,"jetpack-related-posts":[{"id":4442,"url":"https:\/\/yuri.com.br\/claudio\/2012\/12\/03\/fim-de-temporada\/","url_meta":{"origin":5977,"position":0},"title":"Fim de temporada","author":"claudio","date":"3\/dez\/2012","format":false,"excerpt":"Por aqui o fim da temporada chegou para mim com um brinde: uma dor in\u00e9dita irradiando pelo ci\u00e1tico, interditando minha perna esquerda. Sem causa imediata, um prov\u00e1vel desgaste de longo prazo devido a uma alta progress\u00e3o f\u00edsica que atravessei neste ano. Cuidem-se e n\u00e3o aprendam da pior maneira: escalador esportivo\u2026","rel":"","context":"Em &quot;Escalada&quot;","block_context":{"text":"Escalada","link":"https:\/\/yuri.com.br\/claudio\/category\/escalada\/"},"img":{"alt_text":"","src":"https:\/\/i0.wp.com\/yuri.com.br\/claudio\/wp-content\/uploads\/2012\/12\/xitao_wp.jpg?resize=350%2C200&ssl=1","width":350,"height":200,"srcset":"https:\/\/i0.wp.com\/yuri.com.br\/claudio\/wp-content\/uploads\/2012\/12\/xitao_wp.jpg?resize=350%2C200&ssl=1 1x, https:\/\/i0.wp.com\/yuri.com.br\/claudio\/wp-content\/uploads\/2012\/12\/xitao_wp.jpg?resize=525%2C300&ssl=1 1.5x, https:\/\/i0.wp.com\/yuri.com.br\/claudio\/wp-content\/uploads\/2012\/12\/xitao_wp.jpg?resize=700%2C400&ssl=1 2x"},"classes":[]},{"id":5686,"url":"https:\/\/yuri.com.br\/claudio\/2013\/10\/10\/os-carboidratos\/","url_meta":{"origin":5977,"position":1},"title":"Os carboidratos","author":"claudio","date":"10\/out\/2013","format":false,"excerpt":"E j\u00e1 que a temporada de escalada parou com meus posts culin\u00e1rios, aqui vai um ind\u00edcio de retorno com mais uma fornada semanal do Chal\u00e9 (s\u00f3 pra n\u00e3o variar um pouco :-)... e viva a fermenta\u00e7\u00e3o natural!","rel":"","context":"Em &quot;'Baixa' Gastronomia&quot;","block_context":{"text":"'Baixa' Gastronomia","link":"https:\/\/yuri.com.br\/claudio\/category\/baixa-gastronomia\/"},"img":{"alt_text":"","src":"https:\/\/i0.wp.com\/yuri.com.br\/claudio\/wp-content\/uploads\/2013\/08\/pao_set2013.jpg?resize=350%2C200&ssl=1","width":350,"height":200,"srcset":"https:\/\/i0.wp.com\/yuri.com.br\/claudio\/wp-content\/uploads\/2013\/08\/pao_set2013.jpg?resize=350%2C200&ssl=1 1x, https:\/\/i0.wp.com\/yuri.com.br\/claudio\/wp-content\/uploads\/2013\/08\/pao_set2013.jpg?resize=525%2C300&ssl=1 1.5x, https:\/\/i0.wp.com\/yuri.com.br\/claudio\/wp-content\/uploads\/2013\/08\/pao_set2013.jpg?resize=700%2C400&ssl=1 2x, https:\/\/i0.wp.com\/yuri.com.br\/claudio\/wp-content\/uploads\/2013\/08\/pao_set2013.jpg?resize=1050%2C600&ssl=1 3x"},"classes":[]},{"id":3671,"url":"https:\/\/yuri.com.br\/claudio\/2012\/05\/17\/rapadura-e-doce-mas-nao-e-mole-nao\/","url_meta":{"origin":5977,"position":2},"title":"Rapadura \u00e9 doce mas n\u00e3o \u00e9 mole n\u00e3o!","author":"claudio","date":"17\/maio\/2012","format":false,"excerpt":"Depois de quase 2 anos de arruma\u00e7\u00f5es, 'enxadando', 'cimentando',\u00a0martelando, serrando, plantando... finalmente uma pausa. Vamos ver se esse ano eu consigo me dedicar aos boulders de alta dificuldade. Boa temporada a todos!","rel":"","context":"Em &quot;Escalada&quot;","block_context":{"text":"Escalada","link":"https:\/\/yuri.com.br\/claudio\/category\/escalada\/"},"img":{"alt_text":"","src":"https:\/\/i0.wp.com\/yuri.com.br\/claudio\/wp-content\/uploads\/2012\/05\/agarrasapo.jpg?resize=350%2C200&ssl=1","width":350,"height":200,"srcset":"https:\/\/i0.wp.com\/yuri.com.br\/claudio\/wp-content\/uploads\/2012\/05\/agarrasapo.jpg?resize=350%2C200&ssl=1 1x, https:\/\/i0.wp.com\/yuri.com.br\/claudio\/wp-content\/uploads\/2012\/05\/agarrasapo.jpg?resize=525%2C300&ssl=1 1.5x, https:\/\/i0.wp.com\/yuri.com.br\/claudio\/wp-content\/uploads\/2012\/05\/agarrasapo.jpg?resize=700%2C400&ssl=1 2x"},"classes":[]},{"id":5801,"url":"https:\/\/yuri.com.br\/claudio\/2013\/09\/25\/primavera-arabe-rubinho\/","url_meta":{"origin":5977,"position":3},"title":"Primavera \u00c1rabe @ Rubinho","author":"claudio","date":"25\/set\/2013","format":false,"excerpt":"Essa linha pode n\u00e3o parecer t\u00e3o bonita \u00e0 primeira vista, ent\u00e3o aqui vai uma foto pra embelezar um pouco o neg\u00f3cio: Yuri no Primavera \u00c1rabe V5 no Rubinho, corra porque os abaolados do crux est\u00e3o ficando cada vez piores conforme acaba a temporada... e os regletinhos do final est\u00e3o sumindo.\u2026","rel":"","context":"Em &quot;Escalada&quot;","block_context":{"text":"Escalada","link":"https:\/\/yuri.com.br\/claudio\/category\/escalada\/"},"img":{"alt_text":"","src":"https:\/\/i0.wp.com\/yuri.com.br\/claudio\/wp-content\/uploads\/2013\/09\/rubinho_primaveraarabe_yuri.jpg?resize=350%2C200&ssl=1","width":350,"height":200,"srcset":"https:\/\/i0.wp.com\/yuri.com.br\/claudio\/wp-content\/uploads\/2013\/09\/rubinho_primaveraarabe_yuri.jpg?resize=350%2C200&ssl=1 1x, https:\/\/i0.wp.com\/yuri.com.br\/claudio\/wp-content\/uploads\/2013\/09\/rubinho_primaveraarabe_yuri.jpg?resize=525%2C300&ssl=1 1.5x, https:\/\/i0.wp.com\/yuri.com.br\/claudio\/wp-content\/uploads\/2013\/09\/rubinho_primaveraarabe_yuri.jpg?resize=700%2C400&ssl=1 2x"},"classes":[]},{"id":7628,"url":"https:\/\/yuri.com.br\/claudio\/2014\/04\/28\/a-parceira\/","url_meta":{"origin":5977,"position":4},"title":"A Parceira","author":"Cl\u00e1udio Brisighello","date":"28\/abr\/2014","format":false,"excerpt":"Tentando variar um pouco com outras lentes (50mm f\/1.8 1\/250s ISO-320). Que boulder \u00e9 esse? Visu do Ba\u00fa V4, clique aqui para uma foto de 2011 e entenda o porqu\u00ea do nome do boulder... Boa \"semana curta\" a todos! Viva a temporada!!","rel":"","context":"Em &quot;Escalada&quot;","block_context":{"text":"Escalada","link":"https:\/\/yuri.com.br\/claudio\/category\/escalada\/"},"img":{"alt_text":"","src":"","width":0,"height":0},"classes":[]},{"id":4166,"url":"https:\/\/yuri.com.br\/claudio\/2012\/10\/29\/um-toque-de-frescor-organico\/","url_meta":{"origin":5977,"position":5},"title":"Um toque de frescor (org\u00e2nico)","author":"claudio","date":"29\/out\/2012","format":false,"excerpt":"Com as \u00e9pocas quentes vem os pratos frios. E a horta, que andou largada durante a temporada de escalada, volta a ganhar vida e a render prazeres impag\u00e1veis. Olha a\u00ed os tomates pera e cereja: um galhinho rec\u00e9m colhido desses, levemente refogado e temperado, embeleza qualquer prato! Al\u00e9m dos tomatinhos,\u2026","rel":"","context":"Em &quot;'Baixa' Gastronomia&quot;","block_context":{"text":"'Baixa' Gastronomia","link":"https:\/\/yuri.com.br\/claudio\/category\/baixa-gastronomia\/"},"img":{"alt_text":"","src":"https:\/\/i0.wp.com\/yuri.com.br\/claudio\/wp-content\/uploads\/2012\/10\/tomatescerejaoutubro2012.jpg?resize=350%2C200&ssl=1","width":350,"height":200,"srcset":"https:\/\/i0.wp.com\/yuri.com.br\/claudio\/wp-content\/uploads\/2012\/10\/tomatescerejaoutubro2012.jpg?resize=350%2C200&ssl=1 1x, https:\/\/i0.wp.com\/yuri.com.br\/claudio\/wp-content\/uploads\/2012\/10\/tomatescerejaoutubro2012.jpg?resize=525%2C300&ssl=1 1.5x, https:\/\/i0.wp.com\/yuri.com.br\/claudio\/wp-content\/uploads\/2012\/10\/tomatescerejaoutubro2012.jpg?resize=700%2C400&ssl=1 2x"},"classes":[]}],"_links":{"self":[{"href":"https:\/\/yuri.com.br\/claudio\/wp-json\/wp\/v2\/posts\/5977","targetHints":{"allow":["GET"]}}],"collection":[{"href":"https:\/\/yuri.com.br\/claudio\/wp-json\/wp\/v2\/posts"}],"about":[{"href":"https:\/\/yuri.com.br\/claudio\/wp-json\/wp\/v2\/types\/post"}],"author":[{"embeddable":true,"href":"https:\/\/yuri.com.br\/claudio\/wp-json\/wp\/v2\/users\/2"}],"replies":[{"embeddable":true,"href":"https:\/\/yuri.com.br\/claudio\/wp-json\/wp\/v2\/comments?post=5977"}],"version-history":[{"count":1,"href":"https:\/\/yuri.com.br\/claudio\/wp-json\/wp\/v2\/posts\/5977\/revisions"}],"predecessor-version":[{"id":6999,"href":"https:\/\/yuri.com.br\/claudio\/wp-json\/wp\/v2\/posts\/5977\/revisions\/6999"}],"wp:featuredmedia":[{"embeddable":true,"href":"https:\/\/yuri.com.br\/claudio\/wp-json\/wp\/v2\/media\/5978"}],"wp:attachment":[{"href":"https:\/\/yuri.com.br\/claudio\/wp-json\/wp\/v2\/media?parent=5977"}],"wp:term":[{"taxonomy":"category","embeddable":true,"href":"https:\/\/yuri.com.br\/claudio\/wp-json\/wp\/v2\/categories?post=5977"},{"taxonomy":"post_tag","embeddable":true,"href":"https:\/\/yuri.com.br\/claudio\/wp-json\/wp\/v2\/tags?post=5977"}],"curies":[{"name":"wp","href":"https:\/\/api.w.org\/{rel}","templated":true}]}}