{"id":5965,"date":"2013-10-21T10:20:40","date_gmt":"2013-10-21T10:20:40","guid":{"rendered":"http:\/\/claudiobr.wordpress.com\/?p=5965"},"modified":"2013-10-21T10:20:40","modified_gmt":"2013-10-21T10:20:40","slug":"o-lindo-batore","status":"publish","type":"post","link":"https:\/\/yuri.com.br\/claudio\/2013\/10\/21\/o-lindo-batore\/","title":{"rendered":"O lindo Bator\u00e9"},"content":{"rendered":"<p>O Bator\u00e9 (comediante) pode ser feio pacas, mas o boulder \u00e9 lindo! Pra justificar, aqui vai uma demonstra\u00e7\u00e3o do crux by Diego Correa, que trouxe a sua press\u00e3o &#8220;made in Graja\u00fa&#8221; e botou o V9 no bolso. Clique para ampliar&#8230;<\/p>\n<p><a href=\"http:\/\/claudiobr.wordpress.com\/rock-climbing\/#jp-carousel-5966\" target=\"_blank\"><img decoding=\"async\" class=\"aligncenter\" alt=\"\" src=\"http:\/\/yuri.com.br\/claudio\/wp-content\/uploads\/2013\/10\/rubinho_batore_diego.jpg?w=1200&amp;h=\" width=\"700\" \/><\/a><\/p>\n<p>E n\u00e3o resisti em registrar uma lembrancinha familiar com a herdeira e ador\u00e1vel Malu, tirando um cochilo de fim de tarde no Rubinho. Ao fundo, &#8220;adormece&#8221; o bloc\u00e3o do Medusa&#8230; boa semana e bom fim de temporada a todos!<\/p>\n<p><img loading=\"lazy\" decoding=\"async\" data-attachment-id=\"5970\" data-permalink=\"https:\/\/yuri.com.br\/claudio\/2013\/10\/21\/o-lindo-batore\/rubinho_malu\/\" data-orig-file=\"https:\/\/yuri.com.br\/claudio\/wp-content\/uploads\/2013\/10\/rubinho_malu.jpg\" data-orig-size=\"400,600\" data-comments-opened=\"1\" data-image-meta=\"{&quot;aperture&quot;:&quot;2.8&quot;,&quot;credit&quot;:&quot;Claudio Brisighello&quot;,&quot;camera&quot;:&quot;Canon EOS 7D&quot;,&quot;caption&quot;:&quot;&quot;,&quot;created_timestamp&quot;:&quot;1382206938&quot;,&quot;copyright&quot;:&quot;&quot;,&quot;focal_length&quot;:&quot;11&quot;,&quot;iso&quot;:&quot;160&quot;,&quot;shutter_speed&quot;:&quot;0.004&quot;,&quot;title&quot;:&quot;&quot;}\" data-image-title=\"Malu no Rubinho\" data-image-description=\"\" data-image-caption=\"\" data-medium-file=\"https:\/\/yuri.com.br\/claudio\/wp-content\/uploads\/2013\/10\/rubinho_malu-200x300.jpg\" data-large-file=\"https:\/\/yuri.com.br\/claudio\/wp-content\/uploads\/2013\/10\/rubinho_malu.jpg\" class=\"aligncenter size-full wp-image-5970\" alt=\"Malu no Rubinho\" src=\"http:\/\/yuri.com.br\/claudio\/wp-content\/uploads\/2013\/10\/rubinho_malu.jpg\" width=\"400\" height=\"600\" srcset=\"https:\/\/yuri.com.br\/claudio\/wp-content\/uploads\/2013\/10\/rubinho_malu.jpg 400w, https:\/\/yuri.com.br\/claudio\/wp-content\/uploads\/2013\/10\/rubinho_malu-200x300.jpg 200w, https:\/\/yuri.com.br\/claudio\/wp-content\/uploads\/2013\/10\/rubinho_malu-210x315.jpg 210w\" sizes=\"auto, (max-width: 400px) 100vw, 400px\" \/><\/p>\n","protected":false},"excerpt":{"rendered":"<p>O Bator\u00e9 (comediante) pode ser feio pacas, mas o boulder \u00e9 lindo! Pra justificar, aqui vai uma demonstra\u00e7\u00e3o do crux by Diego Correa, que trouxe a sua press\u00e3o &#8220;made in Graja\u00fa&#8221; e botou o V9 no bolso. Clique para ampliar&#8230; E n\u00e3o resisti em registrar uma lembrancinha familiar com a herdeira e ador\u00e1vel Malu, tirando&hellip;&nbsp;<a href=\"https:\/\/yuri.com.br\/claudio\/2013\/10\/21\/o-lindo-batore\/\" rel=\"bookmark\">Continue a ler &raquo;<span class=\"screen-reader-text\">O lindo Bator\u00e9<\/span><\/a><\/p>\n","protected":false},"author":2,"featured_media":5966,"comment_status":"open","ping_status":"open","sticky":false,"template":"","format":"standard","meta":{"neve_meta_sidebar":"","neve_meta_container":"","neve_meta_enable_content_width":"","neve_meta_content_width":0,"neve_meta_title_alignment":"","neve_meta_author_avatar":"","neve_post_elements_order":"","neve_meta_disable_header":"","neve_meta_disable_footer":"","neve_meta_disable_title":"","jetpack_post_was_ever_published":false,"_jetpack_newsletter_access":"","_jetpack_dont_email_post_to_subs":false,"_jetpack_newsletter_tier_id":0,"_jetpack_memberships_contains_paywalled_content":false,"_jetpack_memberships_contains_paid_content":false,"footnotes":"","jetpack_publicize_message":"","jetpack_publicize_feature_enabled":true,"jetpack_social_post_already_shared":false,"jetpack_social_options":{"image_generator_settings":{"template":"highway","default_image_id":0,"font":"","enabled":false},"version":2}},"categories":[3],"tags":[],"class_list":["post-5965","post","type-post","status-publish","format-standard","has-post-thumbnail","hentry","category-escalada"],"jetpack_publicize_connections":[],"jetpack_featured_media_url":"https:\/\/yuri.com.br\/claudio\/wp-content\/uploads\/2013\/10\/rubinho_batore_diego.jpg","jetpack_shortlink":"https:\/\/wp.me\/p4i7cB-1yd","jetpack_sharing_enabled":true,"jetpack-related-posts":[{"id":7649,"url":"https:\/\/yuri.com.br\/claudio\/2014\/05\/06\/rodrigo-nunes-batore-v9-rubinho\/","url_meta":{"origin":5965,"position":0},"title":"Rodrigo Nunes @ Bator\u00e9 V9 (Rubinho)","author":"Cl\u00e1udio Brisighello","date":"6\/maio\/2014","format":false,"excerpt":"E o Rodrigo levou pra casa uma \"belezura\" l\u00e1 do Rubinho, o Bator\u00e9 V9. Uma coisa eu aprendi com essa cadena: quando as coisas parecem ruins, de repente tudo pode mudar e te surpreender... Essa perspectiva, que evidencia bem a inclina\u00e7\u00e3o da linha, \u00e9 dif\u00edcil de compor sem luz artificial.\u2026","rel":"","context":"Em &quot;Escalada&quot;","block_context":{"text":"Escalada","link":"https:\/\/yuri.com.br\/claudio\/category\/escalada\/"},"img":{"alt_text":"","src":"https:\/\/i0.wp.com\/yuri.com.br\/claudio\/wp-content\/uploads\/2013\/05\/Rubinho_Batore_RNunes.jpg?resize=350%2C200&ssl=1","width":350,"height":200,"srcset":"https:\/\/i0.wp.com\/yuri.com.br\/claudio\/wp-content\/uploads\/2013\/05\/Rubinho_Batore_RNunes.jpg?resize=350%2C200&ssl=1 1x, https:\/\/i0.wp.com\/yuri.com.br\/claudio\/wp-content\/uploads\/2013\/05\/Rubinho_Batore_RNunes.jpg?resize=525%2C300&ssl=1 1.5x, https:\/\/i0.wp.com\/yuri.com.br\/claudio\/wp-content\/uploads\/2013\/05\/Rubinho_Batore_RNunes.jpg?resize=700%2C400&ssl=1 2x, https:\/\/i0.wp.com\/yuri.com.br\/claudio\/wp-content\/uploads\/2013\/05\/Rubinho_Batore_RNunes.jpg?resize=1050%2C600&ssl=1 3x"},"classes":[]},{"id":233,"url":"https:\/\/yuri.com.br\/claudio\/2008\/09\/23\/grajau\/","url_meta":{"origin":5965,"position":1},"title":"Graja\u00fa","author":"claudio","date":"23\/set\/2008","format":false,"excerpt":"Conversando com um amigo escoc\u00eas que atualmente mora aqui no RJ, ouvi uma opini\u00e3o que pode surpreender os c\u00e9ticos: se pegarmos um setor de boulders l\u00e1 da Reserva Florestal do Graja\u00fa, localizada na zona norte do Rio, \u00e9 compar\u00e1vel a um setor de Fontainebleau como Bas Cuvier. \u00c9 isso a\u00ed\u2026","rel":"","context":"Em &quot;Escalada&quot;","block_context":{"text":"Escalada","link":"https:\/\/yuri.com.br\/claudio\/category\/escalada\/"},"img":{"alt_text":"","src":"https:\/\/i0.wp.com\/farm4.static.flickr.com\/3222\/2873891868_dbb013d1a6_d.jpg?resize=350%2C200","width":350,"height":200},"classes":[]},{"id":5831,"url":"https:\/\/yuri.com.br\/claudio\/2013\/09\/30\/video-arqueiro-zen-rollerblade\/","url_meta":{"origin":5965,"position":2},"title":"V\u00eddeo: Arqueiro Zen &#038; Rollerblade","author":"claudio","date":"30\/set\/2013","format":false,"excerpt":"Mais um da s\u00e9rie \"arquivo Rubinho\", desta vez sem grandes firulas ou surpresas, apenas um beta-showdown de 2 problemas de qualidade por l\u00e1. Primeiro, Babaleia realiza o bel\u00edssimo (sou suspeito pra falar) Arqueiro Zen V11 e depois tem a Yuri no Rollerblade V5, um bom teste de p\u00e9s com crux\u2026","rel":"","context":"Em &quot;Escalada&quot;","block_context":{"text":"Escalada","link":"https:\/\/yuri.com.br\/claudio\/category\/escalada\/"},"img":{"alt_text":"","src":"","width":0,"height":0},"classes":[]},{"id":388,"url":"https:\/\/yuri.com.br\/claudio\/2009\/01\/23\/video-do-grajaurj\/","url_meta":{"origin":5965,"position":3},"title":"V\u00eddeo do Graja\u00fa\/RJ","author":"claudio","date":"23\/jan\/2009","format":false,"excerpt":"A homage to the friends and the boulders. \u00a0\"Curta-metragem\" sobre uma tarde de escalada em um dos melhores locais de boulder da cidade. Foquei a edi\u00e7\u00e3o\/trilha no aspecto mais social, portanto n\u00e3o espere aquele rock'n'roll de morder a pedra... Bons ventos!","rel":"","context":"Em &quot;Escalada&quot;","block_context":{"text":"Escalada","link":"https:\/\/yuri.com.br\/claudio\/category\/escalada\/"},"img":{"alt_text":"","src":"","width":0,"height":0},"classes":[]},{"id":327,"url":"https:\/\/yuri.com.br\/claudio\/2008\/12\/15\/bazar-de-natal-da-limite-vertical-2008-sucesso\/","url_meta":{"origin":5965,"position":4},"title":"Bazar de Natal da Limite Vertical 2008 &#8211; SUCESSO","author":"claudio","date":"15\/dez\/2008","format":false,"excerpt":"A 1a. edi\u00e7\u00e3o do \"bazar de natal + mercado de equipos usados + desafio de boulder\", realizado no \u00faltimo s\u00e1bado na Limite Vertical, superou as expectativas. Houve uma enorme circula\u00e7\u00e3o de pessoas (muitas jamais vistas) durante v\u00e1rias horas, expositores vendendo e se divulgando, muita m\u00fasica, o bar bombando e a\u2026","rel":"","context":"Em &quot;Escalada&quot;","block_context":{"text":"Escalada","link":"https:\/\/yuri.com.br\/claudio\/category\/escalada\/"},"img":{"alt_text":"","src":"","width":0,"height":0},"classes":[]},{"id":5581,"url":"https:\/\/yuri.com.br\/claudio\/2013\/08\/11\/olimpo-a-morada-dos-deuses\/","url_meta":{"origin":5965,"position":5},"title":"Olimpo, a morada dos deuses","author":"claudio","date":"11\/ago\/2013","format":false,"excerpt":"Na foto, Yuri trabalha o crux do N\u00e9ctar do Olimpo, V5 no terceiro andar do Rubinho. De t\u00e3o grande, n\u00e3o consegui enquadrar o fim do bloco... mas sim, o boulder toca reto pra cima e domina! Dizem que o n\u00e9ctar \u00e9 a bebida dos deuses, que confere imortalidade a quem\u2026","rel":"","context":"Em &quot;Escalada&quot;","block_context":{"text":"Escalada","link":"https:\/\/yuri.com.br\/claudio\/category\/escalada\/"},"img":{"alt_text":"","src":"https:\/\/i0.wp.com\/yuri.com.br\/claudio\/wp-content\/uploads\/2013\/08\/rubinho_nectar_yuri.jpg?resize=350%2C200&ssl=1","width":350,"height":200,"srcset":"https:\/\/i0.wp.com\/yuri.com.br\/claudio\/wp-content\/uploads\/2013\/08\/rubinho_nectar_yuri.jpg?resize=350%2C200&ssl=1 1x, https:\/\/i0.wp.com\/yuri.com.br\/claudio\/wp-content\/uploads\/2013\/08\/rubinho_nectar_yuri.jpg?resize=525%2C300&ssl=1 1.5x, https:\/\/i0.wp.com\/yuri.com.br\/claudio\/wp-content\/uploads\/2013\/08\/rubinho_nectar_yuri.jpg?resize=700%2C400&ssl=1 2x"},"classes":[]}],"_links":{"self":[{"href":"https:\/\/yuri.com.br\/claudio\/wp-json\/wp\/v2\/posts\/5965","targetHints":{"allow":["GET"]}}],"collection":[{"href":"https:\/\/yuri.com.br\/claudio\/wp-json\/wp\/v2\/posts"}],"about":[{"href":"https:\/\/yuri.com.br\/claudio\/wp-json\/wp\/v2\/types\/post"}],"author":[{"embeddable":true,"href":"https:\/\/yuri.com.br\/claudio\/wp-json\/wp\/v2\/users\/2"}],"replies":[{"embeddable":true,"href":"https:\/\/yuri.com.br\/claudio\/wp-json\/wp\/v2\/comments?post=5965"}],"version-history":[{"count":0,"href":"https:\/\/yuri.com.br\/claudio\/wp-json\/wp\/v2\/posts\/5965\/revisions"}],"wp:featuredmedia":[{"embeddable":true,"href":"https:\/\/yuri.com.br\/claudio\/wp-json\/wp\/v2\/media\/5966"}],"wp:attachment":[{"href":"https:\/\/yuri.com.br\/claudio\/wp-json\/wp\/v2\/media?parent=5965"}],"wp:term":[{"taxonomy":"category","embeddable":true,"href":"https:\/\/yuri.com.br\/claudio\/wp-json\/wp\/v2\/categories?post=5965"},{"taxonomy":"post_tag","embeddable":true,"href":"https:\/\/yuri.com.br\/claudio\/wp-json\/wp\/v2\/tags?post=5965"}],"curies":[{"name":"wp","href":"https:\/\/api.w.org\/{rel}","templated":true}]}}