{"id":592,"date":"2009-04-27T15:08:24","date_gmt":"2009-04-27T15:08:24","guid":{"rendered":"http:\/\/claudiobr.wordpress.com\/?p=592"},"modified":"2009-04-27T15:08:24","modified_gmt":"2009-04-27T15:08:24","slug":"mais-2-fotos","status":"publish","type":"post","link":"https:\/\/yuri.com.br\/claudio\/2009\/04\/27\/mais-2-fotos\/","title":{"rendered":"Mais 2 fotos"},"content":{"rendered":"<p>Continuando o &#8220;di\u00e1rio de experi\u00eancias fotogr\u00e1ficas&#8221; na escalada:<\/p>\n<p><a href=\"http:\/\/www.flickr.com\/photos\/cbrisighello\/3416825590\"><img loading=\"lazy\" decoding=\"async\" class=\"aligncenter\" title=\"Yuri na Epit\u00e1fio de Ilus\u00f5es, CE2000\" src=\"http:\/\/farm4.static.flickr.com\/3369\/3416825590_5ba4029f74.jpg\" alt=\"\" width=\"500\" height=\"333\" \/><\/a><\/p>\n<p><a href=\"http:\/\/www.flickr.com\/photos\/cbrisighello\/3071999973\"><img loading=\"lazy\" decoding=\"async\" class=\"aligncenter\" title=\"Alexis na Diabo Verde, Plat\u00f4 da Lagoa\" src=\"http:\/\/farm4.static.flickr.com\/3231\/3071999973_3599c9d93c.jpg\" alt=\"\" width=\"500\" height=\"333\" \/><\/a><\/p>\n<p>As 2 imagens acima seguem uma caracter\u00edstica comum, que \u00e9 o enquadramento maior do sujeito. Isso elimina alguns aspectos mais amplos (principalmente em vias) como as quest\u00f5es &#8220;aonde o escalador est\u00e1 indo?&#8221; ou &#8220;como \u00e9 esta linha toda?&#8221;. Por outro lado, abre-se a possibilidade de captar express\u00f5es faciais, detalhes da forma\u00e7\u00e3o rochosa, agarras &#8211; o foco converge para a situa\u00e7\u00e3o do escalador em um trecho particular da pedra, mais importante que a totalidade do cen\u00e1rio em si. \u00c9 este tipo de foto que vemos mais em publicidades de revistas do g\u00eanero, pois obviamente fica mais f\u00e1cil de associar a imagem de uma pessoa.<\/p>\n<p>Compor o que sobrou do retrato \u00e9 importante para darmos um m\u00ednimo de refer\u00eancia sobre onde o sujeito se encontra no espa\u00e7o, evitando que a foto s\u00f3 fa\u00e7a sentido aos escaladores que consigam remeter suas lembran\u00e7as pessoais do local com a foto em si. Ex: as \u00e1rvoves t\u00e3o altas quanto o escalador, o solo distante, o caminho de pedras no ch\u00e3o margeado pela floresta escura, com a parede clara &#8220;crescendo&#8221; vertiginosamente, etc &#8211; s\u00e3o detalhes que n\u00e3o desperdi\u00e7am o restante da imagem mas sim ajudam a completar o impacto final. Lente grande angular \u00e9 essencial neste ponto. Uma pena que eu n\u00e3o consegui mostrar a pega direita do Alexis, um regletinho &#8211; daria mais dramaticidade ao dif\u00edcil movimento.<\/p>\n<p>Bons ventos a todos!<\/p>\n","protected":false},"excerpt":{"rendered":"<p>Continuando o &#8220;di\u00e1rio de experi\u00eancias fotogr\u00e1ficas&#8221; na escalada: As 2 imagens acima seguem uma caracter\u00edstica comum, que \u00e9 o enquadramento maior do sujeito. Isso elimina alguns aspectos mais amplos (principalmente em vias) como as quest\u00f5es &#8220;aonde o escalador est\u00e1 indo?&#8221; ou &#8220;como \u00e9 esta linha toda?&#8221;. Por outro lado, abre-se a possibilidade de captar express\u00f5es&hellip;&nbsp;<a href=\"https:\/\/yuri.com.br\/claudio\/2009\/04\/27\/mais-2-fotos\/\" rel=\"bookmark\">Continue a ler &raquo;<span class=\"screen-reader-text\">Mais 2 fotos<\/span><\/a><\/p>\n","protected":false},"author":2,"featured_media":0,"comment_status":"open","ping_status":"open","sticky":false,"template":"","format":"standard","meta":{"neve_meta_sidebar":"","neve_meta_container":"","neve_meta_enable_content_width":"","neve_meta_content_width":0,"neve_meta_title_alignment":"","neve_meta_author_avatar":"","neve_post_elements_order":"","neve_meta_disable_header":"","neve_meta_disable_footer":"","neve_meta_disable_title":"","jetpack_post_was_ever_published":false,"_jetpack_newsletter_access":"","_jetpack_dont_email_post_to_subs":false,"_jetpack_newsletter_tier_id":0,"_jetpack_memberships_contains_paywalled_content":false,"_jetpack_memberships_contains_paid_content":false,"footnotes":"","jetpack_publicize_message":"","jetpack_publicize_feature_enabled":true,"jetpack_social_post_already_shared":false,"jetpack_social_options":{"image_generator_settings":{"template":"highway","default_image_id":0,"font":"","enabled":false},"version":2}},"categories":[3],"tags":[],"class_list":["post-592","post","type-post","status-publish","format-standard","hentry","category-escalada"],"jetpack_publicize_connections":[],"jetpack_featured_media_url":"","jetpack_shortlink":"https:\/\/wp.me\/p4i7cB-9y","jetpack_sharing_enabled":true,"jetpack-related-posts":[{"id":531,"url":"https:\/\/yuri.com.br\/claudio\/2009\/03\/27\/mais-fotos-comentadas\/","url_meta":{"origin":592,"position":0},"title":"Mais fotos comentadas","author":"claudio","date":"27\/mar\/2009","format":false,"excerpt":"Continuando com as fotos comentadas, ilustro abaixo mais 2 exemplos: (clique nas imagens para ampli\u00e1-las) Nesta foto o Cesinha est\u00e1 na 2a. de suas 3 entradas na via Coquetel de Energia, em um dia de *muita* chuva, ou seja, bem mais escuro do que j\u00e1 costuma ser no Campo Escola\u2026","rel":"","context":"Em &quot;Escalada&quot;","block_context":{"text":"Escalada","link":"https:\/\/yuri.com.br\/claudio\/category\/escalada\/"},"img":{"alt_text":"","src":"https:\/\/i0.wp.com\/farm4.static.flickr.com\/3004\/2797103658_64e24a0076_o.jpg?resize=350%2C200","width":350,"height":200},"classes":[]},{"id":543,"url":"https:\/\/yuri.com.br\/claudio\/2009\/04\/07\/mais-fotos-comentadas-2\/","url_meta":{"origin":592,"position":1},"title":"Mais fotos comentadas&#8230;","author":"claudio","date":"7\/abr\/2009","format":false,"excerpt":"Mais uma foto do CE2000, com o Alexis no crux da 1a. parte da Epit\u00e1fios, uma sequ\u00eancia que atravessa aquela bela se\u00e7\u00e3o \"ondulada\" da pedra. H\u00e1 um jogo de diagonais nesta imagem. Repare na extremidade direita da parede, coincidindo com o \u00e2ngulo superior direito da imagem, procurei montar uma certa\u2026","rel":"","context":"Em &quot;Escalada&quot;","block_context":{"text":"Escalada","link":"https:\/\/yuri.com.br\/claudio\/category\/escalada\/"},"img":{"alt_text":"","src":"https:\/\/i0.wp.com\/farm4.static.flickr.com\/3639\/3321025322_e01308bb1f.jpg?resize=350%2C200","width":350,"height":200},"classes":[]},{"id":458,"url":"https:\/\/yuri.com.br\/claudio\/2009\/03\/19\/algumas-fotos-recentes-comentadas\/","url_meta":{"origin":592,"position":2},"title":"Algumas fotos recentes, comentadas","author":"claudio","date":"19\/mar\/2009","format":false,"excerpt":"Abaixo compartilho a concep\u00e7\u00e3o de algumas\u00a0fotos recentes: O bloco do \"Banana Amassada\" no Graja\u00fa\/RJ, fica no setor ao lado dos banheiros do parque, n\u00e3o exatamente o local mais bonito para uma foto. Fotografia \u00e9 luz, e ultimamente tenho experimentado a combina\u00e7\u00e3o de ilumina\u00e7\u00e3o artificial (flash) em plena luz do dia\u2026","rel":"","context":"Em &quot;Escalada&quot;","block_context":{"text":"Escalada","link":"https:\/\/yuri.com.br\/claudio\/category\/escalada\/"},"img":{"alt_text":"","src":"https:\/\/i0.wp.com\/farm4.static.flickr.com\/3585\/3320196043_a5fae6cc1e.jpg?resize=350%2C200","width":350,"height":200},"classes":[]},{"id":3537,"url":"https:\/\/yuri.com.br\/claudio\/2012\/03\/12\/a-vinganca-do-bola-baixa\/","url_meta":{"origin":592,"position":3},"title":"A vingan\u00e7a do bola baixa","author":"claudio","date":"12\/mar\/2012","format":false,"excerpt":"Divulgando outra nova linha (\u00e0 prova d\u00b4\u00e1gua) no Aranha, desta vez um bloquinho surpreendente com no m\u00e1ximo 2 metros. Divers\u00e3o garantida para quem procura dificuldade moderada\/dif\u00edcil e pegou uma chuvarada em S\u00e3o Bento. Nesse universo de montanhas e pedras, o lowball \u00e9 uma esp\u00e9cie de microcosmo da escalada, fazendo as\u2026","rel":"","context":"Em &quot;Escalada&quot;","block_context":{"text":"Escalada","link":"https:\/\/yuri.com.br\/claudio\/category\/escalada\/"},"img":{"alt_text":"","src":"https:\/\/i0.wp.com\/yuri.com.br\/claudio\/wp-content\/uploads\/2012\/03\/bolabaixa.jpg?resize=350%2C200","width":350,"height":200,"srcset":"https:\/\/i0.wp.com\/yuri.com.br\/claudio\/wp-content\/uploads\/2012\/03\/bolabaixa.jpg?resize=350%2C200 1x, https:\/\/i0.wp.com\/yuri.com.br\/claudio\/wp-content\/uploads\/2012\/03\/bolabaixa.jpg?resize=525%2C300 1.5x, https:\/\/i0.wp.com\/yuri.com.br\/claudio\/wp-content\/uploads\/2012\/03\/bolabaixa.jpg?resize=700%2C400 2x"},"classes":[]},{"id":254,"url":"https:\/\/yuri.com.br\/claudio\/2008\/10\/31\/sobre-o-campeonato-estadual-de-boulder-rj-2008\/","url_meta":{"origin":592,"position":4},"title":"Sobre o Campeonato Estadual de Boulder RJ 2008","author":"claudio","date":"31\/out\/2008","format":false,"excerpt":"Neste m\u00eas de outubro\u00a0terminou o Campeonato Estadual de Escalada (Boulder) do RJ 2008. Sobre os resultados oficiais eu indico 2 artigos: Blog da Lojinha de Escalada Blog do Caio Gomes E clicando neste link pode-se conferir algumas fotos que fiz desta \u00faltima etapa na Limite Vertical. Aproveito este espa\u00e7o para\u2026","rel":"","context":"Em &quot;Escalada&quot;","block_context":{"text":"Escalada","link":"https:\/\/yuri.com.br\/claudio\/category\/escalada\/"},"img":{"alt_text":"","src":"https:\/\/i0.wp.com\/yuri.com.br\/claudio\/wp-content\/uploads\/2008\/10\/jornaldossports_estadualrj2008.jpg?resize=350%2C200&ssl=1","width":350,"height":200,"srcset":"https:\/\/i0.wp.com\/yuri.com.br\/claudio\/wp-content\/uploads\/2008\/10\/jornaldossports_estadualrj2008.jpg?resize=350%2C200&ssl=1 1x, https:\/\/i0.wp.com\/yuri.com.br\/claudio\/wp-content\/uploads\/2008\/10\/jornaldossports_estadualrj2008.jpg?resize=525%2C300&ssl=1 1.5x, https:\/\/i0.wp.com\/yuri.com.br\/claudio\/wp-content\/uploads\/2008\/10\/jornaldossports_estadualrj2008.jpg?resize=700%2C400&ssl=1 2x"},"classes":[]},{"id":5501,"url":"https:\/\/yuri.com.br\/claudio\/2013\/07\/25\/coming-soon-2\/","url_meta":{"origin":592,"position":5},"title":"Coming soon","author":"claudio","date":"25\/jul\/2013","format":false,"excerpt":"Com mais de 40 linhas em menos de 6 meses, j\u00e1 era hora de catalogar o Rubinho. J\u00e1 deu pra perceber que o foco esse ano tem sido por l\u00e1, assim como no ano passado foi o Aranha e no retrasado o \u00c1reas. Uma bola de cada vez... Obviamente, o\u2026","rel":"","context":"Em &quot;Escalada&quot;","block_context":{"text":"Escalada","link":"https:\/\/yuri.com.br\/claudio\/category\/escalada\/"},"img":{"alt_text":"","src":"https:\/\/i0.wp.com\/yuri.com.br\/claudio\/wp-content\/uploads\/2013\/07\/previewrubinho.jpg?resize=350%2C200&ssl=1","width":350,"height":200,"srcset":"https:\/\/i0.wp.com\/yuri.com.br\/claudio\/wp-content\/uploads\/2013\/07\/previewrubinho.jpg?resize=350%2C200&ssl=1 1x, https:\/\/i0.wp.com\/yuri.com.br\/claudio\/wp-content\/uploads\/2013\/07\/previewrubinho.jpg?resize=525%2C300&ssl=1 1.5x, https:\/\/i0.wp.com\/yuri.com.br\/claudio\/wp-content\/uploads\/2013\/07\/previewrubinho.jpg?resize=700%2C400&ssl=1 2x"},"classes":[]}],"_links":{"self":[{"href":"https:\/\/yuri.com.br\/claudio\/wp-json\/wp\/v2\/posts\/592","targetHints":{"allow":["GET"]}}],"collection":[{"href":"https:\/\/yuri.com.br\/claudio\/wp-json\/wp\/v2\/posts"}],"about":[{"href":"https:\/\/yuri.com.br\/claudio\/wp-json\/wp\/v2\/types\/post"}],"author":[{"embeddable":true,"href":"https:\/\/yuri.com.br\/claudio\/wp-json\/wp\/v2\/users\/2"}],"replies":[{"embeddable":true,"href":"https:\/\/yuri.com.br\/claudio\/wp-json\/wp\/v2\/comments?post=592"}],"version-history":[{"count":0,"href":"https:\/\/yuri.com.br\/claudio\/wp-json\/wp\/v2\/posts\/592\/revisions"}],"wp:attachment":[{"href":"https:\/\/yuri.com.br\/claudio\/wp-json\/wp\/v2\/media?parent=592"}],"wp:term":[{"taxonomy":"category","embeddable":true,"href":"https:\/\/yuri.com.br\/claudio\/wp-json\/wp\/v2\/categories?post=592"},{"taxonomy":"post_tag","embeddable":true,"href":"https:\/\/yuri.com.br\/claudio\/wp-json\/wp\/v2\/tags?post=592"}],"curies":[{"name":"wp","href":"https:\/\/api.w.org\/{rel}","templated":true}]}}