{"id":5888,"date":"2013-10-16T13:54:30","date_gmt":"2013-10-16T13:54:30","guid":{"rendered":"http:\/\/claudiobr.wordpress.com\/?p=5888"},"modified":"2013-10-16T13:54:30","modified_gmt":"2013-10-16T13:54:30","slug":"bbloc-on-the-rock","status":"publish","type":"post","link":"https:\/\/yuri.com.br\/claudio\/2013\/10\/16\/bbloc-on-the-rock\/","title":{"rendered":"BBLOC on the ROCK"},"content":{"rendered":"<p>Essa semana fui com o &#8220;bonde do <a href=\"http:\/\/claudiobr.wordpress.com\/2013\/08\/09\/bbloc\/\" target=\"_blank\">BBLOC<\/a>&#8221; curtir mais uma das sa\u00eddas pra rocha que o Bel\u00ea vem realizando com essa galerinha local, que j\u00e1 vem mostrando n\u00edtida evolu\u00e7\u00e3o! O setor da vez foi o Rubinho, que cumpre bem essa fun\u00e7\u00e3o de campo-escola. Com a gra\u00e7a de S\u00e3o Pedro, rolou session pra todos os gostos&#8230; segue abaixo alguns registros:<\/p>\n<h6 style=\"text-align:right;\"><img loading=\"lazy\" decoding=\"async\" data-attachment-id=\"5889\" data-permalink=\"https:\/\/yuri.com.br\/claudio\/2013\/10\/16\/bbloc-on-the-rock\/rubinho_bbloc1\/\" data-orig-file=\"https:\/\/yuri.com.br\/claudio\/wp-content\/uploads\/2013\/10\/rubinho_bbloc1.jpg\" data-orig-size=\"700,394\" data-comments-opened=\"1\" data-image-meta=\"{&quot;aperture&quot;:&quot;3.5&quot;,&quot;credit&quot;:&quot;Claudio Brisighello&quot;,&quot;camera&quot;:&quot;Canon EOS 7D&quot;,&quot;caption&quot;:&quot;&quot;,&quot;created_timestamp&quot;:&quot;1381765602&quot;,&quot;copyright&quot;:&quot;&quot;,&quot;focal_length&quot;:&quot;11&quot;,&quot;iso&quot;:&quot;320&quot;,&quot;shutter_speed&quot;:&quot;0.003125&quot;,&quot;title&quot;:&quot;&quot;}\" data-image-title=\"Rubinho_BBLOC1\" data-image-description=\"\" data-image-caption=\"\" data-medium-file=\"https:\/\/yuri.com.br\/claudio\/wp-content\/uploads\/2013\/10\/rubinho_bbloc1-300x168.jpg\" data-large-file=\"https:\/\/yuri.com.br\/claudio\/wp-content\/uploads\/2013\/10\/rubinho_bbloc1.jpg\" class=\"aligncenter size-full wp-image-5889\" alt=\"Rubinho_BBLOC1\" src=\"http:\/\/yuri.com.br\/claudio\/wp-content\/uploads\/2013\/10\/rubinho_bbloc1.jpg\" width=\"700\" height=\"394\" srcset=\"https:\/\/yuri.com.br\/claudio\/wp-content\/uploads\/2013\/10\/rubinho_bbloc1.jpg 700w, https:\/\/yuri.com.br\/claudio\/wp-content\/uploads\/2013\/10\/rubinho_bbloc1-300x168.jpg 300w, https:\/\/yuri.com.br\/claudio\/wp-content\/uploads\/2013\/10\/rubinho_bbloc1-210x118.jpg 210w\" sizes=\"auto, (max-width: 700px) 100vw, 700px\" \/><em>Eliseu no Tapinha nas Costas V3 <\/em><br \/>\n<em><br \/>\n<\/em><\/h6>\n<h6 style=\"text-align:right;\"><img loading=\"lazy\" decoding=\"async\" data-attachment-id=\"5890\" data-permalink=\"https:\/\/yuri.com.br\/claudio\/2013\/10\/16\/bbloc-on-the-rock\/rubinho_bbloc2\/\" data-orig-file=\"https:\/\/yuri.com.br\/claudio\/wp-content\/uploads\/2013\/10\/rubinho_bbloc2.jpg\" data-orig-size=\"700,394\" data-comments-opened=\"1\" data-image-meta=\"{&quot;aperture&quot;:&quot;3.5&quot;,&quot;credit&quot;:&quot;Claudio Brisighello&quot;,&quot;camera&quot;:&quot;Canon EOS 7D&quot;,&quot;caption&quot;:&quot;&quot;,&quot;created_timestamp&quot;:&quot;1381767221&quot;,&quot;copyright&quot;:&quot;&quot;,&quot;focal_length&quot;:&quot;11&quot;,&quot;iso&quot;:&quot;320&quot;,&quot;shutter_speed&quot;:&quot;0.004&quot;,&quot;title&quot;:&quot;&quot;}\" data-image-title=\"Rubinho_BBLOC2\" data-image-description=\"\" data-image-caption=\"\" data-medium-file=\"https:\/\/yuri.com.br\/claudio\/wp-content\/uploads\/2013\/10\/rubinho_bbloc2-300x168.jpg\" data-large-file=\"https:\/\/yuri.com.br\/claudio\/wp-content\/uploads\/2013\/10\/rubinho_bbloc2.jpg\" class=\"aligncenter size-full wp-image-5890\" alt=\"Rubinho_BBLOC2\" src=\"http:\/\/yuri.com.br\/claudio\/wp-content\/uploads\/2013\/10\/rubinho_bbloc2.jpg\" width=\"700\" height=\"394\" srcset=\"https:\/\/yuri.com.br\/claudio\/wp-content\/uploads\/2013\/10\/rubinho_bbloc2.jpg 700w, https:\/\/yuri.com.br\/claudio\/wp-content\/uploads\/2013\/10\/rubinho_bbloc2-300x168.jpg 300w, https:\/\/yuri.com.br\/claudio\/wp-content\/uploads\/2013\/10\/rubinho_bbloc2-210x118.jpg 210w\" sizes=\"auto, (max-width: 700px) 100vw, 700px\" \/>Douglas no Buracos V4 e Vit\u00e3o no Cofrinho do Panda V4 <em><br \/>\n<\/em><em><br \/>\n<\/em><\/h6>\n<h6 style=\"text-align:right;\"><img loading=\"lazy\" decoding=\"async\" data-attachment-id=\"5891\" data-permalink=\"https:\/\/yuri.com.br\/claudio\/2013\/10\/16\/bbloc-on-the-rock\/rubinho_bbloc3\/\" data-orig-file=\"https:\/\/yuri.com.br\/claudio\/wp-content\/uploads\/2013\/10\/rubinho_bbloc3.jpg\" data-orig-size=\"700,394\" data-comments-opened=\"1\" data-image-meta=\"{&quot;aperture&quot;:&quot;5.6&quot;,&quot;credit&quot;:&quot;Claudio Brisighello&quot;,&quot;camera&quot;:&quot;Canon EOS 7D&quot;,&quot;caption&quot;:&quot;&quot;,&quot;created_timestamp&quot;:&quot;1381767448&quot;,&quot;copyright&quot;:&quot;&quot;,&quot;focal_length&quot;:&quot;11&quot;,&quot;iso&quot;:&quot;320&quot;,&quot;shutter_speed&quot;:&quot;0.003125&quot;,&quot;title&quot;:&quot;&quot;}\" data-image-title=\"Rubinho_BBLOC3\" data-image-description=\"\" data-image-caption=\"\" data-medium-file=\"https:\/\/yuri.com.br\/claudio\/wp-content\/uploads\/2013\/10\/rubinho_bbloc3-300x168.jpg\" data-large-file=\"https:\/\/yuri.com.br\/claudio\/wp-content\/uploads\/2013\/10\/rubinho_bbloc3.jpg\" class=\"aligncenter size-full wp-image-5891\" alt=\"Rubinho_BBLOC3\" src=\"http:\/\/yuri.com.br\/claudio\/wp-content\/uploads\/2013\/10\/rubinho_bbloc3.jpg\" width=\"700\" height=\"394\" srcset=\"https:\/\/yuri.com.br\/claudio\/wp-content\/uploads\/2013\/10\/rubinho_bbloc3.jpg 700w, https:\/\/yuri.com.br\/claudio\/wp-content\/uploads\/2013\/10\/rubinho_bbloc3-300x168.jpg 300w, https:\/\/yuri.com.br\/claudio\/wp-content\/uploads\/2013\/10\/rubinho_bbloc3-210x118.jpg 210w\" sizes=\"auto, (max-width: 700px) 100vw, 700px\" \/>Juninho no Cofrinho do Panda V4 <em><br \/>\n<\/em><em><br \/>\n<\/em><\/h6>\n<p>Este acompanhamento \u00e9 uma oportunidade valiosa para eles. No gin\u00e1sio e na rocha, \u00e9 a faca e o queijo na m\u00e3o! Ainda \u00e9 s\u00f3 o come\u00e7o, mas j\u00e1 me sinto motivado ao ver uma nova gera\u00e7\u00e3o sambentista formando boas ra\u00edzes!<\/p>\n","protected":false},"excerpt":{"rendered":"<p>Essa semana fui com o &#8220;bonde do BBLOC&#8221; curtir mais uma das sa\u00eddas pra rocha que o Bel\u00ea vem realizando com essa galerinha local, que j\u00e1 vem mostrando n\u00edtida evolu\u00e7\u00e3o! O setor da vez foi o Rubinho, que cumpre bem essa fun\u00e7\u00e3o de campo-escola. Com a gra\u00e7a de S\u00e3o Pedro, rolou session pra todos os&hellip;&nbsp;<a href=\"https:\/\/yuri.com.br\/claudio\/2013\/10\/16\/bbloc-on-the-rock\/\" rel=\"bookmark\">Continue a ler &raquo;<span class=\"screen-reader-text\">BBLOC on the ROCK<\/span><\/a><\/p>\n","protected":false},"author":2,"featured_media":5889,"comment_status":"open","ping_status":"open","sticky":false,"template":"","format":"standard","meta":{"neve_meta_sidebar":"","neve_meta_container":"","neve_meta_enable_content_width":"","neve_meta_content_width":0,"neve_meta_title_alignment":"","neve_meta_author_avatar":"","neve_post_elements_order":"","neve_meta_disable_header":"","neve_meta_disable_footer":"","neve_meta_disable_title":"","jetpack_post_was_ever_published":false,"_jetpack_newsletter_access":"","_jetpack_dont_email_post_to_subs":false,"_jetpack_newsletter_tier_id":0,"_jetpack_memberships_contains_paywalled_content":false,"_jetpack_memberships_contains_paid_content":false,"footnotes":"","jetpack_publicize_message":"","jetpack_publicize_feature_enabled":true,"jetpack_social_post_already_shared":false,"jetpack_social_options":{"image_generator_settings":{"template":"highway","default_image_id":0,"font":"","enabled":false},"version":2}},"categories":[3],"tags":[],"class_list":["post-5888","post","type-post","status-publish","format-standard","has-post-thumbnail","hentry","category-escalada"],"jetpack_publicize_connections":[],"jetpack_featured_media_url":"https:\/\/yuri.com.br\/claudio\/wp-content\/uploads\/2013\/10\/rubinho_bbloc1.jpg","jetpack_shortlink":"https:\/\/wp.me\/p4i7cB-1wY","jetpack_sharing_enabled":true,"jetpack-related-posts":[{"id":5854,"url":"https:\/\/yuri.com.br\/claudio\/2013\/10\/14\/video-sos-sapatilha\/","url_meta":{"origin":5888,"position":0},"title":"V\u00eddeo: SOS Sapatilha","author":"claudio","date":"14\/out\/2013","format":false,"excerpt":"Conforme prometido, aqui vai o curta a respeito da SOS Sapatilha. Procurei ilustrar nestes 9 minutos um pouco da hist\u00f3ria e evolu\u00e7\u00e3o deste servi\u00e7o que o Bel\u00ea iniciou ainda nos anos 90, prim\u00f3rdios da sua sonhada trajet\u00f3ria e hoje realidade, que \u00e9 viver da escalada. Se as ressolas continuam bombando\u2026","rel":"","context":"Em &quot;Escalada&quot;","block_context":{"text":"Escalada","link":"https:\/\/yuri.com.br\/claudio\/category\/escalada\/"},"img":{"alt_text":"","src":"","width":0,"height":0},"classes":[]},{"id":5726,"url":"https:\/\/yuri.com.br\/claudio\/2013\/09\/05\/jardim-japones-aranha\/","url_meta":{"origin":5888,"position":1},"title":"Jardim Japon\u00eas @ Aranha","author":"claudio","date":"5\/set\/2013","format":false,"excerpt":"A temporada j\u00e1 vem dando sinais de quentura e chuva, mas deu tempo de voltar ao Aranha esses dias para uma session descontra\u00edda. Os \u00faltimos trampos foram no sub-setor entitulado \"Jardim Japon\u00eas\", no caminho para a fal\u00e9sia, e foi pra l\u00e1 que fomos matar a saudade. Abrimos o Story of\u2026","rel":"","context":"Em &quot;Escalada&quot;","block_context":{"text":"Escalada","link":"https:\/\/yuri.com.br\/claudio\/category\/escalada\/"},"img":{"alt_text":"","src":"https:\/\/i0.wp.com\/yuri.com.br\/claudio\/wp-content\/uploads\/2013\/09\/aranha_mobytrick_lello_web.jpg?resize=350%2C200&ssl=1","width":350,"height":200,"srcset":"https:\/\/i0.wp.com\/yuri.com.br\/claudio\/wp-content\/uploads\/2013\/09\/aranha_mobytrick_lello_web.jpg?resize=350%2C200&ssl=1 1x, https:\/\/i0.wp.com\/yuri.com.br\/claudio\/wp-content\/uploads\/2013\/09\/aranha_mobytrick_lello_web.jpg?resize=525%2C300&ssl=1 1.5x, https:\/\/i0.wp.com\/yuri.com.br\/claudio\/wp-content\/uploads\/2013\/09\/aranha_mobytrick_lello_web.jpg?resize=700%2C400&ssl=1 2x, https:\/\/i0.wp.com\/yuri.com.br\/claudio\/wp-content\/uploads\/2013\/09\/aranha_mobytrick_lello_web.jpg?resize=1050%2C600&ssl=1 3x"},"classes":[]},{"id":4868,"url":"https:\/\/yuri.com.br\/claudio\/2013\/04\/22\/rubinho\/","url_meta":{"origin":5888,"position":2},"title":"Rubinho?","author":"claudio","date":"22\/abr\/2013","format":false,"excerpt":"*Atualiza\u00e7\u00e3o: esta linha foi batizada em homenagem ao grande escalador e pessoa F\u00e1bio Muniz, que faleceu este ano em (mais) um acidente de bicicleta no RJ. Desde ent\u00e3o vinha procurando uma linha nova que merecesse a refer\u00eancia, essa da\u00ed possui movimenta\u00e7\u00e3o bem t\u00e9cnica, aqueles drop-knees caracter\u00edsticos dele... e um final\u2026","rel":"","context":"Em &quot;Escalada&quot;","block_context":{"text":"Escalada","link":"https:\/\/yuri.com.br\/claudio\/category\/escalada\/"},"img":{"alt_text":"","src":"https:\/\/i0.wp.com\/yuri.com.br\/claudio\/wp-content\/uploads\/2013\/04\/rubinho_babaleia_blocosuper.jpg?resize=350%2C200&ssl=1","width":350,"height":200,"srcset":"https:\/\/i0.wp.com\/yuri.com.br\/claudio\/wp-content\/uploads\/2013\/04\/rubinho_babaleia_blocosuper.jpg?resize=350%2C200&ssl=1 1x, https:\/\/i0.wp.com\/yuri.com.br\/claudio\/wp-content\/uploads\/2013\/04\/rubinho_babaleia_blocosuper.jpg?resize=525%2C300&ssl=1 1.5x, https:\/\/i0.wp.com\/yuri.com.br\/claudio\/wp-content\/uploads\/2013\/04\/rubinho_babaleia_blocosuper.jpg?resize=700%2C400&ssl=1 2x"},"classes":[]},{"id":5554,"url":"https:\/\/yuri.com.br\/claudio\/2013\/08\/09\/bbloc\/","url_meta":{"origin":5888,"position":3},"title":"BBLOC","author":"claudio","date":"9\/ago\/2013","format":false,"excerpt":"Acho que toda a comunidade escaladora est\u00e1 sabendo, mas n\u00e3o custa refor\u00e7ar o coro: est\u00e1 aberto o BBLOC aqui em S\u00e3o Bento do Sapuca\u00ed, dos s\u00f3cios Bel\u00ea\/N\u00edvea e Marcos, com uma incr\u00edvel cave cheia de placas curvas (ondas), tem at\u00e9 um arco pra galera se torturar, al\u00e9m de muros de\u2026","rel":"","context":"Em &quot;Escalada&quot;","block_context":{"text":"Escalada","link":"https:\/\/yuri.com.br\/claudio\/category\/escalada\/"},"img":{"alt_text":"","src":"","width":0,"height":0},"classes":[]},{"id":5255,"url":"https:\/\/yuri.com.br\/claudio\/2013\/06\/04\/pra-variar\/","url_meta":{"origin":5888,"position":4},"title":"Pra variar&#8230;","author":"claudio","date":"4\/jun\/2013","format":false,"excerpt":"Mais fotos do setor Rubinho: Edu Belis\u00e1rio mandando o cl\u00e1ssico Buracos (V4? Depende da sua estatura!), foto tirada no topo do projeto Medusa, com o bloco do Rollerblade acima e a galera sentada no bloco do Fontainebinho. D\u00e1 pra ter uma no\u00e7\u00e3o da proximidade entre os boulders. Camila Ferreira mandando\u2026","rel":"","context":"Em &quot;Escalada&quot;","block_context":{"text":"Escalada","link":"https:\/\/yuri.com.br\/claudio\/category\/escalada\/"},"img":{"alt_text":"","src":"https:\/\/i0.wp.com\/yuri.com.br\/claudio\/wp-content\/uploads\/2013\/06\/rubinho_edubelisario_buracos.jpg?resize=350%2C200&ssl=1","width":350,"height":200},"classes":[]},{"id":6420,"url":"https:\/\/yuri.com.br\/claudio\/2014\/01\/07\/aviso-de-utilidade-publica\/","url_meta":{"origin":5888,"position":5},"title":"Aviso de utilidade p\u00fablica&#8230;","author":"claudio","date":"7\/jan\/2014","format":false,"excerpt":"Aten\u00e7\u00e3o passageiros do v\u00f4o das 4:20 com destino \u00e0 Jamaica: tem rolado geral da pol\u00edcia na sa\u00edda de setor de escalada, fiquem espertos! Lembrando que existe a ronda da ambiental regularmente nos finais de semana: sempre vejo a viatura passar na frente de casa e dar o rol\u00ea completo aqui\u2026","rel":"","context":"Em &quot;Escalada&quot;","block_context":{"text":"Escalada","link":"https:\/\/yuri.com.br\/claudio\/category\/escalada\/"},"img":{"alt_text":"","src":"https:\/\/i0.wp.com\/yuri.com.br\/claudio\/wp-content\/uploads\/2014\/01\/cops.gif?resize=350%2C200&ssl=1","width":350,"height":200},"classes":[]}],"_links":{"self":[{"href":"https:\/\/yuri.com.br\/claudio\/wp-json\/wp\/v2\/posts\/5888","targetHints":{"allow":["GET"]}}],"collection":[{"href":"https:\/\/yuri.com.br\/claudio\/wp-json\/wp\/v2\/posts"}],"about":[{"href":"https:\/\/yuri.com.br\/claudio\/wp-json\/wp\/v2\/types\/post"}],"author":[{"embeddable":true,"href":"https:\/\/yuri.com.br\/claudio\/wp-json\/wp\/v2\/users\/2"}],"replies":[{"embeddable":true,"href":"https:\/\/yuri.com.br\/claudio\/wp-json\/wp\/v2\/comments?post=5888"}],"version-history":[{"count":0,"href":"https:\/\/yuri.com.br\/claudio\/wp-json\/wp\/v2\/posts\/5888\/revisions"}],"wp:featuredmedia":[{"embeddable":true,"href":"https:\/\/yuri.com.br\/claudio\/wp-json\/wp\/v2\/media\/5889"}],"wp:attachment":[{"href":"https:\/\/yuri.com.br\/claudio\/wp-json\/wp\/v2\/media?parent=5888"}],"wp:term":[{"taxonomy":"category","embeddable":true,"href":"https:\/\/yuri.com.br\/claudio\/wp-json\/wp\/v2\/categories?post=5888"},{"taxonomy":"post_tag","embeddable":true,"href":"https:\/\/yuri.com.br\/claudio\/wp-json\/wp\/v2\/tags?post=5888"}],"curies":[{"name":"wp","href":"https:\/\/api.w.org\/{rel}","templated":true}]}}