{"id":5854,"date":"2013-10-14T12:59:01","date_gmt":"2013-10-14T12:59:01","guid":{"rendered":"http:\/\/claudiobr.wordpress.com\/?p=5854"},"modified":"2014-01-23T18:14:35","modified_gmt":"2014-01-23T18:14:35","slug":"video-sos-sapatilha","status":"publish","type":"post","link":"https:\/\/yuri.com.br\/claudio\/2013\/10\/14\/video-sos-sapatilha\/","title":{"rendered":"V\u00eddeo: SOS Sapatilha"},"content":{"rendered":"<p>Conforme prometido, aqui vai o curta a respeito da SOS Sapatilha. Procurei ilustrar nestes 9 minutos um pouco da hist\u00f3ria e evolu\u00e7\u00e3o deste servi\u00e7o que o Bel\u00ea iniciou ainda nos anos 90, prim\u00f3rdios da sua sonhada trajet\u00f3ria e hoje realidade, que \u00e9 viver da escalada. Se as ressolas continuam bombando at\u00e9 hoje, s\u00f3 pode ser sinal de compet\u00eancia&#8230;<\/p>\n<p style=\"text-align: center;\"><div class=\"nv-iframe-embed\"><div class=\"embed-vimeo\" style=\"text-align: center;\"><iframe loading=\"lazy\" src=\"https:\/\/player.vimeo.com\/video\/76486229\" width=\"700\" height=\"394\" frameborder=\"0\" webkitallowfullscreen mozallowfullscreen allowfullscreen><\/iframe><\/div><\/div>\n<p>Confesso que antes de vir para S\u00e3o Bento eu n\u00e3o conhecia o perfeccionismo do Bel\u00ea assim, de perto. \u00c9 do tipo que n\u00e3o aguenta ver nada &#8220;meia boca&#8221; que ele vai l\u00e1 e melhora, n\u00e3o deixa pra depois. Transparece em tudo o que faz, pois vem da personalidade. Um exemplo recente foi quando ele veio com essa ideia maluca de fazer uma r\u00e9plica da Pedra do Ba\u00fa l\u00e1 no BBLOC, uma mega escultura de fibra, algo que s\u00f3 se v\u00ea em (alguns) gin\u00e1sios gringos. Por essas e outras que eu procurei ressaltar no v\u00eddeo a sua habilidade manual, destacando o valor artesanal de uma ressola, algo que eu confesso ter sido ignorante at\u00e9 ent\u00e3o, com meus olhos utilit\u00e1rios de cliente.<\/p>\n<p>Por fim, h\u00e1 o complemento de uma linha recente l\u00e1 no Rubinho, batizada de Bator\u00e9, com grau sugerido em V9. H\u00e1 um movimento incr\u00edvel ali que envolve o entalamento das costas das m\u00e3os, na juntada do buraco inicial (t\u00e3o singular que inspirou o nome do boulder). Apesar da presen\u00e7a de agarras perfeitas naquela face, \u00e9 a inclina\u00e7\u00e3o (deve chegar a 45 graus) que complica as passadas. Mais um boulder pra enriquecer o seleto grupo &#8220;five stars&#8221; da regi\u00e3o&#8230;<\/p>\n","protected":false},"excerpt":{"rendered":"<p>Conforme prometido, aqui vai o curta a respeito da SOS Sapatilha. Procurei ilustrar nestes 9 minutos um pouco da hist\u00f3ria e evolu\u00e7\u00e3o deste servi\u00e7o que o Bel\u00ea iniciou ainda nos anos 90, prim\u00f3rdios da sua sonhada trajet\u00f3ria e hoje realidade, que \u00e9 viver da escalada. Se as ressolas continuam bombando at\u00e9 hoje, s\u00f3 pode ser&hellip;&nbsp;<a href=\"https:\/\/yuri.com.br\/claudio\/2013\/10\/14\/video-sos-sapatilha\/\" rel=\"bookmark\">Continue a ler &raquo;<span class=\"screen-reader-text\">V\u00eddeo: SOS Sapatilha<\/span><\/a><\/p>\n","protected":false},"author":2,"featured_media":0,"comment_status":"open","ping_status":"open","sticky":false,"template":"","format":"standard","meta":{"neve_meta_sidebar":"","neve_meta_container":"","neve_meta_enable_content_width":"","neve_meta_content_width":0,"neve_meta_title_alignment":"","neve_meta_author_avatar":"","neve_post_elements_order":"","neve_meta_disable_header":"","neve_meta_disable_footer":"","neve_meta_disable_title":"","jetpack_post_was_ever_published":false,"_jetpack_newsletter_access":"","_jetpack_dont_email_post_to_subs":false,"_jetpack_newsletter_tier_id":0,"_jetpack_memberships_contains_paywalled_content":false,"_jetpack_memberships_contains_paid_content":false,"footnotes":"","jetpack_publicize_message":"","jetpack_publicize_feature_enabled":true,"jetpack_social_post_already_shared":false,"jetpack_social_options":{"image_generator_settings":{"template":"highway","default_image_id":0,"font":"","enabled":false},"version":2}},"categories":[3],"tags":[],"class_list":["post-5854","post","type-post","status-publish","format-standard","hentry","category-escalada"],"jetpack_publicize_connections":[],"jetpack_featured_media_url":"","jetpack_shortlink":"https:\/\/wp.me\/p4i7cB-1wq","jetpack_sharing_enabled":true,"jetpack-related-posts":[{"id":5838,"url":"https:\/\/yuri.com.br\/claudio\/2013\/10\/07\/coming-soon-sos-sapatilha\/","url_meta":{"origin":5854,"position":0},"title":"Coming soon: SOS Sapatilha","author":"claudio","date":"7\/out\/2013","format":false,"excerpt":"Na ilha de edi\u00e7\u00e3o neste momento, o pr\u00f3ximo curta que vai mostrar um pouco da hist\u00f3ria da SOS Sapatilha do mestre Bel\u00ea, incluindo dicas pra galera e o FA do nov\u00edssimo \"Bator\u00e9\" no 45 graus l\u00e1 do Rubinho. Aguardem... em breve! \u00a0","rel":"","context":"Em &quot;Escalada&quot;","block_context":{"text":"Escalada","link":"https:\/\/yuri.com.br\/claudio\/category\/escalada\/"},"img":{"alt_text":"","src":"https:\/\/i0.wp.com\/yuri.com.br\/claudio\/wp-content\/uploads\/2013\/10\/screenshot.jpg?resize=350%2C200&ssl=1","width":350,"height":200,"srcset":"https:\/\/i0.wp.com\/yuri.com.br\/claudio\/wp-content\/uploads\/2013\/10\/screenshot.jpg?resize=350%2C200&ssl=1 1x, https:\/\/i0.wp.com\/yuri.com.br\/claudio\/wp-content\/uploads\/2013\/10\/screenshot.jpg?resize=525%2C300&ssl=1 1.5x, https:\/\/i0.wp.com\/yuri.com.br\/claudio\/wp-content\/uploads\/2013\/10\/screenshot.jpg?resize=700%2C400&ssl=1 2x"},"classes":[]},{"id":7649,"url":"https:\/\/yuri.com.br\/claudio\/2014\/05\/06\/rodrigo-nunes-batore-v9-rubinho\/","url_meta":{"origin":5854,"position":1},"title":"Rodrigo Nunes @ Bator\u00e9 V9 (Rubinho)","author":"Cl\u00e1udio Brisighello","date":"6\/maio\/2014","format":false,"excerpt":"E o Rodrigo levou pra casa uma \"belezura\" l\u00e1 do Rubinho, o Bator\u00e9 V9. Uma coisa eu aprendi com essa cadena: quando as coisas parecem ruins, de repente tudo pode mudar e te surpreender... Essa perspectiva, que evidencia bem a inclina\u00e7\u00e3o da linha, \u00e9 dif\u00edcil de compor sem luz artificial.\u2026","rel":"","context":"Em &quot;Escalada&quot;","block_context":{"text":"Escalada","link":"https:\/\/yuri.com.br\/claudio\/category\/escalada\/"},"img":{"alt_text":"","src":"https:\/\/i0.wp.com\/yuri.com.br\/claudio\/wp-content\/uploads\/2013\/05\/Rubinho_Batore_RNunes.jpg?resize=350%2C200&ssl=1","width":350,"height":200,"srcset":"https:\/\/i0.wp.com\/yuri.com.br\/claudio\/wp-content\/uploads\/2013\/05\/Rubinho_Batore_RNunes.jpg?resize=350%2C200&ssl=1 1x, https:\/\/i0.wp.com\/yuri.com.br\/claudio\/wp-content\/uploads\/2013\/05\/Rubinho_Batore_RNunes.jpg?resize=525%2C300&ssl=1 1.5x, https:\/\/i0.wp.com\/yuri.com.br\/claudio\/wp-content\/uploads\/2013\/05\/Rubinho_Batore_RNunes.jpg?resize=700%2C400&ssl=1 2x, https:\/\/i0.wp.com\/yuri.com.br\/claudio\/wp-content\/uploads\/2013\/05\/Rubinho_Batore_RNunes.jpg?resize=1050%2C600&ssl=1 3x"},"classes":[]},{"id":6039,"url":"https:\/\/yuri.com.br\/claudio\/2013\/11\/05\/torresmo-na-veia-e-climb-no-coracao\/","url_meta":{"origin":5854,"position":2},"title":"Torresmo na veia e climb no cora\u00e7\u00e3o","author":"claudio","date":"5\/nov\/2013","format":false,"excerpt":"Quando percebo que minhas roc-trips visam mais botequins do que pedras, ser\u00e1 que sou mais butequeiro do que escalador? Os vegetarianos que me desculpem pela foto \"x-rated\", mas o beta da vez vai pra esse que \u00e9 o melhor torresmo do ano, cujo corte especial inclui suculentos nacos de carne\u2026","rel":"","context":"Em &quot;'Baixa' Gastronomia&quot;","block_context":{"text":"'Baixa' Gastronomia","link":"https:\/\/yuri.com.br\/claudio\/category\/baixa-gastronomia\/"},"img":{"alt_text":"","src":"https:\/\/i0.wp.com\/yuri.com.br\/claudio\/wp-content\/uploads\/2013\/11\/bardamaria_torresmo.jpg?resize=350%2C200&ssl=1","width":350,"height":200,"srcset":"https:\/\/i0.wp.com\/yuri.com.br\/claudio\/wp-content\/uploads\/2013\/11\/bardamaria_torresmo.jpg?resize=350%2C200&ssl=1 1x, https:\/\/i0.wp.com\/yuri.com.br\/claudio\/wp-content\/uploads\/2013\/11\/bardamaria_torresmo.jpg?resize=525%2C300&ssl=1 1.5x, https:\/\/i0.wp.com\/yuri.com.br\/claudio\/wp-content\/uploads\/2013\/11\/bardamaria_torresmo.jpg?resize=700%2C400&ssl=1 2x"},"classes":[]},{"id":4537,"url":"https:\/\/yuri.com.br\/claudio\/2013\/02\/01\/five-ten-team-brasil\/","url_meta":{"origin":5854,"position":3},"title":"FIVE TEN Team Brasil","author":"claudio","date":"1\/fev\/2013","format":false,"excerpt":"A equipe est\u00e1 crescendo e l\u00e1 fui eu fazer mais fotos. Lembra da japinha no campeonato brasileiro? Olha ela a\u00ed, seu nome \u00e9 Bruna. S\u00f3 este reconhecimento\/incentivo a ela j\u00e1 justificaria a escolha de minha pr\u00f3xima sapatilha. Fica a dica: Dragon (sim, aquela que vc v\u00ea pisando em mto V14\u2026","rel":"","context":"Em &quot;Escalada&quot;","block_context":{"text":"Escalada","link":"https:\/\/yuri.com.br\/claudio\/category\/escalada\/"},"img":{"alt_text":"","src":"https:\/\/i0.wp.com\/yuri.com.br\/claudio\/wp-content\/uploads\/2013\/02\/teambrasil_squarecrop.jpg?resize=350%2C200&ssl=1","width":350,"height":200,"srcset":"https:\/\/i0.wp.com\/yuri.com.br\/claudio\/wp-content\/uploads\/2013\/02\/teambrasil_squarecrop.jpg?resize=350%2C200&ssl=1 1x, https:\/\/i0.wp.com\/yuri.com.br\/claudio\/wp-content\/uploads\/2013\/02\/teambrasil_squarecrop.jpg?resize=525%2C300&ssl=1 1.5x, https:\/\/i0.wp.com\/yuri.com.br\/claudio\/wp-content\/uploads\/2013\/02\/teambrasil_squarecrop.jpg?resize=700%2C400&ssl=1 2x"},"classes":[]},{"id":3411,"url":"https:\/\/yuri.com.br\/claudio\/2012\/02\/12\/new-pads-in-tha-house\/","url_meta":{"origin":5854,"position":4},"title":"New pads in tha house","author":"claudio","date":"12\/fev\/2012","format":false,"excerpt":"N\u00e3o \u00e9 porque o fabricante mora aqui perto e escala mto, mas hoje sou um feliz detentor de um belepad! E quem est\u00e1 falando isso \u00e9 tbem dono de um BD Mondo, eu tenho uma certa no\u00e7\u00e3o pra dizer que os crashs do Bel\u00ea s\u00e3o de n\u00edvel mundial: costuras bem\u2026","rel":"","context":"Em &quot;Escalada&quot;","block_context":{"text":"Escalada","link":"https:\/\/yuri.com.br\/claudio\/category\/escalada\/"},"img":{"alt_text":"","src":"https:\/\/i0.wp.com\/yuri.com.br\/claudio\/wp-content\/uploads\/2012\/02\/belepad_fivela.jpg?resize=350%2C200","width":350,"height":200,"srcset":"https:\/\/i0.wp.com\/yuri.com.br\/claudio\/wp-content\/uploads\/2012\/02\/belepad_fivela.jpg?resize=350%2C200 1x, https:\/\/i0.wp.com\/yuri.com.br\/claudio\/wp-content\/uploads\/2012\/02\/belepad_fivela.jpg?resize=525%2C300 1.5x, https:\/\/i0.wp.com\/yuri.com.br\/claudio\/wp-content\/uploads\/2012\/02\/belepad_fivela.jpg?resize=700%2C400 2x"},"classes":[]},{"id":5652,"url":"https:\/\/yuri.com.br\/claudio\/2013\/08\/28\/fofocas-nu\/","url_meta":{"origin":5854,"position":5},"title":"Fofocas.nu","author":"claudio","date":"28\/ago\/2013","format":false,"excerpt":"N\u00e3o sou de ficar enaltecendo n\u00fameros por aqui, mas como as not\u00edcias s\u00e3o quent\u00edssimas da regi\u00e3o e essa galera abaixo \u00e9 low profile (n\u00e3o faz marketing de cadena), vou puxar um saco com sinceridade agora: - Mestre Bel\u00ea, vulgo Andr\u00e9 Berezoski, tornou hoje o Medusa V12 uma realidade. Quem viu\u2026","rel":"","context":"Em &quot;Escalada&quot;","block_context":{"text":"Escalada","link":"https:\/\/yuri.com.br\/claudio\/category\/escalada\/"},"img":{"alt_text":"","src":"","width":0,"height":0},"classes":[]}],"_links":{"self":[{"href":"https:\/\/yuri.com.br\/claudio\/wp-json\/wp\/v2\/posts\/5854","targetHints":{"allow":["GET"]}}],"collection":[{"href":"https:\/\/yuri.com.br\/claudio\/wp-json\/wp\/v2\/posts"}],"about":[{"href":"https:\/\/yuri.com.br\/claudio\/wp-json\/wp\/v2\/types\/post"}],"author":[{"embeddable":true,"href":"https:\/\/yuri.com.br\/claudio\/wp-json\/wp\/v2\/users\/2"}],"replies":[{"embeddable":true,"href":"https:\/\/yuri.com.br\/claudio\/wp-json\/wp\/v2\/comments?post=5854"}],"version-history":[{"count":3,"href":"https:\/\/yuri.com.br\/claudio\/wp-json\/wp\/v2\/posts\/5854\/revisions"}],"predecessor-version":[{"id":7010,"href":"https:\/\/yuri.com.br\/claudio\/wp-json\/wp\/v2\/posts\/5854\/revisions\/7010"}],"wp:attachment":[{"href":"https:\/\/yuri.com.br\/claudio\/wp-json\/wp\/v2\/media?parent=5854"}],"wp:term":[{"taxonomy":"category","embeddable":true,"href":"https:\/\/yuri.com.br\/claudio\/wp-json\/wp\/v2\/categories?post=5854"},{"taxonomy":"post_tag","embeddable":true,"href":"https:\/\/yuri.com.br\/claudio\/wp-json\/wp\/v2\/tags?post=5854"}],"curies":[{"name":"wp","href":"https:\/\/api.w.org\/{rel}","templated":true}]}}