{"id":5838,"date":"2013-10-07T15:57:45","date_gmt":"2013-10-07T15:57:45","guid":{"rendered":"http:\/\/claudiobr.wordpress.com\/?p=5838"},"modified":"2013-10-07T15:57:45","modified_gmt":"2013-10-07T15:57:45","slug":"coming-soon-sos-sapatilha","status":"publish","type":"post","link":"https:\/\/yuri.com.br\/claudio\/2013\/10\/07\/coming-soon-sos-sapatilha\/","title":{"rendered":"Coming soon: SOS Sapatilha"},"content":{"rendered":"<p>Na ilha de edi\u00e7\u00e3o neste momento, o pr\u00f3ximo curta que vai mostrar um pouco da hist\u00f3ria da SOS Sapatilha do mestre Bel\u00ea, incluindo dicas pra galera e o FA do nov\u00edssimo &#8220;Bator\u00e9&#8221; no 45 graus l\u00e1 do Rubinho. Aguardem&#8230; em breve!<\/p>\n<p><img loading=\"lazy\" decoding=\"async\" data-attachment-id=\"5839\" data-permalink=\"https:\/\/yuri.com.br\/claudio\/2013\/10\/07\/coming-soon-sos-sapatilha\/screenshot-3\/\" data-orig-file=\"https:\/\/yuri.com.br\/claudio\/wp-content\/uploads\/2013\/10\/screenshot.jpg\" data-orig-size=\"700,451\" data-comments-opened=\"1\" data-image-meta=\"{&quot;aperture&quot;:&quot;0&quot;,&quot;credit&quot;:&quot;&quot;,&quot;camera&quot;:&quot;&quot;,&quot;caption&quot;:&quot;&quot;,&quot;created_timestamp&quot;:&quot;0&quot;,&quot;copyright&quot;:&quot;&quot;,&quot;focal_length&quot;:&quot;0&quot;,&quot;iso&quot;:&quot;0&quot;,&quot;shutter_speed&quot;:&quot;0&quot;,&quot;title&quot;:&quot;&quot;}\" data-image-title=\"Portfolio 1\" data-image-description=\"\" data-image-caption=\"\" data-medium-file=\"https:\/\/yuri.com.br\/claudio\/wp-content\/uploads\/2013\/10\/screenshot-300x193.jpg\" data-large-file=\"https:\/\/yuri.com.br\/claudio\/wp-content\/uploads\/2013\/10\/screenshot.jpg\" class=\"aligncenter size-full wp-image-5839\" alt=\"screenshot\" src=\"http:\/\/yuri.com.br\/claudio\/wp-content\/uploads\/2013\/10\/screenshot.jpg\" width=\"700\" height=\"451\" srcset=\"https:\/\/yuri.com.br\/claudio\/wp-content\/uploads\/2013\/10\/screenshot.jpg 700w, https:\/\/yuri.com.br\/claudio\/wp-content\/uploads\/2013\/10\/screenshot-300x193.jpg 300w, https:\/\/yuri.com.br\/claudio\/wp-content\/uploads\/2013\/10\/screenshot-210x135.jpg 210w\" sizes=\"auto, (max-width: 700px) 100vw, 700px\" \/><\/p>\n<p>&nbsp;<\/p>\n","protected":false},"excerpt":{"rendered":"<p>Na ilha de edi\u00e7\u00e3o neste momento, o pr\u00f3ximo curta que vai mostrar um pouco da hist\u00f3ria da SOS Sapatilha do mestre Bel\u00ea, incluindo dicas pra galera e o FA do nov\u00edssimo &#8220;Bator\u00e9&#8221; no 45 graus l\u00e1 do Rubinho. Aguardem&#8230; em breve! &nbsp;<\/p>\n","protected":false},"author":2,"featured_media":5839,"comment_status":"open","ping_status":"open","sticky":false,"template":"","format":"standard","meta":{"neve_meta_sidebar":"","neve_meta_container":"","neve_meta_enable_content_width":"","neve_meta_content_width":0,"neve_meta_title_alignment":"","neve_meta_author_avatar":"","neve_post_elements_order":"","neve_meta_disable_header":"","neve_meta_disable_footer":"","neve_meta_disable_title":"","jetpack_post_was_ever_published":false,"_jetpack_newsletter_access":"","_jetpack_dont_email_post_to_subs":false,"_jetpack_newsletter_tier_id":0,"_jetpack_memberships_contains_paywalled_content":false,"_jetpack_memberships_contains_paid_content":false,"footnotes":"","jetpack_publicize_message":"","jetpack_publicize_feature_enabled":true,"jetpack_social_post_already_shared":false,"jetpack_social_options":{"image_generator_settings":{"template":"highway","default_image_id":0,"font":"","enabled":false},"version":2}},"categories":[3],"tags":[],"class_list":["post-5838","post","type-post","status-publish","format-standard","has-post-thumbnail","hentry","category-escalada"],"jetpack_publicize_connections":[],"jetpack_featured_media_url":"https:\/\/yuri.com.br\/claudio\/wp-content\/uploads\/2013\/10\/screenshot.jpg","jetpack_shortlink":"https:\/\/wp.me\/p4i7cB-1wa","jetpack_sharing_enabled":true,"jetpack-related-posts":[{"id":5854,"url":"https:\/\/yuri.com.br\/claudio\/2013\/10\/14\/video-sos-sapatilha\/","url_meta":{"origin":5838,"position":0},"title":"V\u00eddeo: SOS Sapatilha","author":"claudio","date":"14\/out\/2013","format":false,"excerpt":"Conforme prometido, aqui vai o curta a respeito da SOS Sapatilha. Procurei ilustrar nestes 9 minutos um pouco da hist\u00f3ria e evolu\u00e7\u00e3o deste servi\u00e7o que o Bel\u00ea iniciou ainda nos anos 90, prim\u00f3rdios da sua sonhada trajet\u00f3ria e hoje realidade, que \u00e9 viver da escalada. Se as ressolas continuam bombando\u2026","rel":"","context":"Em &quot;Escalada&quot;","block_context":{"text":"Escalada","link":"https:\/\/yuri.com.br\/claudio\/category\/escalada\/"},"img":{"alt_text":"","src":"","width":0,"height":0},"classes":[]},{"id":7649,"url":"https:\/\/yuri.com.br\/claudio\/2014\/05\/06\/rodrigo-nunes-batore-v9-rubinho\/","url_meta":{"origin":5838,"position":1},"title":"Rodrigo Nunes @ Bator\u00e9 V9 (Rubinho)","author":"Cl\u00e1udio Brisighello","date":"6\/maio\/2014","format":false,"excerpt":"E o Rodrigo levou pra casa uma \"belezura\" l\u00e1 do Rubinho, o Bator\u00e9 V9. Uma coisa eu aprendi com essa cadena: quando as coisas parecem ruins, de repente tudo pode mudar e te surpreender... Essa perspectiva, que evidencia bem a inclina\u00e7\u00e3o da linha, \u00e9 dif\u00edcil de compor sem luz artificial.\u2026","rel":"","context":"Em &quot;Escalada&quot;","block_context":{"text":"Escalada","link":"https:\/\/yuri.com.br\/claudio\/category\/escalada\/"},"img":{"alt_text":"","src":"https:\/\/i0.wp.com\/yuri.com.br\/claudio\/wp-content\/uploads\/2013\/05\/Rubinho_Batore_RNunes.jpg?resize=350%2C200&ssl=1","width":350,"height":200,"srcset":"https:\/\/i0.wp.com\/yuri.com.br\/claudio\/wp-content\/uploads\/2013\/05\/Rubinho_Batore_RNunes.jpg?resize=350%2C200&ssl=1 1x, https:\/\/i0.wp.com\/yuri.com.br\/claudio\/wp-content\/uploads\/2013\/05\/Rubinho_Batore_RNunes.jpg?resize=525%2C300&ssl=1 1.5x, https:\/\/i0.wp.com\/yuri.com.br\/claudio\/wp-content\/uploads\/2013\/05\/Rubinho_Batore_RNunes.jpg?resize=700%2C400&ssl=1 2x, https:\/\/i0.wp.com\/yuri.com.br\/claudio\/wp-content\/uploads\/2013\/05\/Rubinho_Batore_RNunes.jpg?resize=1050%2C600&ssl=1 3x"},"classes":[]},{"id":5965,"url":"https:\/\/yuri.com.br\/claudio\/2013\/10\/21\/o-lindo-batore\/","url_meta":{"origin":5838,"position":2},"title":"O lindo Bator\u00e9","author":"claudio","date":"21\/out\/2013","format":false,"excerpt":"O Bator\u00e9 (comediante) pode ser feio pacas, mas o boulder \u00e9 lindo! Pra justificar, aqui vai uma demonstra\u00e7\u00e3o do crux by Diego Correa, que trouxe a sua press\u00e3o \"made in Graja\u00fa\" e botou o V9 no bolso. Clique para ampliar... E n\u00e3o resisti em registrar uma lembrancinha familiar com a\u2026","rel":"","context":"Em &quot;Escalada&quot;","block_context":{"text":"Escalada","link":"https:\/\/yuri.com.br\/claudio\/category\/escalada\/"},"img":{"alt_text":"","src":"https:\/\/i0.wp.com\/yuri.com.br\/claudio\/wp-content\/uploads\/2013\/10\/rubinho_batore_diego.jpg?resize=350%2C200&ssl=1","width":350,"height":200,"srcset":"https:\/\/i0.wp.com\/yuri.com.br\/claudio\/wp-content\/uploads\/2013\/10\/rubinho_batore_diego.jpg?resize=350%2C200&ssl=1 1x, https:\/\/i0.wp.com\/yuri.com.br\/claudio\/wp-content\/uploads\/2013\/10\/rubinho_batore_diego.jpg?resize=525%2C300&ssl=1 1.5x, https:\/\/i0.wp.com\/yuri.com.br\/claudio\/wp-content\/uploads\/2013\/10\/rubinho_batore_diego.jpg?resize=700%2C400&ssl=1 2x, https:\/\/i0.wp.com\/yuri.com.br\/claudio\/wp-content\/uploads\/2013\/10\/rubinho_batore_diego.jpg?resize=1050%2C600&ssl=1 3x"},"classes":[]},{"id":7642,"url":"https:\/\/yuri.com.br\/claudio\/2014\/04\/30\/rubinho-v2-0\/","url_meta":{"origin":5838,"position":3},"title":"Rubinho v2.0","author":"Cl\u00e1udio Brisighello","date":"30\/abr\/2014","format":false,"excerpt":"Segunda edi\u00e7\u00e3o do croqui, t\u00e1 l\u00e1 no blog do Sumba! Algumas faces imperd\u00edveis entraram nesta edi\u00e7\u00e3o, como o 45 graus da entrada (Bator\u00e9\/Vera Ver\u00e3o) e os blocos do Sr. Juca (Tumulus Nimbus). E o \"grip\" do frio finalmente chegou! Hora de diminuir os trampos e treinos... e dar a cara\u2026","rel":"","context":"Em &quot;Escalada&quot;","block_context":{"text":"Escalada","link":"https:\/\/yuri.com.br\/claudio\/category\/escalada\/"},"img":{"alt_text":"","src":"https:\/\/i0.wp.com\/yuri.com.br\/claudio\/wp-content\/uploads\/2014\/04\/Croqui700.jpg?resize=350%2C200&ssl=1","width":350,"height":200,"srcset":"https:\/\/i0.wp.com\/yuri.com.br\/claudio\/wp-content\/uploads\/2014\/04\/Croqui700.jpg?resize=350%2C200&ssl=1 1x, https:\/\/i0.wp.com\/yuri.com.br\/claudio\/wp-content\/uploads\/2014\/04\/Croqui700.jpg?resize=525%2C300&ssl=1 1.5x, https:\/\/i0.wp.com\/yuri.com.br\/claudio\/wp-content\/uploads\/2014\/04\/Croqui700.jpg?resize=700%2C400&ssl=1 2x"},"classes":[]},{"id":4537,"url":"https:\/\/yuri.com.br\/claudio\/2013\/02\/01\/five-ten-team-brasil\/","url_meta":{"origin":5838,"position":4},"title":"FIVE TEN Team Brasil","author":"claudio","date":"1\/fev\/2013","format":false,"excerpt":"A equipe est\u00e1 crescendo e l\u00e1 fui eu fazer mais fotos. Lembra da japinha no campeonato brasileiro? Olha ela a\u00ed, seu nome \u00e9 Bruna. S\u00f3 este reconhecimento\/incentivo a ela j\u00e1 justificaria a escolha de minha pr\u00f3xima sapatilha. Fica a dica: Dragon (sim, aquela que vc v\u00ea pisando em mto V14\u2026","rel":"","context":"Em &quot;Escalada&quot;","block_context":{"text":"Escalada","link":"https:\/\/yuri.com.br\/claudio\/category\/escalada\/"},"img":{"alt_text":"","src":"https:\/\/i0.wp.com\/yuri.com.br\/claudio\/wp-content\/uploads\/2013\/02\/teambrasil_squarecrop.jpg?resize=350%2C200&ssl=1","width":350,"height":200,"srcset":"https:\/\/i0.wp.com\/yuri.com.br\/claudio\/wp-content\/uploads\/2013\/02\/teambrasil_squarecrop.jpg?resize=350%2C200&ssl=1 1x, https:\/\/i0.wp.com\/yuri.com.br\/claudio\/wp-content\/uploads\/2013\/02\/teambrasil_squarecrop.jpg?resize=525%2C300&ssl=1 1.5x, https:\/\/i0.wp.com\/yuri.com.br\/claudio\/wp-content\/uploads\/2013\/02\/teambrasil_squarecrop.jpg?resize=700%2C400&ssl=1 2x"},"classes":[]},{"id":5255,"url":"https:\/\/yuri.com.br\/claudio\/2013\/06\/04\/pra-variar\/","url_meta":{"origin":5838,"position":5},"title":"Pra variar&#8230;","author":"claudio","date":"4\/jun\/2013","format":false,"excerpt":"Mais fotos do setor Rubinho: Edu Belis\u00e1rio mandando o cl\u00e1ssico Buracos (V4? Depende da sua estatura!), foto tirada no topo do projeto Medusa, com o bloco do Rollerblade acima e a galera sentada no bloco do Fontainebinho. D\u00e1 pra ter uma no\u00e7\u00e3o da proximidade entre os boulders. Camila Ferreira mandando\u2026","rel":"","context":"Em &quot;Escalada&quot;","block_context":{"text":"Escalada","link":"https:\/\/yuri.com.br\/claudio\/category\/escalada\/"},"img":{"alt_text":"","src":"https:\/\/i0.wp.com\/yuri.com.br\/claudio\/wp-content\/uploads\/2013\/06\/rubinho_edubelisario_buracos.jpg?resize=350%2C200&ssl=1","width":350,"height":200},"classes":[]}],"_links":{"self":[{"href":"https:\/\/yuri.com.br\/claudio\/wp-json\/wp\/v2\/posts\/5838","targetHints":{"allow":["GET"]}}],"collection":[{"href":"https:\/\/yuri.com.br\/claudio\/wp-json\/wp\/v2\/posts"}],"about":[{"href":"https:\/\/yuri.com.br\/claudio\/wp-json\/wp\/v2\/types\/post"}],"author":[{"embeddable":true,"href":"https:\/\/yuri.com.br\/claudio\/wp-json\/wp\/v2\/users\/2"}],"replies":[{"embeddable":true,"href":"https:\/\/yuri.com.br\/claudio\/wp-json\/wp\/v2\/comments?post=5838"}],"version-history":[{"count":0,"href":"https:\/\/yuri.com.br\/claudio\/wp-json\/wp\/v2\/posts\/5838\/revisions"}],"wp:featuredmedia":[{"embeddable":true,"href":"https:\/\/yuri.com.br\/claudio\/wp-json\/wp\/v2\/media\/5839"}],"wp:attachment":[{"href":"https:\/\/yuri.com.br\/claudio\/wp-json\/wp\/v2\/media?parent=5838"}],"wp:term":[{"taxonomy":"category","embeddable":true,"href":"https:\/\/yuri.com.br\/claudio\/wp-json\/wp\/v2\/categories?post=5838"},{"taxonomy":"post_tag","embeddable":true,"href":"https:\/\/yuri.com.br\/claudio\/wp-json\/wp\/v2\/tags?post=5838"}],"curies":[{"name":"wp","href":"https:\/\/api.w.org\/{rel}","templated":true}]}}